{"id":21239,"date":"2021-08-17T16:25:03","date_gmt":"2021-08-17T19:25:03","guid":{"rendered":"http:\/\/www.polisrecreio.com.br\/site\/?p=21239"},"modified":"2021-08-17T16:27:02","modified_gmt":"2021-08-17T19:27:02","slug":"jornada-do-patrimonio-cultural-de-minas-gerais-tera-participacao-de-recreio","status":"publish","type":"post","link":"https:\/\/www.polisrecreio.com.br\/site\/2021\/08\/17\/jornada-do-patrimonio-cultural-de-minas-gerais-tera-participacao-de-recreio\/","title":{"rendered":"Jornada do Patrim\u00f4nio Cultural de Minas Gerais ter\u00e1 participa\u00e7\u00e3o de Recreio"},"content":{"rendered":"<p style=\"text-align: justify;\">A 8\u00aa edi\u00e7\u00e3o da Jornada do Patrim\u00f4nio Cultural de Minas Gerais ter\u00e1 a participa\u00e7\u00e3o do munic\u00edpio de Recreio. O an\u00fancio foi feito neste dia 17 de agosto, data que \u00e9 comemorado o Dia Nacional do Patrim\u00f4nio Hist\u00f3rico.<\/p>\n<p><!--more--><\/p>\n<figure id=\"attachment_21240\" aria-describedby=\"caption-attachment-21240\" style=\"width: 750px\" class=\"wp-caption aligncenter\"><a href=\"http:\/\/www.polisrecreio.com.br\/site\/wp-content\/uploads\/2021\/08\/Vista-da-praca-1-1936.jpg\"><img loading=\"lazy\" class=\"size-full wp-image-21240\" src=\"http:\/\/www.polisrecreio.com.br\/site\/wp-content\/uploads\/2021\/08\/Vista-da-praca-1-1936.jpg\" alt=\"\" width=\"750\" height=\"500\" srcset=\"https:\/\/www.polisrecreio.com.br\/site\/wp-content\/uploads\/2021\/08\/Vista-da-praca-1-1936.jpg 750w, https:\/\/www.polisrecreio.com.br\/site\/wp-content\/uploads\/2021\/08\/Vista-da-praca-1-1936-300x200.jpg 300w\" sizes=\"(max-width: 750px) 100vw, 750px\" \/><\/a><figcaption id=\"caption-attachment-21240\" class=\"wp-caption-text\">Pra\u00e7a dos Ferrovi\u00e1rios. D\u00e9cada de 1930. Foto: Acervo Pedro Dorigo.<\/figcaption><\/figure>\n<p style=\"text-align: justify;\">Este ano, a Jornada apresenta o tema \u201cCaminhos do Patrim\u00f4nio: contemporaneidade e novos horizontes\u201d, em comemora\u00e7\u00e3o aos 50 anos do IEPHA-MG e aos 25 anos do ICMS Patrim\u00f4nio Cultural. Nesta edi\u00e7\u00e3o, a Jornada prop\u00f5e a\u00e7\u00f5es educativas e de difus\u00e3o do patrim\u00f4nio cultural que promovam reflex\u00f5es sobre a trajet\u00f3ria das pol\u00edticas p\u00fablicas do patrim\u00f4nio cultural, novos patrim\u00f4nios e novas tecnologias e lugares de mem\u00f3ria.<\/p>\n<p style=\"text-align: justify;\">A programa\u00e7\u00e3o de Recreio ainda n\u00e3o foi divulgada. A organiza\u00e7\u00e3o fica sob responsabilidade da Prefeitura Municipal, atrav\u00e9s da Secretaria Municipal de Educa\u00e7\u00e3o e Cultura, e o Conselho Municipal do Patrim\u00f4nio Cultural. Segundo informa\u00e7\u00f5es, a previs\u00e3o \u00e9 que aconte\u00e7a na \u00faltima semana de setembro.<\/p>\n<p><a href=\"http:\/\/www.polisrecreio.com.br\/site\/wp-content\/uploads\/2021\/08\/jornada.jpg\"><img loading=\"lazy\" class=\"aligncenter size-full wp-image-21241\" src=\"http:\/\/www.polisrecreio.com.br\/site\/wp-content\/uploads\/2021\/08\/jornada.jpg\" alt=\"\" width=\"748\" height=\"544\" srcset=\"https:\/\/www.polisrecreio.com.br\/site\/wp-content\/uploads\/2021\/08\/jornada.jpg 748w, https:\/\/www.polisrecreio.com.br\/site\/wp-content\/uploads\/2021\/08\/jornada-300x218.jpg 300w\" sizes=\"(max-width: 748px) 100vw, 748px\" \/><\/a><\/p>\n<p style=\"text-align: justify;\">As a\u00e7\u00f5es s\u00e3o avaliadas e tamb\u00e9m divulgadas pelo Governo de Minas e pelo IEPHA-MG. A participa\u00e7\u00e3o \u00e9 crit\u00e9rio de pontua\u00e7\u00e3o no ICMS Patrim\u00f4nio Cultural para repasse de recursos financeiros aos munic\u00edpios para atividades de fomento \u00e0 cultura.<\/p>\n<p style=\"text-align: justify;\">A Jornada de Minas Gerais foi criada em 2009, inspirada na experi\u00eancia francesa das Journ\u00e9es du Patrimoine.<\/p>\n<p>&nbsp;<\/p>\n<p>&nbsp;<\/p>\n","protected":false},"excerpt":{"rendered":"<p>A 8\u00aa edi\u00e7\u00e3o da Jornada do Patrim\u00f4nio Cultural de Minas Gerais ter\u00e1 a participa\u00e7\u00e3o do munic\u00edpio de Recreio. O an\u00fancio foi feito neste dia 17 de agosto, data que \u00e9 comemorado o Dia Nacional do Patrim\u00f4nio Hist\u00f3rico.<\/p>\n","protected":false},"author":3,"featured_media":0,"comment_status":"open","ping_status":"open","sticky":false,"template":"","format":"standard","meta":[],"categories":[2],"tags":[],"yoast_head":"<!-- This site is optimized with the Yoast SEO plugin v15.6.2 - https:\/\/yoast.com\/wordpress\/plugins\/seo\/ -->\n<meta name=\"robots\" content=\"index, follow, max-snippet:-1, max-image-preview:large, max-video-preview:-1\" \/>\n<link rel=\"canonical\" href=\"http:\/\/www.polisrecreio.com.br\/site\/2021\/08\/17\/jornada-do-patrimonio-cultural-de-minas-gerais-tera-participacao-de-recreio\/\" \/>\n<meta property=\"og:locale\" content=\"pt_BR\" \/>\n<meta property=\"og:type\" content=\"article\" \/>\n<meta property=\"og:title\" content=\"Jornada do Patrim\u00f4nio Cultural de Minas Gerais ter\u00e1 participa\u00e7\u00e3o de Recreio - P\u00f3lis Recreio\" \/>\n<meta property=\"og:description\" content=\"A 8\u00aa edi\u00e7\u00e3o da Jornada do Patrim\u00f4nio Cultural de Minas Gerais ter\u00e1 a participa\u00e7\u00e3o do munic\u00edpio de Recreio. O an\u00fancio foi feito neste dia 17 de agosto, data que \u00e9 comemorado o Dia Nacional do Patrim\u00f4nio Hist\u00f3rico.\" \/>\n<meta property=\"og:url\" content=\"http:\/\/www.polisrecreio.com.br\/site\/2021\/08\/17\/jornada-do-patrimonio-cultural-de-minas-gerais-tera-participacao-de-recreio\/\" \/>\n<meta property=\"og:site_name\" content=\"P\u00f3lis Recreio\" \/>\n<meta property=\"article:publisher\" content=\"https:\/\/www.facebook.com\/Site-P%c3%b3lis-Recreio-MG-181941708571019\/\" \/>\n<meta property=\"article:published_time\" content=\"2021-08-17T19:25:03+00:00\" \/>\n<meta property=\"article:modified_time\" content=\"2021-08-17T19:27:02+00:00\" \/>\n<meta property=\"og:image\" content=\"http:\/\/www.polisrecreio.com.br\/site\/wp-content\/uploads\/2021\/08\/Vista-da-praca-1-1936.jpg\" \/>\n<meta name=\"twitter:card\" content=\"summary_large_image\" \/>\n<meta name=\"twitter:creator\" content=\"@PolisRecreio\" \/>\n<meta name=\"twitter:site\" content=\"@PolisRecreio\" \/>\n<meta name=\"twitter:label1\" content=\"Est. reading time\">\n\t<meta name=\"twitter:data1\" content=\"2 minutos\">\n<script type=\"application\/ld+json\" class=\"yoast-schema-graph\">{\"@context\":\"https:\/\/schema.org\",\"@graph\":[{\"@type\":\"WebSite\",\"@id\":\"https:\/\/www.polisrecreio.com.br\/site\/#website\",\"url\":\"https:\/\/www.polisrecreio.com.br\/site\/\",\"name\":\"P\\u00f3lis Recreio\",\"description\":\"\",\"potentialAction\":[{\"@type\":\"SearchAction\",\"target\":\"https:\/\/www.polisrecreio.com.br\/site\/?s={search_term_string}\",\"query-input\":\"required name=search_term_string\"}],\"inLanguage\":\"pt-BR\"},{\"@type\":\"ImageObject\",\"@id\":\"http:\/\/www.polisrecreio.com.br\/site\/2021\/08\/17\/jornada-do-patrimonio-cultural-de-minas-gerais-tera-participacao-de-recreio\/#primaryimage\",\"inLanguage\":\"pt-BR\",\"url\":\"http:\/\/www.polisrecreio.com.br\/site\/wp-content\/uploads\/2021\/08\/Vista-da-praca-1-1936.jpg\"},{\"@type\":\"WebPage\",\"@id\":\"http:\/\/www.polisrecreio.com.br\/site\/2021\/08\/17\/jornada-do-patrimonio-cultural-de-minas-gerais-tera-participacao-de-recreio\/#webpage\",\"url\":\"http:\/\/www.polisrecreio.com.br\/site\/2021\/08\/17\/jornada-do-patrimonio-cultural-de-minas-gerais-tera-participacao-de-recreio\/\",\"name\":\"Jornada do Patrim\\u00f4nio Cultural de Minas Gerais ter\\u00e1 participa\\u00e7\\u00e3o de Recreio - P\\u00f3lis Recreio\",\"isPartOf\":{\"@id\":\"https:\/\/www.polisrecreio.com.br\/site\/#website\"},\"primaryImageOfPage\":{\"@id\":\"http:\/\/www.polisrecreio.com.br\/site\/2021\/08\/17\/jornada-do-patrimonio-cultural-de-minas-gerais-tera-participacao-de-recreio\/#primaryimage\"},\"datePublished\":\"2021-08-17T19:25:03+00:00\",\"dateModified\":\"2021-08-17T19:27:02+00:00\",\"author\":{\"@id\":\"https:\/\/www.polisrecreio.com.br\/site\/#\/schema\/person\/3363c1c78e1e28e1329d97adb387638e\"},\"inLanguage\":\"pt-BR\",\"potentialAction\":[{\"@type\":\"ReadAction\",\"target\":[\"http:\/\/www.polisrecreio.com.br\/site\/2021\/08\/17\/jornada-do-patrimonio-cultural-de-minas-gerais-tera-participacao-de-recreio\/\"]}]},{\"@type\":\"Person\",\"@id\":\"https:\/\/www.polisrecreio.com.br\/site\/#\/schema\/person\/3363c1c78e1e28e1329d97adb387638e\",\"name\":\"Leonardo Ribeiro\",\"image\":{\"@type\":\"ImageObject\",\"@id\":\"https:\/\/www.polisrecreio.com.br\/site\/#personlogo\",\"inLanguage\":\"pt-BR\",\"url\":\"https:\/\/secure.gravatar.com\/avatar\/6ba92a37d621e1a83e23710251178a12?s=96&d=mm&r=g\",\"caption\":\"Leonardo Ribeiro\"},\"sameAs\":[\"http:\/\/www.polisrecreio.com.br\"]}]}<\/script>\n<!-- \/ Yoast SEO plugin. -->","_links":{"self":[{"href":"https:\/\/www.polisrecreio.com.br\/site\/wp-json\/wp\/v2\/posts\/21239"}],"collection":[{"href":"https:\/\/www.polisrecreio.com.br\/site\/wp-json\/wp\/v2\/posts"}],"about":[{"href":"https:\/\/www.polisrecreio.com.br\/site\/wp-json\/wp\/v2\/types\/post"}],"author":[{"embeddable":true,"href":"https:\/\/www.polisrecreio.com.br\/site\/wp-json\/wp\/v2\/users\/3"}],"replies":[{"embeddable":true,"href":"https:\/\/www.polisrecreio.com.br\/site\/wp-json\/wp\/v2\/comments?post=21239"}],"version-history":[{"count":3,"href":"https:\/\/www.polisrecreio.com.br\/site\/wp-json\/wp\/v2\/posts\/21239\/revisions"}],"predecessor-version":[{"id":21244,"href":"https:\/\/www.polisrecreio.com.br\/site\/wp-json\/wp\/v2\/posts\/21239\/revisions\/21244"}],"wp:attachment":[{"href":"https:\/\/www.polisrecreio.com.br\/site\/wp-json\/wp\/v2\/media?parent=21239"}],"wp:term":[{"taxonomy":"category","embeddable":true,"href":"https:\/\/www.polisrecreio.com.br\/site\/wp-json\/wp\/v2\/categories?post=21239"},{"taxonomy":"post_tag","embeddable":true,"href":"https:\/\/www.polisrecreio.com.br\/site\/wp-json\/wp\/v2\/tags?post=21239"}],"curies":[{"name":"wp","href":"https:\/\/api.w.org\/{rel}","templated":true}]}}