{"id":21245,"date":"2021-08-18T16:45:08","date_gmt":"2021-08-18T19:45:08","guid":{"rendered":"http:\/\/www.polisrecreio.com.br\/site\/?p=21245"},"modified":"2021-08-18T16:45:08","modified_gmt":"2021-08-18T19:45:08","slug":"serventes-escolares-da-rede-municipal-vao-participar-de-capacitacao","status":"publish","type":"post","link":"https:\/\/www.polisrecreio.com.br\/site\/2021\/08\/18\/serventes-escolares-da-rede-municipal-vao-participar-de-capacitacao\/","title":{"rendered":"Serventes escolares da rede municipal v\u00e3o participar de capacita\u00e7\u00e3o"},"content":{"rendered":"<p style=\"text-align: justify;\">Cerca de 40 serventes escolares da rede municipal de educa\u00e7\u00e3o de Recreio v\u00e3o participar da capacita\u00e7\u00e3o \u201cBoas Pr\u00e1ticas para Manipuladores de Alimentos\u201d, ministrada pela nutricionista da rede, Monike Silveira Sim\u00f5es, na pr\u00f3xima sexta-feira (20).<\/p>\n<p><!--more--><\/p>\n<figure id=\"attachment_21246\" aria-describedby=\"caption-attachment-21246\" style=\"width: 750px\" class=\"wp-caption aligncenter\"><a href=\"http:\/\/www.polisrecreio.com.br\/site\/wp-content\/uploads\/2021\/08\/DSC_0008-1.jpg\"><img loading=\"lazy\" class=\"size-full wp-image-21246\" src=\"http:\/\/www.polisrecreio.com.br\/site\/wp-content\/uploads\/2021\/08\/DSC_0008-1.jpg\" alt=\"\" width=\"750\" height=\"500\" srcset=\"https:\/\/www.polisrecreio.com.br\/site\/wp-content\/uploads\/2021\/08\/DSC_0008-1.jpg 750w, https:\/\/www.polisrecreio.com.br\/site\/wp-content\/uploads\/2021\/08\/DSC_0008-1-300x200.jpg 300w\" sizes=\"(max-width: 750px) 100vw, 750px\" \/><\/a><figcaption id=\"caption-attachment-21246\" class=\"wp-caption-text\">Secret\u00e1rio Ruan Ferreira Brito; prefeito de Recreio, Z\u00e9 Maria Barros; e nutricionista, Monike.<\/figcaption><\/figure>\n<p style=\"text-align: justify;\">De acordo com o secret\u00e1rio de Educa\u00e7\u00e3o e Cultura, Ruan Ferreira Brito, a a\u00e7\u00e3o faz parte do Protocolo de Retorno das Atividades Presenciais. Ele lembra que a volta das aulas ser\u00e1 com sistema h\u00edbrido, gradual, seguro e facultativo, ou seja, os pais n\u00e3o s\u00e3o obrigados a mandar seus filhos para a escola.<\/p>\n<p style=\"text-align: justify;\">A capacita\u00e7\u00e3o ser\u00e1 em dois turnos, 8:30h e 10h, na E.M. Professora Nice Damasceno de Almeida Muniz. Ela faz parte do projeto &#8220;Encontros com a Educa\u00e7\u00e3o&#8221;, criado em 2021 com objetivo de discutir pautas da \u00e1rea.<\/p>\n<p style=\"text-align: justify;\">Em Recreio a volta das atividades presenciais nas escolas p\u00fablicas com alunos est\u00e1 prevista para acontecer em 20 de setembro. Na rede particular o retorno j\u00e1 est\u00e1 autorizado.<\/p>\n<p><a href=\"http:\/\/www.polisrecreio.com.br\/site\/wp-content\/uploads\/2021\/08\/capacitamonike.jpg\"><img loading=\"lazy\" class=\"aligncenter size-full wp-image-21247\" src=\"http:\/\/www.polisrecreio.com.br\/site\/wp-content\/uploads\/2021\/08\/capacitamonike.jpg\" alt=\"\" width=\"750\" height=\"732\" srcset=\"https:\/\/www.polisrecreio.com.br\/site\/wp-content\/uploads\/2021\/08\/capacitamonike.jpg 750w, https:\/\/www.polisrecreio.com.br\/site\/wp-content\/uploads\/2021\/08\/capacitamonike-300x293.jpg 300w\" sizes=\"(max-width: 750px) 100vw, 750px\" \/><\/a><\/p>\n","protected":false},"excerpt":{"rendered":"<p>Cerca de 40 serventes escolares da rede municipal de educa\u00e7\u00e3o de Recreio v\u00e3o participar da capacita\u00e7\u00e3o \u201cBoas Pr\u00e1ticas para Manipuladores de Alimentos\u201d, ministrada pela nutricionista da rede, Monike Silveira Sim\u00f5es, na pr\u00f3xima sexta-feira (20).<\/p>\n","protected":false},"author":3,"featured_media":0,"comment_status":"open","ping_status":"open","sticky":false,"template":"","format":"standard","meta":[],"categories":[9],"tags":[],"yoast_head":"<!-- This site is optimized with the Yoast SEO plugin v15.6.2 - https:\/\/yoast.com\/wordpress\/plugins\/seo\/ -->\n<meta name=\"robots\" content=\"index, follow, max-snippet:-1, max-image-preview:large, max-video-preview:-1\" \/>\n<link rel=\"canonical\" href=\"https:\/\/www.polisrecreio.com.br\/site\/2021\/08\/18\/serventes-escolares-da-rede-municipal-vao-participar-de-capacitacao\/\" \/>\n<meta property=\"og:locale\" content=\"pt_BR\" \/>\n<meta property=\"og:type\" content=\"article\" \/>\n<meta property=\"og:title\" content=\"Serventes escolares da rede municipal v\u00e3o participar de capacita\u00e7\u00e3o - P\u00f3lis Recreio\" \/>\n<meta property=\"og:description\" content=\"Cerca de 40 serventes escolares da rede municipal de educa\u00e7\u00e3o de Recreio v\u00e3o participar da capacita\u00e7\u00e3o \u201cBoas Pr\u00e1ticas para Manipuladores de Alimentos\u201d, ministrada pela nutricionista da rede, Monike Silveira Sim\u00f5es, na pr\u00f3xima sexta-feira (20).\" \/>\n<meta property=\"og:url\" content=\"https:\/\/www.polisrecreio.com.br\/site\/2021\/08\/18\/serventes-escolares-da-rede-municipal-vao-participar-de-capacitacao\/\" \/>\n<meta property=\"og:site_name\" content=\"P\u00f3lis Recreio\" \/>\n<meta property=\"article:publisher\" content=\"https:\/\/www.facebook.com\/Site-P%c3%b3lis-Recreio-MG-181941708571019\/\" \/>\n<meta property=\"article:published_time\" content=\"2021-08-18T19:45:08+00:00\" \/>\n<meta property=\"og:image\" content=\"http:\/\/www.polisrecreio.com.br\/site\/wp-content\/uploads\/2021\/08\/DSC_0008-1.jpg\" \/>\n<meta name=\"twitter:card\" content=\"summary_large_image\" \/>\n<meta name=\"twitter:creator\" content=\"@PolisRecreio\" \/>\n<meta name=\"twitter:site\" content=\"@PolisRecreio\" \/>\n<meta name=\"twitter:label1\" content=\"Est. reading time\">\n\t<meta name=\"twitter:data1\" content=\"2 minutos\">\n<script type=\"application\/ld+json\" class=\"yoast-schema-graph\">{\"@context\":\"https:\/\/schema.org\",\"@graph\":[{\"@type\":\"WebSite\",\"@id\":\"https:\/\/www.polisrecreio.com.br\/site\/#website\",\"url\":\"https:\/\/www.polisrecreio.com.br\/site\/\",\"name\":\"P\\u00f3lis Recreio\",\"description\":\"\",\"potentialAction\":[{\"@type\":\"SearchAction\",\"target\":\"https:\/\/www.polisrecreio.com.br\/site\/?s={search_term_string}\",\"query-input\":\"required name=search_term_string\"}],\"inLanguage\":\"pt-BR\"},{\"@type\":\"ImageObject\",\"@id\":\"https:\/\/www.polisrecreio.com.br\/site\/2021\/08\/18\/serventes-escolares-da-rede-municipal-vao-participar-de-capacitacao\/#primaryimage\",\"inLanguage\":\"pt-BR\",\"url\":\"http:\/\/www.polisrecreio.com.br\/site\/wp-content\/uploads\/2021\/08\/DSC_0008-1.jpg\"},{\"@type\":\"WebPage\",\"@id\":\"https:\/\/www.polisrecreio.com.br\/site\/2021\/08\/18\/serventes-escolares-da-rede-municipal-vao-participar-de-capacitacao\/#webpage\",\"url\":\"https:\/\/www.polisrecreio.com.br\/site\/2021\/08\/18\/serventes-escolares-da-rede-municipal-vao-participar-de-capacitacao\/\",\"name\":\"Serventes escolares da rede municipal v\\u00e3o participar de capacita\\u00e7\\u00e3o - P\\u00f3lis Recreio\",\"isPartOf\":{\"@id\":\"https:\/\/www.polisrecreio.com.br\/site\/#website\"},\"primaryImageOfPage\":{\"@id\":\"https:\/\/www.polisrecreio.com.br\/site\/2021\/08\/18\/serventes-escolares-da-rede-municipal-vao-participar-de-capacitacao\/#primaryimage\"},\"datePublished\":\"2021-08-18T19:45:08+00:00\",\"dateModified\":\"2021-08-18T19:45:08+00:00\",\"author\":{\"@id\":\"https:\/\/www.polisrecreio.com.br\/site\/#\/schema\/person\/3363c1c78e1e28e1329d97adb387638e\"},\"inLanguage\":\"pt-BR\",\"potentialAction\":[{\"@type\":\"ReadAction\",\"target\":[\"https:\/\/www.polisrecreio.com.br\/site\/2021\/08\/18\/serventes-escolares-da-rede-municipal-vao-participar-de-capacitacao\/\"]}]},{\"@type\":\"Person\",\"@id\":\"https:\/\/www.polisrecreio.com.br\/site\/#\/schema\/person\/3363c1c78e1e28e1329d97adb387638e\",\"name\":\"Leonardo Ribeiro\",\"image\":{\"@type\":\"ImageObject\",\"@id\":\"https:\/\/www.polisrecreio.com.br\/site\/#personlogo\",\"inLanguage\":\"pt-BR\",\"url\":\"https:\/\/secure.gravatar.com\/avatar\/6ba92a37d621e1a83e23710251178a12?s=96&d=mm&r=g\",\"caption\":\"Leonardo Ribeiro\"},\"sameAs\":[\"http:\/\/www.polisrecreio.com.br\"]}]}<\/script>\n<!-- \/ Yoast SEO plugin. -->","_links":{"self":[{"href":"https:\/\/www.polisrecreio.com.br\/site\/wp-json\/wp\/v2\/posts\/21245"}],"collection":[{"href":"https:\/\/www.polisrecreio.com.br\/site\/wp-json\/wp\/v2\/posts"}],"about":[{"href":"https:\/\/www.polisrecreio.com.br\/site\/wp-json\/wp\/v2\/types\/post"}],"author":[{"embeddable":true,"href":"https:\/\/www.polisrecreio.com.br\/site\/wp-json\/wp\/v2\/users\/3"}],"replies":[{"embeddable":true,"href":"https:\/\/www.polisrecreio.com.br\/site\/wp-json\/wp\/v2\/comments?post=21245"}],"version-history":[{"count":1,"href":"https:\/\/www.polisrecreio.com.br\/site\/wp-json\/wp\/v2\/posts\/21245\/revisions"}],"predecessor-version":[{"id":21248,"href":"https:\/\/www.polisrecreio.com.br\/site\/wp-json\/wp\/v2\/posts\/21245\/revisions\/21248"}],"wp:attachment":[{"href":"https:\/\/www.polisrecreio.com.br\/site\/wp-json\/wp\/v2\/media?parent=21245"}],"wp:term":[{"taxonomy":"category","embeddable":true,"href":"https:\/\/www.polisrecreio.com.br\/site\/wp-json\/wp\/v2\/categories?post=21245"},{"taxonomy":"post_tag","embeddable":true,"href":"https:\/\/www.polisrecreio.com.br\/site\/wp-json\/wp\/v2\/tags?post=21245"}],"curies":[{"name":"wp","href":"https:\/\/api.w.org\/{rel}","templated":true}]}}