{"id":2130,"date":"2016-06-16T09:53:09","date_gmt":"2016-06-16T12:53:09","guid":{"rendered":"http:\/\/www.polisrecreio.com.br\/site\/?p=2130"},"modified":"2016-06-16T10:03:32","modified_gmt":"2016-06-16T13:03:32","slug":"hss-promove-capacitacao-para-funcionarios","status":"publish","type":"post","link":"https:\/\/www.polisrecreio.com.br\/site\/2016\/06\/16\/hss-promove-capacitacao-para-funcionarios\/","title":{"rendered":"HSS promove capacita\u00e7\u00e3o para funcion\u00e1rios"},"content":{"rendered":"<p style=\"text-align: justify;\">Na noite de ontem (15), a dire\u00e7\u00e3o do Hospital S\u00e3o Sebasti\u00e3o promoveu uma capacita\u00e7\u00e3o para os seus funcion\u00e1rios sobre o manejo de pacientes com doen\u00e7as contagiosas. A atividade foi desenvolvida pela enfermeira municipal, respons\u00e1vel pelo Programa Estrat\u00e9gia Sa\u00fade da Fam\u00edlia &#8220;ESF&#8221;, Almira Machado.<\/p>\n<p style=\"text-align: justify;\"><!--more--><\/p>\n<figure id=\"attachment_2131\" aria-describedby=\"caption-attachment-2131\" style=\"width: 800px\" class=\"wp-caption aligncenter\"><a href=\"http:\/\/www.polisrecreio.com.br\/site\/wp-content\/uploads\/2016\/06\/hss-1.jpg\"><img loading=\"lazy\" class=\"wp-image-2131\" src=\"http:\/\/www.polisrecreio.com.br\/site\/wp-content\/uploads\/2016\/06\/hss-1.jpg\" alt=\"hss 1\" width=\"800\" height=\"460\" srcset=\"https:\/\/www.polisrecreio.com.br\/site\/wp-content\/uploads\/2016\/06\/hss-1.jpg 1276w, https:\/\/www.polisrecreio.com.br\/site\/wp-content\/uploads\/2016\/06\/hss-1-300x172.jpg 300w, https:\/\/www.polisrecreio.com.br\/site\/wp-content\/uploads\/2016\/06\/hss-1-1024x588.jpg 1024w\" sizes=\"(max-width: 800px) 100vw, 800px\" \/><\/a><figcaption id=\"caption-attachment-2131\" class=\"wp-caption-text\">Capacita\u00e7\u00e3o no HSS.<\/figcaption><\/figure>\n<p style=\"text-align: justify;\">A capacita\u00e7\u00e3o aconteceu nas instala\u00e7\u00f5es do Hospital e contou com a participa\u00e7\u00e3o de v\u00e1rios funcion\u00e1rios que sa\u00edram satisfeitos com os conhecimentos adquiridos. O m\u00e9dico cubano, do Programa Mais M\u00e9dicos, que atua na Unidade de Sa\u00fade Dr. Samuel Siqueira de Oliveira, Dr. Lency Bartolo Hidalgo, tamb\u00e9m participou como ouvinte.<\/p>\n<p style=\"text-align: justify;\">Segundo a enfermeira do HSS, Gabriela de Paula, \u201cem breve mais atividades ser\u00e3o programadas para os servidores com o objetivo de incentivar a aquisi\u00e7\u00e3o de novos conhecimentos\u201d.<\/p>\n<figure id=\"attachment_2132\" aria-describedby=\"caption-attachment-2132\" style=\"width: 800px\" class=\"wp-caption aligncenter\"><a href=\"http:\/\/www.polisrecreio.com.br\/site\/wp-content\/uploads\/2016\/06\/hss-2.jpg\"><img loading=\"lazy\" class=\"wp-image-2132\" src=\"http:\/\/www.polisrecreio.com.br\/site\/wp-content\/uploads\/2016\/06\/hss-2.jpg\" alt=\"hss 2\" width=\"800\" height=\"441\" srcset=\"https:\/\/www.polisrecreio.com.br\/site\/wp-content\/uploads\/2016\/06\/hss-2.jpg 1163w, https:\/\/www.polisrecreio.com.br\/site\/wp-content\/uploads\/2016\/06\/hss-2-300x165.jpg 300w, https:\/\/www.polisrecreio.com.br\/site\/wp-content\/uploads\/2016\/06\/hss-2-1024x564.jpg 1024w\" sizes=\"(max-width: 800px) 100vw, 800px\" \/><\/a><figcaption id=\"caption-attachment-2132\" class=\"wp-caption-text\">Funcion\u00e1rios na capacita\u00e7\u00e3o.<\/figcaption><\/figure>\n<figure id=\"attachment_2133\" aria-describedby=\"caption-attachment-2133\" style=\"width: 800px\" class=\"wp-caption aligncenter\"><a href=\"http:\/\/www.polisrecreio.com.br\/site\/wp-content\/uploads\/2016\/06\/hss-3.jpg\"><img loading=\"lazy\" class=\"wp-image-2133\" src=\"http:\/\/www.polisrecreio.com.br\/site\/wp-content\/uploads\/2016\/06\/hss-3.jpg\" alt=\"hss 3\" width=\"800\" height=\"479\" srcset=\"https:\/\/www.polisrecreio.com.br\/site\/wp-content\/uploads\/2016\/06\/hss-3.jpg 1280w, https:\/\/www.polisrecreio.com.br\/site\/wp-content\/uploads\/2016\/06\/hss-3-300x180.jpg 300w, https:\/\/www.polisrecreio.com.br\/site\/wp-content\/uploads\/2016\/06\/hss-3-1024x614.jpg 1024w\" sizes=\"(max-width: 800px) 100vw, 800px\" \/><\/a><figcaption id=\"caption-attachment-2133\" class=\"wp-caption-text\">Almira Machado na capacita\u00e7\u00e3o.<\/figcaption><\/figure>\n","protected":false},"excerpt":{"rendered":"<p>Na noite de ontem (15), a dire\u00e7\u00e3o do Hospital S\u00e3o Sebasti\u00e3o promoveu uma capacita\u00e7\u00e3o para os seus funcion\u00e1rios sobre o manejo de pacientes com doen\u00e7as contagiosas. A atividade foi desenvolvida pela enfermeira municipal, respons\u00e1vel pelo Programa Estrat\u00e9gia Sa\u00fade da Fam\u00edlia &#8220;ESF&#8221;, Almira Machado.<\/p>\n","protected":false},"author":3,"featured_media":2131,"comment_status":"open","ping_status":"open","sticky":false,"template":"","format":"standard","meta":[],"categories":[7],"tags":[],"yoast_head":"<!-- This site is optimized with the Yoast SEO plugin v15.6.2 - https:\/\/yoast.com\/wordpress\/plugins\/seo\/ -->\n<meta name=\"robots\" content=\"index, follow, max-snippet:-1, max-image-preview:large, max-video-preview:-1\" \/>\n<link rel=\"canonical\" href=\"http:\/\/www.polisrecreio.com.br\/site\/2016\/06\/16\/hss-promove-capacitacao-para-funcionarios\/\" \/>\n<meta property=\"og:locale\" content=\"pt_BR\" \/>\n<meta property=\"og:type\" content=\"article\" \/>\n<meta property=\"og:title\" content=\"HSS promove capacita\u00e7\u00e3o para funcion\u00e1rios - P\u00f3lis Recreio\" \/>\n<meta property=\"og:description\" content=\"Na noite de ontem (15), a dire\u00e7\u00e3o do Hospital S\u00e3o Sebasti\u00e3o promoveu uma capacita\u00e7\u00e3o para os seus funcion\u00e1rios sobre o manejo de pacientes com doen\u00e7as contagiosas. A atividade foi desenvolvida pela enfermeira municipal, respons\u00e1vel pelo Programa Estrat\u00e9gia Sa\u00fade da Fam\u00edlia &#8220;ESF&#8221;, Almira Machado.\" \/>\n<meta property=\"og:url\" content=\"http:\/\/www.polisrecreio.com.br\/site\/2016\/06\/16\/hss-promove-capacitacao-para-funcionarios\/\" \/>\n<meta property=\"og:site_name\" content=\"P\u00f3lis Recreio\" \/>\n<meta property=\"article:publisher\" content=\"https:\/\/www.facebook.com\/Site-P%c3%b3lis-Recreio-MG-181941708571019\/\" \/>\n<meta property=\"article:published_time\" content=\"2016-06-16T12:53:09+00:00\" \/>\n<meta property=\"article:modified_time\" content=\"2016-06-16T13:03:32+00:00\" \/>\n<meta property=\"og:image\" content=\"https:\/\/www.polisrecreio.com.br\/site\/wp-content\/uploads\/2016\/06\/hss-1.jpg\" \/>\n\t<meta property=\"og:image:width\" content=\"1276\" \/>\n\t<meta property=\"og:image:height\" content=\"733\" \/>\n<meta name=\"twitter:card\" content=\"summary_large_image\" \/>\n<meta name=\"twitter:creator\" content=\"@PolisRecreio\" \/>\n<meta name=\"twitter:site\" content=\"@PolisRecreio\" \/>\n<meta name=\"twitter:label1\" content=\"Est. reading time\">\n\t<meta name=\"twitter:data1\" content=\"1 minuto\">\n<script type=\"application\/ld+json\" class=\"yoast-schema-graph\">{\"@context\":\"https:\/\/schema.org\",\"@graph\":[{\"@type\":\"WebSite\",\"@id\":\"https:\/\/www.polisrecreio.com.br\/site\/#website\",\"url\":\"https:\/\/www.polisrecreio.com.br\/site\/\",\"name\":\"P\\u00f3lis Recreio\",\"description\":\"\",\"potentialAction\":[{\"@type\":\"SearchAction\",\"target\":\"https:\/\/www.polisrecreio.com.br\/site\/?s={search_term_string}\",\"query-input\":\"required name=search_term_string\"}],\"inLanguage\":\"pt-BR\"},{\"@type\":\"ImageObject\",\"@id\":\"http:\/\/www.polisrecreio.com.br\/site\/2016\/06\/16\/hss-promove-capacitacao-para-funcionarios\/#primaryimage\",\"inLanguage\":\"pt-BR\",\"url\":\"https:\/\/www.polisrecreio.com.br\/site\/wp-content\/uploads\/2016\/06\/hss-1.jpg\",\"width\":1276,\"height\":733},{\"@type\":\"WebPage\",\"@id\":\"http:\/\/www.polisrecreio.com.br\/site\/2016\/06\/16\/hss-promove-capacitacao-para-funcionarios\/#webpage\",\"url\":\"http:\/\/www.polisrecreio.com.br\/site\/2016\/06\/16\/hss-promove-capacitacao-para-funcionarios\/\",\"name\":\"HSS promove capacita\\u00e7\\u00e3o para funcion\\u00e1rios - P\\u00f3lis Recreio\",\"isPartOf\":{\"@id\":\"https:\/\/www.polisrecreio.com.br\/site\/#website\"},\"primaryImageOfPage\":{\"@id\":\"http:\/\/www.polisrecreio.com.br\/site\/2016\/06\/16\/hss-promove-capacitacao-para-funcionarios\/#primaryimage\"},\"datePublished\":\"2016-06-16T12:53:09+00:00\",\"dateModified\":\"2016-06-16T13:03:32+00:00\",\"author\":{\"@id\":\"https:\/\/www.polisrecreio.com.br\/site\/#\/schema\/person\/3363c1c78e1e28e1329d97adb387638e\"},\"inLanguage\":\"pt-BR\",\"potentialAction\":[{\"@type\":\"ReadAction\",\"target\":[\"http:\/\/www.polisrecreio.com.br\/site\/2016\/06\/16\/hss-promove-capacitacao-para-funcionarios\/\"]}]},{\"@type\":\"Person\",\"@id\":\"https:\/\/www.polisrecreio.com.br\/site\/#\/schema\/person\/3363c1c78e1e28e1329d97adb387638e\",\"name\":\"Leonardo Ribeiro\",\"image\":{\"@type\":\"ImageObject\",\"@id\":\"https:\/\/www.polisrecreio.com.br\/site\/#personlogo\",\"inLanguage\":\"pt-BR\",\"url\":\"https:\/\/secure.gravatar.com\/avatar\/6ba92a37d621e1a83e23710251178a12?s=96&d=mm&r=g\",\"caption\":\"Leonardo Ribeiro\"},\"sameAs\":[\"http:\/\/www.polisrecreio.com.br\"]}]}<\/script>\n<!-- \/ Yoast SEO plugin. -->","_links":{"self":[{"href":"https:\/\/www.polisrecreio.com.br\/site\/wp-json\/wp\/v2\/posts\/2130"}],"collection":[{"href":"https:\/\/www.polisrecreio.com.br\/site\/wp-json\/wp\/v2\/posts"}],"about":[{"href":"https:\/\/www.polisrecreio.com.br\/site\/wp-json\/wp\/v2\/types\/post"}],"author":[{"embeddable":true,"href":"https:\/\/www.polisrecreio.com.br\/site\/wp-json\/wp\/v2\/users\/3"}],"replies":[{"embeddable":true,"href":"https:\/\/www.polisrecreio.com.br\/site\/wp-json\/wp\/v2\/comments?post=2130"}],"version-history":[{"count":4,"href":"https:\/\/www.polisrecreio.com.br\/site\/wp-json\/wp\/v2\/posts\/2130\/revisions"}],"predecessor-version":[{"id":2137,"href":"https:\/\/www.polisrecreio.com.br\/site\/wp-json\/wp\/v2\/posts\/2130\/revisions\/2137"}],"wp:featuredmedia":[{"embeddable":true,"href":"https:\/\/www.polisrecreio.com.br\/site\/wp-json\/wp\/v2\/media\/2131"}],"wp:attachment":[{"href":"https:\/\/www.polisrecreio.com.br\/site\/wp-json\/wp\/v2\/media?parent=2130"}],"wp:term":[{"taxonomy":"category","embeddable":true,"href":"https:\/\/www.polisrecreio.com.br\/site\/wp-json\/wp\/v2\/categories?post=2130"},{"taxonomy":"post_tag","embeddable":true,"href":"https:\/\/www.polisrecreio.com.br\/site\/wp-json\/wp\/v2\/tags?post=2130"}],"curies":[{"name":"wp","href":"https:\/\/api.w.org\/{rel}","templated":true}]}}