{"id":2138,"date":"2016-06-16T16:18:40","date_gmt":"2016-06-16T19:18:40","guid":{"rendered":"http:\/\/www.polisrecreio.com.br\/site\/?p=2138"},"modified":"2016-06-16T16:24:46","modified_gmt":"2016-06-16T19:24:46","slug":"combate-a-dengue-e-intensificado-em-recreio-para-evitar-futuros-problemas","status":"publish","type":"post","link":"https:\/\/www.polisrecreio.com.br\/site\/2016\/06\/16\/combate-a-dengue-e-intensificado-em-recreio-para-evitar-futuros-problemas\/","title":{"rendered":"Combate \u00e0 dengue \u00e9 intensificado em Recreio para evitar futuros problemas"},"content":{"rendered":"<p style=\"text-align: justify;\">Neste m\u00eas de junho os agentes de combate \u00e0 dengue da vigil\u00e2ncia epidemiol\u00f3gica de Recreio intensificaram as a\u00e7\u00f5es para evitar futuros problemas com o mosquito Aedes Aegpyti, em algumas atua\u00e7\u00f5es eles est\u00e3o realizando at\u00e9 servi\u00e7os que n\u00e3o s\u00e3o atribu\u00eddas \u00e0 fun\u00e7\u00e3o.<\/p>\n<p style=\"text-align: justify;\"><!--more--><\/p>\n<figure id=\"attachment_2139\" aria-describedby=\"caption-attachment-2139\" style=\"width: 800px\" class=\"wp-caption aligncenter\"><a href=\"http:\/\/www.polisrecreio.com.br\/site\/wp-content\/uploads\/2016\/06\/dengue-1.jpg\"><img loading=\"lazy\" class=\"size-full wp-image-2139\" src=\"http:\/\/www.polisrecreio.com.br\/site\/wp-content\/uploads\/2016\/06\/dengue-1.jpg\" alt=\"Equipe em a\u00e7\u00e3o.\" width=\"800\" height=\"621\" srcset=\"https:\/\/www.polisrecreio.com.br\/site\/wp-content\/uploads\/2016\/06\/dengue-1.jpg 800w, https:\/\/www.polisrecreio.com.br\/site\/wp-content\/uploads\/2016\/06\/dengue-1-300x233.jpg 300w\" sizes=\"(max-width: 800px) 100vw, 800px\" \/><\/a><figcaption id=\"caption-attachment-2139\" class=\"wp-caption-text\">Equipe em a\u00e7\u00e3o.<\/figcaption><\/figure>\n<p style=\"text-align: justify;\">Segundo a chefe de turma Alessandra Campos, \u201cos agentes est\u00e3o recolhendo entulhos e outros tipos de lixos, onde est\u00e3o latas, pratos, copos e demais recipientes e essa tarefa \u00e9 do setor de limpeza urbana, desse jeito teremos futuros problemas por conta destes entulhos. As \u201ccoisas\u201d est\u00e3o saindo do rumo e os agentes est\u00e3o realizando fun\u00e7\u00f5es que n\u00e3o s\u00e3o tarefas deles\u201d, completou.<\/p>\n<p style=\"text-align: justify;\">\u201cS\u00e1bado (18), no hor\u00e1rio de 9h \u00e0s 11h, um Pit Stop ser\u00e1 realizado em frente a Escola Estadual Olavo Bilac, com o objetivo de conscientizar a popula\u00e7\u00e3o sobre os riscos da prolifera\u00e7\u00e3o do mosquito transmissor da doen\u00e7a\u201d, disse Leandra Rosa, da equipe de combate \u00e0 dengue.<\/p>\n<figure id=\"attachment_2140\" aria-describedby=\"caption-attachment-2140\" style=\"width: 800px\" class=\"wp-caption aligncenter\"><a href=\"http:\/\/www.polisrecreio.com.br\/site\/wp-content\/uploads\/2016\/06\/dengue-2.jpg\"><img loading=\"lazy\" class=\"wp-image-2140 size-full\" src=\"http:\/\/www.polisrecreio.com.br\/site\/wp-content\/uploads\/2016\/06\/dengue-2.jpg\" alt=\"dengue 2\" width=\"800\" height=\"497\" srcset=\"https:\/\/www.polisrecreio.com.br\/site\/wp-content\/uploads\/2016\/06\/dengue-2.jpg 800w, https:\/\/www.polisrecreio.com.br\/site\/wp-content\/uploads\/2016\/06\/dengue-2-300x186.jpg 300w\" sizes=\"(max-width: 800px) 100vw, 800px\" \/><\/a><figcaption id=\"caption-attachment-2140\" class=\"wp-caption-text\">Vigil\u00e2ncia epidemiol\u00f3gica.<\/figcaption><\/figure>\n<figure id=\"attachment_2141\" aria-describedby=\"caption-attachment-2141\" style=\"width: 800px\" class=\"wp-caption aligncenter\"><a href=\"http:\/\/www.polisrecreio.com.br\/site\/wp-content\/uploads\/2016\/06\/dengue-3.jpg\"><img loading=\"lazy\" class=\"wp-image-2141 size-full\" src=\"http:\/\/www.polisrecreio.com.br\/site\/wp-content\/uploads\/2016\/06\/dengue-3.jpg\" alt=\"dengue 3\" width=\"800\" height=\"584\" srcset=\"https:\/\/www.polisrecreio.com.br\/site\/wp-content\/uploads\/2016\/06\/dengue-3.jpg 800w, https:\/\/www.polisrecreio.com.br\/site\/wp-content\/uploads\/2016\/06\/dengue-3-300x219.jpg 300w\" sizes=\"(max-width: 800px) 100vw, 800px\" \/><\/a><figcaption id=\"caption-attachment-2141\" class=\"wp-caption-text\">Equipe em a\u00e7\u00e3o.<\/figcaption><\/figure>\n","protected":false},"excerpt":{"rendered":"<p>Neste m\u00eas de junho os agentes de combate \u00e0 dengue da vigil\u00e2ncia epidemiol\u00f3gica de Recreio intensificaram as a\u00e7\u00f5es para evitar futuros problemas com o mosquito Aedes Aegpyti, em algumas atua\u00e7\u00f5es eles est\u00e3o realizando at\u00e9 servi\u00e7os que n\u00e3o s\u00e3o atribu\u00eddas \u00e0 fun\u00e7\u00e3o.<\/p>\n","protected":false},"author":3,"featured_media":2139,"comment_status":"open","ping_status":"open","sticky":false,"template":"","format":"standard","meta":[],"categories":[7],"tags":[],"yoast_head":"<!-- This site is optimized with the Yoast SEO plugin v15.6.2 - https:\/\/yoast.com\/wordpress\/plugins\/seo\/ -->\n<meta name=\"robots\" content=\"index, follow, max-snippet:-1, max-image-preview:large, max-video-preview:-1\" \/>\n<link rel=\"canonical\" href=\"http:\/\/www.polisrecreio.com.br\/site\/2016\/06\/16\/combate-a-dengue-e-intensificado-em-recreio-para-evitar-futuros-problemas\/\" \/>\n<meta property=\"og:locale\" content=\"pt_BR\" \/>\n<meta property=\"og:type\" content=\"article\" \/>\n<meta property=\"og:title\" content=\"Combate \u00e0 dengue \u00e9 intensificado em Recreio para evitar futuros problemas - P\u00f3lis Recreio\" \/>\n<meta property=\"og:description\" content=\"Neste m\u00eas de junho os agentes de combate \u00e0 dengue da vigil\u00e2ncia epidemiol\u00f3gica de Recreio intensificaram as a\u00e7\u00f5es para evitar futuros problemas com o mosquito Aedes Aegpyti, em algumas atua\u00e7\u00f5es eles est\u00e3o realizando at\u00e9 servi\u00e7os que n\u00e3o s\u00e3o atribu\u00eddas \u00e0 fun\u00e7\u00e3o.\" \/>\n<meta property=\"og:url\" content=\"http:\/\/www.polisrecreio.com.br\/site\/2016\/06\/16\/combate-a-dengue-e-intensificado-em-recreio-para-evitar-futuros-problemas\/\" \/>\n<meta property=\"og:site_name\" content=\"P\u00f3lis Recreio\" \/>\n<meta property=\"article:publisher\" content=\"https:\/\/www.facebook.com\/Site-P%c3%b3lis-Recreio-MG-181941708571019\/\" \/>\n<meta property=\"article:published_time\" content=\"2016-06-16T19:18:40+00:00\" \/>\n<meta property=\"article:modified_time\" content=\"2016-06-16T19:24:46+00:00\" \/>\n<meta property=\"og:image\" content=\"https:\/\/www.polisrecreio.com.br\/site\/wp-content\/uploads\/2016\/06\/dengue-1.jpg\" \/>\n\t<meta property=\"og:image:width\" content=\"800\" \/>\n\t<meta property=\"og:image:height\" content=\"621\" \/>\n<meta name=\"twitter:card\" content=\"summary_large_image\" \/>\n<meta name=\"twitter:creator\" content=\"@PolisRecreio\" \/>\n<meta name=\"twitter:site\" content=\"@PolisRecreio\" \/>\n<meta name=\"twitter:label1\" content=\"Est. reading time\">\n\t<meta name=\"twitter:data1\" content=\"1 minuto\">\n<script type=\"application\/ld+json\" class=\"yoast-schema-graph\">{\"@context\":\"https:\/\/schema.org\",\"@graph\":[{\"@type\":\"WebSite\",\"@id\":\"https:\/\/www.polisrecreio.com.br\/site\/#website\",\"url\":\"https:\/\/www.polisrecreio.com.br\/site\/\",\"name\":\"P\\u00f3lis Recreio\",\"description\":\"\",\"potentialAction\":[{\"@type\":\"SearchAction\",\"target\":\"https:\/\/www.polisrecreio.com.br\/site\/?s={search_term_string}\",\"query-input\":\"required name=search_term_string\"}],\"inLanguage\":\"pt-BR\"},{\"@type\":\"ImageObject\",\"@id\":\"http:\/\/www.polisrecreio.com.br\/site\/2016\/06\/16\/combate-a-dengue-e-intensificado-em-recreio-para-evitar-futuros-problemas\/#primaryimage\",\"inLanguage\":\"pt-BR\",\"url\":\"https:\/\/www.polisrecreio.com.br\/site\/wp-content\/uploads\/2016\/06\/dengue-1.jpg\",\"width\":800,\"height\":621,\"caption\":\"Equipe em a\\u00e7\\u00e3o.\"},{\"@type\":\"WebPage\",\"@id\":\"http:\/\/www.polisrecreio.com.br\/site\/2016\/06\/16\/combate-a-dengue-e-intensificado-em-recreio-para-evitar-futuros-problemas\/#webpage\",\"url\":\"http:\/\/www.polisrecreio.com.br\/site\/2016\/06\/16\/combate-a-dengue-e-intensificado-em-recreio-para-evitar-futuros-problemas\/\",\"name\":\"Combate \\u00e0 dengue \\u00e9 intensificado em Recreio para evitar futuros problemas - P\\u00f3lis Recreio\",\"isPartOf\":{\"@id\":\"https:\/\/www.polisrecreio.com.br\/site\/#website\"},\"primaryImageOfPage\":{\"@id\":\"http:\/\/www.polisrecreio.com.br\/site\/2016\/06\/16\/combate-a-dengue-e-intensificado-em-recreio-para-evitar-futuros-problemas\/#primaryimage\"},\"datePublished\":\"2016-06-16T19:18:40+00:00\",\"dateModified\":\"2016-06-16T19:24:46+00:00\",\"author\":{\"@id\":\"https:\/\/www.polisrecreio.com.br\/site\/#\/schema\/person\/3363c1c78e1e28e1329d97adb387638e\"},\"inLanguage\":\"pt-BR\",\"potentialAction\":[{\"@type\":\"ReadAction\",\"target\":[\"http:\/\/www.polisrecreio.com.br\/site\/2016\/06\/16\/combate-a-dengue-e-intensificado-em-recreio-para-evitar-futuros-problemas\/\"]}]},{\"@type\":\"Person\",\"@id\":\"https:\/\/www.polisrecreio.com.br\/site\/#\/schema\/person\/3363c1c78e1e28e1329d97adb387638e\",\"name\":\"Leonardo Ribeiro\",\"image\":{\"@type\":\"ImageObject\",\"@id\":\"https:\/\/www.polisrecreio.com.br\/site\/#personlogo\",\"inLanguage\":\"pt-BR\",\"url\":\"https:\/\/secure.gravatar.com\/avatar\/6ba92a37d621e1a83e23710251178a12?s=96&d=mm&r=g\",\"caption\":\"Leonardo Ribeiro\"},\"sameAs\":[\"http:\/\/www.polisrecreio.com.br\"]}]}<\/script>\n<!-- \/ Yoast SEO plugin. -->","_links":{"self":[{"href":"https:\/\/www.polisrecreio.com.br\/site\/wp-json\/wp\/v2\/posts\/2138"}],"collection":[{"href":"https:\/\/www.polisrecreio.com.br\/site\/wp-json\/wp\/v2\/posts"}],"about":[{"href":"https:\/\/www.polisrecreio.com.br\/site\/wp-json\/wp\/v2\/types\/post"}],"author":[{"embeddable":true,"href":"https:\/\/www.polisrecreio.com.br\/site\/wp-json\/wp\/v2\/users\/3"}],"replies":[{"embeddable":true,"href":"https:\/\/www.polisrecreio.com.br\/site\/wp-json\/wp\/v2\/comments?post=2138"}],"version-history":[{"count":3,"href":"https:\/\/www.polisrecreio.com.br\/site\/wp-json\/wp\/v2\/posts\/2138\/revisions"}],"predecessor-version":[{"id":2144,"href":"https:\/\/www.polisrecreio.com.br\/site\/wp-json\/wp\/v2\/posts\/2138\/revisions\/2144"}],"wp:featuredmedia":[{"embeddable":true,"href":"https:\/\/www.polisrecreio.com.br\/site\/wp-json\/wp\/v2\/media\/2139"}],"wp:attachment":[{"href":"https:\/\/www.polisrecreio.com.br\/site\/wp-json\/wp\/v2\/media?parent=2138"}],"wp:term":[{"taxonomy":"category","embeddable":true,"href":"https:\/\/www.polisrecreio.com.br\/site\/wp-json\/wp\/v2\/categories?post=2138"},{"taxonomy":"post_tag","embeddable":true,"href":"https:\/\/www.polisrecreio.com.br\/site\/wp-json\/wp\/v2\/tags?post=2138"}],"curies":[{"name":"wp","href":"https:\/\/api.w.org\/{rel}","templated":true}]}}