{"id":22719,"date":"2022-02-14T13:53:46","date_gmt":"2022-02-14T16:53:46","guid":{"rendered":"http:\/\/www.polisrecreio.com.br\/site\/?p=22719"},"modified":"2022-02-14T13:54:44","modified_gmt":"2022-02-14T16:54:44","slug":"covid-19-recreio-vacinou-60-das-criancas-com-a-primeira-dose","status":"publish","type":"post","link":"https:\/\/www.polisrecreio.com.br\/site\/2022\/02\/14\/covid-19-recreio-vacinou-60-das-criancas-com-a-primeira-dose\/","title":{"rendered":"Covid-19: Recreio vacinou 60% das crian\u00e7as com a primeira dose"},"content":{"rendered":"<p style=\"text-align: justify;\">Quase 30 dias depois de iniciar a campanha de vacina\u00e7\u00e3o contra a covid-19 para as crian\u00e7as de 5 a 11 anos em Recreio, 60% deste p\u00fablico j\u00e1 foi vacinado com a primeira dose.<\/p>\n<p><!--more--><\/p>\n<figure id=\"attachment_22521\" aria-describedby=\"caption-attachment-22521\" style=\"width: 750px\" class=\"wp-caption alignnone\"><a href=\"http:\/\/www.polisrecreio.com.br\/site\/wp-content\/uploads\/2022\/01\/DSC_0054-1.jpg\"><img loading=\"lazy\" class=\"size-full wp-image-22521\" src=\"http:\/\/www.polisrecreio.com.br\/site\/wp-content\/uploads\/2022\/01\/DSC_0054-1.jpg\" alt=\"\" width=\"750\" height=\"500\" srcset=\"https:\/\/www.polisrecreio.com.br\/site\/wp-content\/uploads\/2022\/01\/DSC_0054-1.jpg 750w, https:\/\/www.polisrecreio.com.br\/site\/wp-content\/uploads\/2022\/01\/DSC_0054-1-300x200.jpg 300w\" sizes=\"(max-width: 750px) 100vw, 750px\" \/><\/a><figcaption id=\"caption-attachment-22521\" class=\"wp-caption-text\">Secret\u00e1rio, Felipe Meira; Vitinho e sua m\u00e3e; t\u00e9cnica, Ana Paula; e coordenador, Werner de Mello; durante a aplica\u00e7\u00e3o da primeira vacina em crian\u00e7as.<\/figcaption><\/figure>\n<p style=\"text-align: justify;\">A primeira crian\u00e7a a ser vacinada foi o pequeno Edson Victor Barbosa Rufino \u201cVitinho\u201d, ele tem 10 anos. Vitinho tomou o imunizante na Unidade de Sa\u00fade Samuel Siqueira de Oliveira.<\/p>\n<p style=\"text-align: justify;\">A campanha segue conforme a disponibilidade de doses e os dias, hor\u00e1rios e locais, s\u00e3o sempre divulgados previamente pela Secretaria Municipal de Sa\u00fade.<\/p>\n","protected":false},"excerpt":{"rendered":"<p>Quase 30 dias depois de iniciar a campanha de vacina\u00e7\u00e3o contra a covid-19 para as crian\u00e7as de 5 a 11 anos em Recreio, 60% deste p\u00fablico j\u00e1 foi vacinado com a primeira dose.<\/p>\n","protected":false},"author":3,"featured_media":0,"comment_status":"open","ping_status":"open","sticky":false,"template":"","format":"standard","meta":[],"categories":[7],"tags":[],"yoast_head":"<!-- This site is optimized with the Yoast SEO plugin v15.6.2 - https:\/\/yoast.com\/wordpress\/plugins\/seo\/ -->\n<meta name=\"robots\" content=\"index, follow, max-snippet:-1, max-image-preview:large, max-video-preview:-1\" \/>\n<link rel=\"canonical\" href=\"http:\/\/www.polisrecreio.com.br\/site\/2022\/02\/14\/covid-19-recreio-vacinou-60-das-criancas-com-a-primeira-dose\/\" \/>\n<meta property=\"og:locale\" content=\"pt_BR\" \/>\n<meta property=\"og:type\" content=\"article\" \/>\n<meta property=\"og:title\" content=\"Covid-19: Recreio vacinou 60% das crian\u00e7as com a primeira dose - P\u00f3lis Recreio\" \/>\n<meta property=\"og:description\" content=\"Quase 30 dias depois de iniciar a campanha de vacina\u00e7\u00e3o contra a covid-19 para as crian\u00e7as de 5 a 11 anos em Recreio, 60% deste p\u00fablico j\u00e1 foi vacinado com a primeira dose.\" \/>\n<meta property=\"og:url\" content=\"http:\/\/www.polisrecreio.com.br\/site\/2022\/02\/14\/covid-19-recreio-vacinou-60-das-criancas-com-a-primeira-dose\/\" \/>\n<meta property=\"og:site_name\" content=\"P\u00f3lis Recreio\" \/>\n<meta property=\"article:publisher\" content=\"https:\/\/www.facebook.com\/Site-P%c3%b3lis-Recreio-MG-181941708571019\/\" \/>\n<meta property=\"article:published_time\" content=\"2022-02-14T16:53:46+00:00\" \/>\n<meta property=\"article:modified_time\" content=\"2022-02-14T16:54:44+00:00\" \/>\n<meta property=\"og:image\" content=\"http:\/\/www.polisrecreio.com.br\/site\/wp-content\/uploads\/2022\/01\/DSC_0054-1.jpg\" \/>\n<meta name=\"twitter:card\" content=\"summary_large_image\" \/>\n<meta name=\"twitter:creator\" content=\"@PolisRecreio\" \/>\n<meta name=\"twitter:site\" content=\"@PolisRecreio\" \/>\n<meta name=\"twitter:label1\" content=\"Est. reading time\">\n\t<meta name=\"twitter:data1\" content=\"1 minuto\">\n<script type=\"application\/ld+json\" class=\"yoast-schema-graph\">{\"@context\":\"https:\/\/schema.org\",\"@graph\":[{\"@type\":\"WebSite\",\"@id\":\"https:\/\/www.polisrecreio.com.br\/site\/#website\",\"url\":\"https:\/\/www.polisrecreio.com.br\/site\/\",\"name\":\"P\\u00f3lis Recreio\",\"description\":\"\",\"potentialAction\":[{\"@type\":\"SearchAction\",\"target\":\"https:\/\/www.polisrecreio.com.br\/site\/?s={search_term_string}\",\"query-input\":\"required name=search_term_string\"}],\"inLanguage\":\"pt-BR\"},{\"@type\":\"ImageObject\",\"@id\":\"http:\/\/www.polisrecreio.com.br\/site\/2022\/02\/14\/covid-19-recreio-vacinou-60-das-criancas-com-a-primeira-dose\/#primaryimage\",\"inLanguage\":\"pt-BR\",\"url\":\"http:\/\/www.polisrecreio.com.br\/site\/wp-content\/uploads\/2022\/01\/DSC_0054-1.jpg\"},{\"@type\":\"WebPage\",\"@id\":\"http:\/\/www.polisrecreio.com.br\/site\/2022\/02\/14\/covid-19-recreio-vacinou-60-das-criancas-com-a-primeira-dose\/#webpage\",\"url\":\"http:\/\/www.polisrecreio.com.br\/site\/2022\/02\/14\/covid-19-recreio-vacinou-60-das-criancas-com-a-primeira-dose\/\",\"name\":\"Covid-19: Recreio vacinou 60% das crian\\u00e7as com a primeira dose - P\\u00f3lis Recreio\",\"isPartOf\":{\"@id\":\"https:\/\/www.polisrecreio.com.br\/site\/#website\"},\"primaryImageOfPage\":{\"@id\":\"http:\/\/www.polisrecreio.com.br\/site\/2022\/02\/14\/covid-19-recreio-vacinou-60-das-criancas-com-a-primeira-dose\/#primaryimage\"},\"datePublished\":\"2022-02-14T16:53:46+00:00\",\"dateModified\":\"2022-02-14T16:54:44+00:00\",\"author\":{\"@id\":\"https:\/\/www.polisrecreio.com.br\/site\/#\/schema\/person\/3363c1c78e1e28e1329d97adb387638e\"},\"inLanguage\":\"pt-BR\",\"potentialAction\":[{\"@type\":\"ReadAction\",\"target\":[\"http:\/\/www.polisrecreio.com.br\/site\/2022\/02\/14\/covid-19-recreio-vacinou-60-das-criancas-com-a-primeira-dose\/\"]}]},{\"@type\":\"Person\",\"@id\":\"https:\/\/www.polisrecreio.com.br\/site\/#\/schema\/person\/3363c1c78e1e28e1329d97adb387638e\",\"name\":\"Leonardo Ribeiro\",\"image\":{\"@type\":\"ImageObject\",\"@id\":\"https:\/\/www.polisrecreio.com.br\/site\/#personlogo\",\"inLanguage\":\"pt-BR\",\"url\":\"https:\/\/secure.gravatar.com\/avatar\/6ba92a37d621e1a83e23710251178a12?s=96&d=mm&r=g\",\"caption\":\"Leonardo Ribeiro\"},\"sameAs\":[\"http:\/\/www.polisrecreio.com.br\"]}]}<\/script>\n<!-- \/ Yoast SEO plugin. -->","_links":{"self":[{"href":"https:\/\/www.polisrecreio.com.br\/site\/wp-json\/wp\/v2\/posts\/22719"}],"collection":[{"href":"https:\/\/www.polisrecreio.com.br\/site\/wp-json\/wp\/v2\/posts"}],"about":[{"href":"https:\/\/www.polisrecreio.com.br\/site\/wp-json\/wp\/v2\/types\/post"}],"author":[{"embeddable":true,"href":"https:\/\/www.polisrecreio.com.br\/site\/wp-json\/wp\/v2\/users\/3"}],"replies":[{"embeddable":true,"href":"https:\/\/www.polisrecreio.com.br\/site\/wp-json\/wp\/v2\/comments?post=22719"}],"version-history":[{"count":3,"href":"https:\/\/www.polisrecreio.com.br\/site\/wp-json\/wp\/v2\/posts\/22719\/revisions"}],"predecessor-version":[{"id":22722,"href":"https:\/\/www.polisrecreio.com.br\/site\/wp-json\/wp\/v2\/posts\/22719\/revisions\/22722"}],"wp:attachment":[{"href":"https:\/\/www.polisrecreio.com.br\/site\/wp-json\/wp\/v2\/media?parent=22719"}],"wp:term":[{"taxonomy":"category","embeddable":true,"href":"https:\/\/www.polisrecreio.com.br\/site\/wp-json\/wp\/v2\/categories?post=22719"},{"taxonomy":"post_tag","embeddable":true,"href":"https:\/\/www.polisrecreio.com.br\/site\/wp-json\/wp\/v2\/tags?post=22719"}],"curies":[{"name":"wp","href":"https:\/\/api.w.org\/{rel}","templated":true}]}}