{"id":22736,"date":"2022-02-15T08:53:02","date_gmt":"2022-02-15T11:53:02","guid":{"rendered":"http:\/\/www.polisrecreio.com.br\/site\/?p=22736"},"modified":"2022-02-15T08:59:06","modified_gmt":"2022-02-15T11:59:06","slug":"ano-legislativo-em-recreio-e-aberto-com-tom-harmonico-entre-os-poderes","status":"publish","type":"post","link":"https:\/\/www.polisrecreio.com.br\/site\/2022\/02\/15\/ano-legislativo-em-recreio-e-aberto-com-tom-harmonico-entre-os-poderes\/","title":{"rendered":"Ano legislativo em Recreio \u00e9 aberto com tom harm\u00f4nico entre os Poderes"},"content":{"rendered":"<p style=\"text-align: justify;\">Na \u00faltima segunda-feira (14), foi aberto o ano legislativo em Recreio, sob presid\u00eancia do vereador Douglas Moreira (PSB). A sess\u00e3o contou com a participa\u00e7\u00e3o de ex-presidentes da C\u00e2mara, do prefeito, da primeira-dama, do vice-prefeito de Recreio e lideran\u00e7as religiosas. O tom harm\u00f4nico entre os Poderes Legislativo e Executivo foi a marca deste primeiro encontro.<\/p>\n<p><!--more--><\/p>\n<p><a href=\"http:\/\/www.polisrecreio.com.br\/site\/wp-content\/uploads\/2022\/02\/DSC_0009.jpg\"><img loading=\"lazy\" class=\"aligncenter size-full wp-image-22740\" src=\"http:\/\/www.polisrecreio.com.br\/site\/wp-content\/uploads\/2022\/02\/DSC_0009.jpg\" alt=\"\" width=\"750\" height=\"500\" srcset=\"https:\/\/www.polisrecreio.com.br\/site\/wp-content\/uploads\/2022\/02\/DSC_0009.jpg 750w, https:\/\/www.polisrecreio.com.br\/site\/wp-content\/uploads\/2022\/02\/DSC_0009-300x200.jpg 300w\" sizes=\"(max-width: 750px) 100vw, 750px\" \/><\/a><\/p>\n<p style=\"text-align: justify;\">Tr\u00eas Projetos de Lei entraram na pauta:<\/p>\n<p style=\"text-align: justify;\">Autoria do executivo<\/p>\n<ul>\n<li style=\"text-align: justify;\">regulamenta\u00e7\u00e3o dos servi\u00e7os de t\u00e1xi;<\/li>\n<li style=\"text-align: justify;\">cria\u00e7\u00e3o dos servi\u00e7os de motot\u00e1xi, motofretista e motoboy.<\/li>\n<\/ul>\n<p style=\"text-align: justify;\">Autoria do presidente Douglas Moreira<\/p>\n<ul style=\"text-align: justify;\">\n<li>cria\u00e7\u00e3o do Cord\u00e3o\/Colar de Girassol para pessoas com defici\u00eancias ou transtornos ocultos em Recreio para facilitar a identifica\u00e7\u00e3o e o atendimento preferencial.<\/li>\n<\/ul>\n<p style=\"text-align: justify;\">As mat\u00e9rias lidas seguir\u00e3o para an\u00e1lise das comiss\u00f5es e dever\u00e3o ser votadas nas pr\u00f3ximas sess\u00f5es.<\/p>\n<p style=\"text-align: justify;\">Participaram da abertura do ano legislativo como convidados: ex-presidentes, No\u00e9, Zez\u00e9 Dorigo e Izaque Amorim; prefeito de Recreio, Z\u00e9 Maria Barros; primeira-dama, Patr\u00edcia Surerus; vice-prefeito, L\u00e9o Medeiros; lideran\u00e7as religiosas, Pastor Marquinho Oliveira (Igreja Nova Alian\u00e7a) e Pastor Wilson Jos\u00e9 (Igreja Congregacional Peniel).<\/p>\n<p><a href=\"http:\/\/www.polisrecreio.com.br\/site\/wp-content\/uploads\/2022\/02\/DSC_0002.jpg\"><img loading=\"lazy\" class=\"aligncenter size-full wp-image-22737\" src=\"http:\/\/www.polisrecreio.com.br\/site\/wp-content\/uploads\/2022\/02\/DSC_0002.jpg\" alt=\"\" width=\"750\" height=\"500\" srcset=\"https:\/\/www.polisrecreio.com.br\/site\/wp-content\/uploads\/2022\/02\/DSC_0002.jpg 750w, https:\/\/www.polisrecreio.com.br\/site\/wp-content\/uploads\/2022\/02\/DSC_0002-300x200.jpg 300w\" sizes=\"(max-width: 750px) 100vw, 750px\" \/><\/a><\/p>\n<p><a href=\"http:\/\/www.polisrecreio.com.br\/site\/wp-content\/uploads\/2022\/02\/DSC_0004.jpg\"><img loading=\"lazy\" class=\"aligncenter size-full wp-image-22738\" src=\"http:\/\/www.polisrecreio.com.br\/site\/wp-content\/uploads\/2022\/02\/DSC_0004.jpg\" alt=\"\" width=\"750\" height=\"500\" srcset=\"https:\/\/www.polisrecreio.com.br\/site\/wp-content\/uploads\/2022\/02\/DSC_0004.jpg 750w, https:\/\/www.polisrecreio.com.br\/site\/wp-content\/uploads\/2022\/02\/DSC_0004-300x200.jpg 300w\" sizes=\"(max-width: 750px) 100vw, 750px\" \/><\/a><\/p>\n<p><a href=\"http:\/\/www.polisrecreio.com.br\/site\/wp-content\/uploads\/2022\/02\/DSC_0012.jpg\"><img loading=\"lazy\" class=\"aligncenter size-full wp-image-22741\" src=\"http:\/\/www.polisrecreio.com.br\/site\/wp-content\/uploads\/2022\/02\/DSC_0012.jpg\" alt=\"\" width=\"750\" height=\"500\" srcset=\"https:\/\/www.polisrecreio.com.br\/site\/wp-content\/uploads\/2022\/02\/DSC_0012.jpg 750w, https:\/\/www.polisrecreio.com.br\/site\/wp-content\/uploads\/2022\/02\/DSC_0012-300x200.jpg 300w\" sizes=\"(max-width: 750px) 100vw, 750px\" \/><\/a><\/p>\n<p><a href=\"http:\/\/www.polisrecreio.com.br\/site\/wp-content\/uploads\/2022\/02\/DSC_0014.jpg\"><img loading=\"lazy\" class=\"aligncenter size-full wp-image-22742\" src=\"http:\/\/www.polisrecreio.com.br\/site\/wp-content\/uploads\/2022\/02\/DSC_0014.jpg\" alt=\"\" width=\"750\" height=\"500\" srcset=\"https:\/\/www.polisrecreio.com.br\/site\/wp-content\/uploads\/2022\/02\/DSC_0014.jpg 750w, https:\/\/www.polisrecreio.com.br\/site\/wp-content\/uploads\/2022\/02\/DSC_0014-300x200.jpg 300w\" sizes=\"(max-width: 750px) 100vw, 750px\" \/><\/a><\/p>\n<p><a href=\"http:\/\/www.polisrecreio.com.br\/site\/wp-content\/uploads\/2022\/02\/DSC_0018.jpg\"><img loading=\"lazy\" class=\"aligncenter size-full wp-image-22743\" src=\"http:\/\/www.polisrecreio.com.br\/site\/wp-content\/uploads\/2022\/02\/DSC_0018.jpg\" alt=\"\" width=\"750\" height=\"500\" srcset=\"https:\/\/www.polisrecreio.com.br\/site\/wp-content\/uploads\/2022\/02\/DSC_0018.jpg 750w, https:\/\/www.polisrecreio.com.br\/site\/wp-content\/uploads\/2022\/02\/DSC_0018-300x200.jpg 300w\" sizes=\"(max-width: 750px) 100vw, 750px\" \/><\/a><\/p>\n<p><a href=\"http:\/\/www.polisrecreio.com.br\/site\/wp-content\/uploads\/2022\/02\/DSC_0020.jpg\"><img loading=\"lazy\" class=\"aligncenter size-full wp-image-22744\" src=\"http:\/\/www.polisrecreio.com.br\/site\/wp-content\/uploads\/2022\/02\/DSC_0020.jpg\" alt=\"\" width=\"750\" height=\"500\" srcset=\"https:\/\/www.polisrecreio.com.br\/site\/wp-content\/uploads\/2022\/02\/DSC_0020.jpg 750w, https:\/\/www.polisrecreio.com.br\/site\/wp-content\/uploads\/2022\/02\/DSC_0020-300x200.jpg 300w\" sizes=\"(max-width: 750px) 100vw, 750px\" \/><\/a><\/p>\n<p><a href=\"http:\/\/www.polisrecreio.com.br\/site\/wp-content\/uploads\/2022\/02\/DSC_0023.jpg\"><img loading=\"lazy\" class=\"aligncenter size-full wp-image-22745\" src=\"http:\/\/www.polisrecreio.com.br\/site\/wp-content\/uploads\/2022\/02\/DSC_0023.jpg\" alt=\"\" width=\"750\" height=\"500\" srcset=\"https:\/\/www.polisrecreio.com.br\/site\/wp-content\/uploads\/2022\/02\/DSC_0023.jpg 750w, https:\/\/www.polisrecreio.com.br\/site\/wp-content\/uploads\/2022\/02\/DSC_0023-300x200.jpg 300w\" sizes=\"(max-width: 750px) 100vw, 750px\" \/><\/a><\/p>\n<p><a href=\"http:\/\/www.polisrecreio.com.br\/site\/wp-content\/uploads\/2022\/02\/DSC_0026.jpg\"><img loading=\"lazy\" class=\"aligncenter size-full wp-image-22746\" src=\"http:\/\/www.polisrecreio.com.br\/site\/wp-content\/uploads\/2022\/02\/DSC_0026.jpg\" alt=\"\" width=\"750\" height=\"500\" srcset=\"https:\/\/www.polisrecreio.com.br\/site\/wp-content\/uploads\/2022\/02\/DSC_0026.jpg 750w, https:\/\/www.polisrecreio.com.br\/site\/wp-content\/uploads\/2022\/02\/DSC_0026-300x200.jpg 300w\" sizes=\"(max-width: 750px) 100vw, 750px\" \/><\/a><\/p>\n<p><a href=\"http:\/\/www.polisrecreio.com.br\/site\/wp-content\/uploads\/2022\/02\/DSC_0029.jpg\"><img loading=\"lazy\" class=\"aligncenter size-full wp-image-22747\" src=\"http:\/\/www.polisrecreio.com.br\/site\/wp-content\/uploads\/2022\/02\/DSC_0029.jpg\" alt=\"\" width=\"750\" height=\"500\" srcset=\"https:\/\/www.polisrecreio.com.br\/site\/wp-content\/uploads\/2022\/02\/DSC_0029.jpg 750w, https:\/\/www.polisrecreio.com.br\/site\/wp-content\/uploads\/2022\/02\/DSC_0029-300x200.jpg 300w\" sizes=\"(max-width: 750px) 100vw, 750px\" \/><\/a><\/p>\n<p><a href=\"http:\/\/www.polisrecreio.com.br\/site\/wp-content\/uploads\/2022\/02\/DSC_0032.jpg\"><img loading=\"lazy\" class=\"aligncenter size-full wp-image-22748\" src=\"http:\/\/www.polisrecreio.com.br\/site\/wp-content\/uploads\/2022\/02\/DSC_0032.jpg\" alt=\"\" width=\"750\" height=\"500\" srcset=\"https:\/\/www.polisrecreio.com.br\/site\/wp-content\/uploads\/2022\/02\/DSC_0032.jpg 750w, https:\/\/www.polisrecreio.com.br\/site\/wp-content\/uploads\/2022\/02\/DSC_0032-300x200.jpg 300w\" sizes=\"(max-width: 750px) 100vw, 750px\" \/><\/a><\/p>\n<p><a href=\"http:\/\/www.polisrecreio.com.br\/site\/wp-content\/uploads\/2022\/02\/DSC_0035-1.jpg\"><img loading=\"lazy\" class=\"aligncenter size-full wp-image-22749\" src=\"http:\/\/www.polisrecreio.com.br\/site\/wp-content\/uploads\/2022\/02\/DSC_0035-1.jpg\" alt=\"\" width=\"750\" height=\"500\" srcset=\"https:\/\/www.polisrecreio.com.br\/site\/wp-content\/uploads\/2022\/02\/DSC_0035-1.jpg 750w, https:\/\/www.polisrecreio.com.br\/site\/wp-content\/uploads\/2022\/02\/DSC_0035-1-300x200.jpg 300w\" sizes=\"(max-width: 750px) 100vw, 750px\" \/><\/a><\/p>\n<p><a href=\"http:\/\/www.polisrecreio.com.br\/site\/wp-content\/uploads\/2022\/02\/DSC_0037.jpg\"><img loading=\"lazy\" class=\"aligncenter size-full wp-image-22750\" src=\"http:\/\/www.polisrecreio.com.br\/site\/wp-content\/uploads\/2022\/02\/DSC_0037.jpg\" alt=\"\" width=\"750\" height=\"500\" srcset=\"https:\/\/www.polisrecreio.com.br\/site\/wp-content\/uploads\/2022\/02\/DSC_0037.jpg 750w, https:\/\/www.polisrecreio.com.br\/site\/wp-content\/uploads\/2022\/02\/DSC_0037-300x200.jpg 300w\" sizes=\"(max-width: 750px) 100vw, 750px\" \/><\/a><\/p>\n<p><a href=\"http:\/\/www.polisrecreio.com.br\/site\/wp-content\/uploads\/2022\/02\/DSC_0039.jpg\"><img loading=\"lazy\" class=\"aligncenter size-full wp-image-22751\" src=\"http:\/\/www.polisrecreio.com.br\/site\/wp-content\/uploads\/2022\/02\/DSC_0039.jpg\" alt=\"\" width=\"750\" height=\"500\" srcset=\"https:\/\/www.polisrecreio.com.br\/site\/wp-content\/uploads\/2022\/02\/DSC_0039.jpg 750w, https:\/\/www.polisrecreio.com.br\/site\/wp-content\/uploads\/2022\/02\/DSC_0039-300x200.jpg 300w\" sizes=\"(max-width: 750px) 100vw, 750px\" \/><\/a><\/p>\n","protected":false},"excerpt":{"rendered":"<p>Na \u00faltima segunda-feira (14), foi aberto o ano legislativo em Recreio, sob presid\u00eancia do vereador Douglas Moreira (PSB). A sess\u00e3o contou com a participa\u00e7\u00e3o de ex-presidentes da C\u00e2mara, do prefeito, da primeira-dama, do vice-prefeito de Recreio e lideran\u00e7as religiosas. O tom harm\u00f4nico entre os Poderes Legislativo e Executivo foi a marca deste primeiro encontro.<\/p>\n","protected":false},"author":3,"featured_media":0,"comment_status":"open","ping_status":"open","sticky":false,"template":"","format":"standard","meta":[],"categories":[6],"tags":[],"yoast_head":"<!-- This site is optimized with the Yoast SEO plugin v15.6.2 - https:\/\/yoast.com\/wordpress\/plugins\/seo\/ -->\n<meta name=\"robots\" content=\"index, follow, max-snippet:-1, max-image-preview:large, max-video-preview:-1\" \/>\n<link rel=\"canonical\" href=\"http:\/\/www.polisrecreio.com.br\/site\/2022\/02\/15\/ano-legislativo-em-recreio-e-aberto-com-tom-harmonico-entre-os-poderes\/\" \/>\n<meta property=\"og:locale\" content=\"pt_BR\" \/>\n<meta property=\"og:type\" content=\"article\" \/>\n<meta property=\"og:title\" content=\"Ano legislativo em Recreio \u00e9 aberto com tom harm\u00f4nico entre os Poderes - P\u00f3lis Recreio\" \/>\n<meta property=\"og:description\" content=\"Na \u00faltima segunda-feira (14), foi aberto o ano legislativo em Recreio, sob presid\u00eancia do vereador Douglas Moreira (PSB). A sess\u00e3o contou com a participa\u00e7\u00e3o de ex-presidentes da C\u00e2mara, do prefeito, da primeira-dama, do vice-prefeito de Recreio e lideran\u00e7as religiosas. O tom harm\u00f4nico entre os Poderes Legislativo e Executivo foi a marca deste primeiro encontro.\" \/>\n<meta property=\"og:url\" content=\"http:\/\/www.polisrecreio.com.br\/site\/2022\/02\/15\/ano-legislativo-em-recreio-e-aberto-com-tom-harmonico-entre-os-poderes\/\" \/>\n<meta property=\"og:site_name\" content=\"P\u00f3lis Recreio\" \/>\n<meta property=\"article:publisher\" content=\"https:\/\/www.facebook.com\/Site-P%c3%b3lis-Recreio-MG-181941708571019\/\" \/>\n<meta property=\"article:published_time\" content=\"2022-02-15T11:53:02+00:00\" \/>\n<meta property=\"article:modified_time\" content=\"2022-02-15T11:59:06+00:00\" \/>\n<meta property=\"og:image\" content=\"http:\/\/www.polisrecreio.com.br\/site\/wp-content\/uploads\/2022\/02\/DSC_0009.jpg\" \/>\n<meta name=\"twitter:card\" content=\"summary_large_image\" \/>\n<meta name=\"twitter:creator\" content=\"@PolisRecreio\" \/>\n<meta name=\"twitter:site\" content=\"@PolisRecreio\" \/>\n<meta name=\"twitter:label1\" content=\"Est. reading time\">\n\t<meta name=\"twitter:data1\" content=\"4 minutos\">\n<script type=\"application\/ld+json\" class=\"yoast-schema-graph\">{\"@context\":\"https:\/\/schema.org\",\"@graph\":[{\"@type\":\"WebSite\",\"@id\":\"https:\/\/www.polisrecreio.com.br\/site\/#website\",\"url\":\"https:\/\/www.polisrecreio.com.br\/site\/\",\"name\":\"P\\u00f3lis Recreio\",\"description\":\"\",\"potentialAction\":[{\"@type\":\"SearchAction\",\"target\":\"https:\/\/www.polisrecreio.com.br\/site\/?s={search_term_string}\",\"query-input\":\"required name=search_term_string\"}],\"inLanguage\":\"pt-BR\"},{\"@type\":\"ImageObject\",\"@id\":\"http:\/\/www.polisrecreio.com.br\/site\/2022\/02\/15\/ano-legislativo-em-recreio-e-aberto-com-tom-harmonico-entre-os-poderes\/#primaryimage\",\"inLanguage\":\"pt-BR\",\"url\":\"http:\/\/www.polisrecreio.com.br\/site\/wp-content\/uploads\/2022\/02\/DSC_0009.jpg\"},{\"@type\":\"WebPage\",\"@id\":\"http:\/\/www.polisrecreio.com.br\/site\/2022\/02\/15\/ano-legislativo-em-recreio-e-aberto-com-tom-harmonico-entre-os-poderes\/#webpage\",\"url\":\"http:\/\/www.polisrecreio.com.br\/site\/2022\/02\/15\/ano-legislativo-em-recreio-e-aberto-com-tom-harmonico-entre-os-poderes\/\",\"name\":\"Ano legislativo em Recreio \\u00e9 aberto com tom harm\\u00f4nico entre os Poderes - P\\u00f3lis Recreio\",\"isPartOf\":{\"@id\":\"https:\/\/www.polisrecreio.com.br\/site\/#website\"},\"primaryImageOfPage\":{\"@id\":\"http:\/\/www.polisrecreio.com.br\/site\/2022\/02\/15\/ano-legislativo-em-recreio-e-aberto-com-tom-harmonico-entre-os-poderes\/#primaryimage\"},\"datePublished\":\"2022-02-15T11:53:02+00:00\",\"dateModified\":\"2022-02-15T11:59:06+00:00\",\"author\":{\"@id\":\"https:\/\/www.polisrecreio.com.br\/site\/#\/schema\/person\/3363c1c78e1e28e1329d97adb387638e\"},\"inLanguage\":\"pt-BR\",\"potentialAction\":[{\"@type\":\"ReadAction\",\"target\":[\"http:\/\/www.polisrecreio.com.br\/site\/2022\/02\/15\/ano-legislativo-em-recreio-e-aberto-com-tom-harmonico-entre-os-poderes\/\"]}]},{\"@type\":\"Person\",\"@id\":\"https:\/\/www.polisrecreio.com.br\/site\/#\/schema\/person\/3363c1c78e1e28e1329d97adb387638e\",\"name\":\"Leonardo Ribeiro\",\"image\":{\"@type\":\"ImageObject\",\"@id\":\"https:\/\/www.polisrecreio.com.br\/site\/#personlogo\",\"inLanguage\":\"pt-BR\",\"url\":\"https:\/\/secure.gravatar.com\/avatar\/6ba92a37d621e1a83e23710251178a12?s=96&d=mm&r=g\",\"caption\":\"Leonardo Ribeiro\"},\"sameAs\":[\"http:\/\/www.polisrecreio.com.br\"]}]}<\/script>\n<!-- \/ Yoast SEO plugin. -->","_links":{"self":[{"href":"https:\/\/www.polisrecreio.com.br\/site\/wp-json\/wp\/v2\/posts\/22736"}],"collection":[{"href":"https:\/\/www.polisrecreio.com.br\/site\/wp-json\/wp\/v2\/posts"}],"about":[{"href":"https:\/\/www.polisrecreio.com.br\/site\/wp-json\/wp\/v2\/types\/post"}],"author":[{"embeddable":true,"href":"https:\/\/www.polisrecreio.com.br\/site\/wp-json\/wp\/v2\/users\/3"}],"replies":[{"embeddable":true,"href":"https:\/\/www.polisrecreio.com.br\/site\/wp-json\/wp\/v2\/comments?post=22736"}],"version-history":[{"count":6,"href":"https:\/\/www.polisrecreio.com.br\/site\/wp-json\/wp\/v2\/posts\/22736\/revisions"}],"predecessor-version":[{"id":22757,"href":"https:\/\/www.polisrecreio.com.br\/site\/wp-json\/wp\/v2\/posts\/22736\/revisions\/22757"}],"wp:attachment":[{"href":"https:\/\/www.polisrecreio.com.br\/site\/wp-json\/wp\/v2\/media?parent=22736"}],"wp:term":[{"taxonomy":"category","embeddable":true,"href":"https:\/\/www.polisrecreio.com.br\/site\/wp-json\/wp\/v2\/categories?post=22736"},{"taxonomy":"post_tag","embeddable":true,"href":"https:\/\/www.polisrecreio.com.br\/site\/wp-json\/wp\/v2\/tags?post=22736"}],"curies":[{"name":"wp","href":"https:\/\/api.w.org\/{rel}","templated":true}]}}