{"id":22758,"date":"2022-02-15T13:24:07","date_gmt":"2022-02-15T16:24:07","guid":{"rendered":"http:\/\/www.polisrecreio.com.br\/site\/?p=22758"},"modified":"2022-02-15T13:24:07","modified_gmt":"2022-02-15T16:24:07","slug":"problema-antigo-em-conceicao-da-boa-vista-abastecimento-de-agua","status":"publish","type":"post","link":"https:\/\/www.polisrecreio.com.br\/site\/2022\/02\/15\/problema-antigo-em-conceicao-da-boa-vista-abastecimento-de-agua\/","title":{"rendered":"Problema antigo em Concei\u00e7\u00e3o da Boa Vista: abastecimento de \u00e1gua"},"content":{"rendered":"<p style=\"text-align: justify;\">Desde o in\u00edcio de fevereiro, a maioria dos moradores de Concei\u00e7\u00e3o da Boa Vista est\u00e3o passando por um problema antigo no distrito: abastecimento de \u00e1gua.<\/p>\n<p><!--more--><\/p>\n<figure id=\"attachment_22759\" aria-describedby=\"caption-attachment-22759\" style=\"width: 750px\" class=\"wp-caption aligncenter\"><a href=\"http:\/\/www.polisrecreio.com.br\/site\/wp-content\/uploads\/2022\/02\/DSC_0039-1.jpg\"><img loading=\"lazy\" class=\"size-full wp-image-22759\" src=\"http:\/\/www.polisrecreio.com.br\/site\/wp-content\/uploads\/2022\/02\/DSC_0039-1.jpg\" alt=\"\" width=\"750\" height=\"500\" srcset=\"https:\/\/www.polisrecreio.com.br\/site\/wp-content\/uploads\/2022\/02\/DSC_0039-1.jpg 750w, https:\/\/www.polisrecreio.com.br\/site\/wp-content\/uploads\/2022\/02\/DSC_0039-1-300x200.jpg 300w\" sizes=\"(max-width: 750px) 100vw, 750px\" \/><\/a><figcaption id=\"caption-attachment-22759\" class=\"wp-caption-text\">Largo da Matriz, em Concei\u00e7\u00e3o da Boa Vista.<\/figcaption><\/figure>\n<p style=\"text-align: justify;\">V\u00e1rios moradores entraram em contato com o Site P\u00f3lis. Em algumas casas, por causa da localiza\u00e7\u00e3o mais alta, o sistema de fornecimento n\u00e3o consegue sequer encher uma caixa d\u2019\u00e1gua. Este fato acontece em sua maioria na regi\u00e3o do Largo da Matriz.<\/p>\n<p style=\"text-align: justify;\">Em contato com o SAAE a informa\u00e7\u00e3o \u00e9 que uma nova bomba j\u00e1 foi adquirida, mas a empresa n\u00e3o tem o equipamento para pronta-entrega e a previs\u00e3o de entrega \u00e9 de 15 dias. O po\u00e7o artesiano que abastece praticamente todo distrito fica localizado na estrada Concei\u00e7\u00e3o-Barreiros.<\/p>\n<p style=\"text-align: justify;\">A Prefeitura, atrav\u00e9s da Secretaria de Desenvolvimento Urbano, est\u00e1 tentando amenizar a situa\u00e7\u00e3o levando \u00e1gua pot\u00e1vel de Recreio, em caminh\u00e3o pipa, para jogar direto na caixa de distribui\u00e7\u00e3o.<\/p>\n","protected":false},"excerpt":{"rendered":"<p>Desde o in\u00edcio de fevereiro, a maioria dos moradores de Concei\u00e7\u00e3o da Boa Vista est\u00e3o passando por um problema antigo no distrito: abastecimento de \u00e1gua.<\/p>\n","protected":false},"author":3,"featured_media":0,"comment_status":"open","ping_status":"open","sticky":false,"template":"","format":"standard","meta":[],"categories":[12],"tags":[],"yoast_head":"<!-- This site is optimized with the Yoast SEO plugin v15.6.2 - https:\/\/yoast.com\/wordpress\/plugins\/seo\/ -->\n<meta name=\"robots\" content=\"index, follow, max-snippet:-1, max-image-preview:large, max-video-preview:-1\" \/>\n<link rel=\"canonical\" href=\"http:\/\/www.polisrecreio.com.br\/site\/2022\/02\/15\/problema-antigo-em-conceicao-da-boa-vista-abastecimento-de-agua\/\" \/>\n<meta property=\"og:locale\" content=\"pt_BR\" \/>\n<meta property=\"og:type\" content=\"article\" \/>\n<meta property=\"og:title\" content=\"Problema antigo em Concei\u00e7\u00e3o da Boa Vista: abastecimento de \u00e1gua - P\u00f3lis Recreio\" \/>\n<meta property=\"og:description\" content=\"Desde o in\u00edcio de fevereiro, a maioria dos moradores de Concei\u00e7\u00e3o da Boa Vista est\u00e3o passando por um problema antigo no distrito: abastecimento de \u00e1gua.\" \/>\n<meta property=\"og:url\" content=\"http:\/\/www.polisrecreio.com.br\/site\/2022\/02\/15\/problema-antigo-em-conceicao-da-boa-vista-abastecimento-de-agua\/\" \/>\n<meta property=\"og:site_name\" content=\"P\u00f3lis Recreio\" \/>\n<meta property=\"article:publisher\" content=\"https:\/\/www.facebook.com\/Site-P%c3%b3lis-Recreio-MG-181941708571019\/\" \/>\n<meta property=\"article:published_time\" content=\"2022-02-15T16:24:07+00:00\" \/>\n<meta property=\"og:image\" content=\"http:\/\/www.polisrecreio.com.br\/site\/wp-content\/uploads\/2022\/02\/DSC_0039-1.jpg\" \/>\n<meta name=\"twitter:card\" content=\"summary_large_image\" \/>\n<meta name=\"twitter:creator\" content=\"@PolisRecreio\" \/>\n<meta name=\"twitter:site\" content=\"@PolisRecreio\" \/>\n<meta name=\"twitter:label1\" content=\"Est. reading time\">\n\t<meta name=\"twitter:data1\" content=\"1 minuto\">\n<script type=\"application\/ld+json\" class=\"yoast-schema-graph\">{\"@context\":\"https:\/\/schema.org\",\"@graph\":[{\"@type\":\"WebSite\",\"@id\":\"https:\/\/www.polisrecreio.com.br\/site\/#website\",\"url\":\"https:\/\/www.polisrecreio.com.br\/site\/\",\"name\":\"P\\u00f3lis Recreio\",\"description\":\"\",\"potentialAction\":[{\"@type\":\"SearchAction\",\"target\":\"https:\/\/www.polisrecreio.com.br\/site\/?s={search_term_string}\",\"query-input\":\"required name=search_term_string\"}],\"inLanguage\":\"pt-BR\"},{\"@type\":\"ImageObject\",\"@id\":\"http:\/\/www.polisrecreio.com.br\/site\/2022\/02\/15\/problema-antigo-em-conceicao-da-boa-vista-abastecimento-de-agua\/#primaryimage\",\"inLanguage\":\"pt-BR\",\"url\":\"http:\/\/www.polisrecreio.com.br\/site\/wp-content\/uploads\/2022\/02\/DSC_0039-1.jpg\"},{\"@type\":\"WebPage\",\"@id\":\"http:\/\/www.polisrecreio.com.br\/site\/2022\/02\/15\/problema-antigo-em-conceicao-da-boa-vista-abastecimento-de-agua\/#webpage\",\"url\":\"http:\/\/www.polisrecreio.com.br\/site\/2022\/02\/15\/problema-antigo-em-conceicao-da-boa-vista-abastecimento-de-agua\/\",\"name\":\"Problema antigo em Concei\\u00e7\\u00e3o da Boa Vista: abastecimento de \\u00e1gua - P\\u00f3lis Recreio\",\"isPartOf\":{\"@id\":\"https:\/\/www.polisrecreio.com.br\/site\/#website\"},\"primaryImageOfPage\":{\"@id\":\"http:\/\/www.polisrecreio.com.br\/site\/2022\/02\/15\/problema-antigo-em-conceicao-da-boa-vista-abastecimento-de-agua\/#primaryimage\"},\"datePublished\":\"2022-02-15T16:24:07+00:00\",\"dateModified\":\"2022-02-15T16:24:07+00:00\",\"author\":{\"@id\":\"https:\/\/www.polisrecreio.com.br\/site\/#\/schema\/person\/3363c1c78e1e28e1329d97adb387638e\"},\"inLanguage\":\"pt-BR\",\"potentialAction\":[{\"@type\":\"ReadAction\",\"target\":[\"http:\/\/www.polisrecreio.com.br\/site\/2022\/02\/15\/problema-antigo-em-conceicao-da-boa-vista-abastecimento-de-agua\/\"]}]},{\"@type\":\"Person\",\"@id\":\"https:\/\/www.polisrecreio.com.br\/site\/#\/schema\/person\/3363c1c78e1e28e1329d97adb387638e\",\"name\":\"Leonardo Ribeiro\",\"image\":{\"@type\":\"ImageObject\",\"@id\":\"https:\/\/www.polisrecreio.com.br\/site\/#personlogo\",\"inLanguage\":\"pt-BR\",\"url\":\"https:\/\/secure.gravatar.com\/avatar\/6ba92a37d621e1a83e23710251178a12?s=96&d=mm&r=g\",\"caption\":\"Leonardo Ribeiro\"},\"sameAs\":[\"http:\/\/www.polisrecreio.com.br\"]}]}<\/script>\n<!-- \/ Yoast SEO plugin. -->","_links":{"self":[{"href":"https:\/\/www.polisrecreio.com.br\/site\/wp-json\/wp\/v2\/posts\/22758"}],"collection":[{"href":"https:\/\/www.polisrecreio.com.br\/site\/wp-json\/wp\/v2\/posts"}],"about":[{"href":"https:\/\/www.polisrecreio.com.br\/site\/wp-json\/wp\/v2\/types\/post"}],"author":[{"embeddable":true,"href":"https:\/\/www.polisrecreio.com.br\/site\/wp-json\/wp\/v2\/users\/3"}],"replies":[{"embeddable":true,"href":"https:\/\/www.polisrecreio.com.br\/site\/wp-json\/wp\/v2\/comments?post=22758"}],"version-history":[{"count":1,"href":"https:\/\/www.polisrecreio.com.br\/site\/wp-json\/wp\/v2\/posts\/22758\/revisions"}],"predecessor-version":[{"id":22760,"href":"https:\/\/www.polisrecreio.com.br\/site\/wp-json\/wp\/v2\/posts\/22758\/revisions\/22760"}],"wp:attachment":[{"href":"https:\/\/www.polisrecreio.com.br\/site\/wp-json\/wp\/v2\/media?parent=22758"}],"wp:term":[{"taxonomy":"category","embeddable":true,"href":"https:\/\/www.polisrecreio.com.br\/site\/wp-json\/wp\/v2\/categories?post=22758"},{"taxonomy":"post_tag","embeddable":true,"href":"https:\/\/www.polisrecreio.com.br\/site\/wp-json\/wp\/v2\/tags?post=22758"}],"curies":[{"name":"wp","href":"https:\/\/api.w.org\/{rel}","templated":true}]}}