{"id":22761,"date":"2022-02-15T15:39:01","date_gmt":"2022-02-15T18:39:01","guid":{"rendered":"http:\/\/www.polisrecreio.com.br\/site\/?p=22761"},"modified":"2022-02-15T15:41:25","modified_gmt":"2022-02-15T18:41:25","slug":"bomba-dagua-provisoria-sera-instalada-nesta-quarta-feira-16-em-conceicao-da-boa-vista","status":"publish","type":"post","link":"https:\/\/www.polisrecreio.com.br\/site\/2022\/02\/15\/bomba-dagua-provisoria-sera-instalada-nesta-quarta-feira-16-em-conceicao-da-boa-vista\/","title":{"rendered":"Bomba d\u2019\u00e1gua provis\u00f3ria ser\u00e1 instalada nesta quarta-feira (16) em Concei\u00e7\u00e3o da Boa Vista"},"content":{"rendered":"<p style=\"text-align: justify;\">Uma bomba d\u2019\u00e1gua provis\u00f3ria ser\u00e1 instalada nesta quarta-feira (16) em Concei\u00e7\u00e3o da Boa Vista para tentar amenizar o problema de abastecimento no distrito. O equipamento foi adquirido em comodato pelo SAAE e Defesa Civil Municipal junto ao Departamento Municipal de Saneamento Urbano \u201cDEMSUR\u201d de Muria\u00e9.<\/p>\n<p><!--more--><\/p>\n<figure id=\"attachment_22763\" aria-describedby=\"caption-attachment-22763\" style=\"width: 750px\" class=\"wp-caption aligncenter\"><a href=\"http:\/\/www.polisrecreio.com.br\/site\/wp-content\/uploads\/2022\/02\/b798b0bb-5716-4335-ae37-2d25c406eeec.jpg\"><img loading=\"lazy\" class=\"size-full wp-image-22763\" src=\"http:\/\/www.polisrecreio.com.br\/site\/wp-content\/uploads\/2022\/02\/b798b0bb-5716-4335-ae37-2d25c406eeec.jpg\" alt=\"\" width=\"750\" height=\"432\" srcset=\"https:\/\/www.polisrecreio.com.br\/site\/wp-content\/uploads\/2022\/02\/b798b0bb-5716-4335-ae37-2d25c406eeec.jpg 750w, https:\/\/www.polisrecreio.com.br\/site\/wp-content\/uploads\/2022\/02\/b798b0bb-5716-4335-ae37-2d25c406eeec-300x173.jpg 300w\" sizes=\"(max-width: 750px) 100vw, 750px\" \/><\/a><figcaption id=\"caption-attachment-22763\" class=\"wp-caption-text\">Coordenador da Defesa Civil, engenheiro do SAAE e servidor municipal.<\/figcaption><\/figure>\n<p style=\"text-align: justify;\">O engenheiro do SAAE, Andr\u00e9 Costa; o coordenador da Defesa Civil, Fernando Barcellos; e o servidor municipal, Iano Ruback; foram at\u00e9 Muria\u00e9 buscar a bomba. Uma equipe t\u00e9cnica ser\u00e1 a respons\u00e1vel pela instala\u00e7\u00e3o.<\/p>\n<p style=\"text-align: justify;\">O equipamento definitivo tem previs\u00e3o de 15 dias para chegar, conforme informa\u00e7\u00f5es do SAAE.<\/p>\n<p><a href=\"http:\/\/www.polisrecreio.com.br\/site\/wp-content\/uploads\/2022\/02\/3754aaa4-f0d6-440c-b420-92cd03059660.jpg\"><img loading=\"lazy\" class=\"aligncenter size-full wp-image-22762\" src=\"http:\/\/www.polisrecreio.com.br\/site\/wp-content\/uploads\/2022\/02\/3754aaa4-f0d6-440c-b420-92cd03059660.jpg\" alt=\"\" width=\"750\" height=\"659\" srcset=\"https:\/\/www.polisrecreio.com.br\/site\/wp-content\/uploads\/2022\/02\/3754aaa4-f0d6-440c-b420-92cd03059660.jpg 750w, https:\/\/www.polisrecreio.com.br\/site\/wp-content\/uploads\/2022\/02\/3754aaa4-f0d6-440c-b420-92cd03059660-300x264.jpg 300w\" sizes=\"(max-width: 750px) 100vw, 750px\" \/><\/a><\/p>\n","protected":false},"excerpt":{"rendered":"<p>Uma bomba d\u2019\u00e1gua provis\u00f3ria ser\u00e1 instalada nesta quarta-feira (16) em Concei\u00e7\u00e3o da Boa Vista para tentar amenizar o problema de abastecimento no distrito. O equipamento foi adquirido em comodato pelo SAAE e Defesa Civil Municipal junto ao Departamento Municipal de Saneamento Urbano \u201cDEMSUR\u201d de Muria\u00e9.<\/p>\n","protected":false},"author":3,"featured_media":0,"comment_status":"open","ping_status":"open","sticky":false,"template":"","format":"standard","meta":[],"categories":[12],"tags":[],"yoast_head":"<!-- This site is optimized with the Yoast SEO plugin v15.6.2 - https:\/\/yoast.com\/wordpress\/plugins\/seo\/ -->\n<meta name=\"robots\" content=\"index, follow, max-snippet:-1, max-image-preview:large, max-video-preview:-1\" \/>\n<link rel=\"canonical\" href=\"http:\/\/www.polisrecreio.com.br\/site\/2022\/02\/15\/bomba-dagua-provisoria-sera-instalada-nesta-quarta-feira-16-em-conceicao-da-boa-vista\/\" \/>\n<meta property=\"og:locale\" content=\"pt_BR\" \/>\n<meta property=\"og:type\" content=\"article\" \/>\n<meta property=\"og:title\" content=\"Bomba d\u2019\u00e1gua provis\u00f3ria ser\u00e1 instalada nesta quarta-feira (16) em Concei\u00e7\u00e3o da Boa Vista - P\u00f3lis Recreio\" \/>\n<meta property=\"og:description\" content=\"Uma bomba d\u2019\u00e1gua provis\u00f3ria ser\u00e1 instalada nesta quarta-feira (16) em Concei\u00e7\u00e3o da Boa Vista para tentar amenizar o problema de abastecimento no distrito. O equipamento foi adquirido em comodato pelo SAAE e Defesa Civil Municipal junto ao Departamento Municipal de Saneamento Urbano \u201cDEMSUR\u201d de Muria\u00e9.\" \/>\n<meta property=\"og:url\" content=\"http:\/\/www.polisrecreio.com.br\/site\/2022\/02\/15\/bomba-dagua-provisoria-sera-instalada-nesta-quarta-feira-16-em-conceicao-da-boa-vista\/\" \/>\n<meta property=\"og:site_name\" content=\"P\u00f3lis Recreio\" \/>\n<meta property=\"article:publisher\" content=\"https:\/\/www.facebook.com\/Site-P%c3%b3lis-Recreio-MG-181941708571019\/\" \/>\n<meta property=\"article:published_time\" content=\"2022-02-15T18:39:01+00:00\" \/>\n<meta property=\"article:modified_time\" content=\"2022-02-15T18:41:25+00:00\" \/>\n<meta property=\"og:image\" content=\"http:\/\/www.polisrecreio.com.br\/site\/wp-content\/uploads\/2022\/02\/b798b0bb-5716-4335-ae37-2d25c406eeec.jpg\" \/>\n<meta name=\"twitter:card\" content=\"summary_large_image\" \/>\n<meta name=\"twitter:creator\" content=\"@PolisRecreio\" \/>\n<meta name=\"twitter:site\" content=\"@PolisRecreio\" \/>\n<meta name=\"twitter:label1\" content=\"Est. reading time\">\n\t<meta name=\"twitter:data1\" content=\"1 minuto\">\n<script type=\"application\/ld+json\" class=\"yoast-schema-graph\">{\"@context\":\"https:\/\/schema.org\",\"@graph\":[{\"@type\":\"WebSite\",\"@id\":\"https:\/\/www.polisrecreio.com.br\/site\/#website\",\"url\":\"https:\/\/www.polisrecreio.com.br\/site\/\",\"name\":\"P\\u00f3lis Recreio\",\"description\":\"\",\"potentialAction\":[{\"@type\":\"SearchAction\",\"target\":\"https:\/\/www.polisrecreio.com.br\/site\/?s={search_term_string}\",\"query-input\":\"required name=search_term_string\"}],\"inLanguage\":\"pt-BR\"},{\"@type\":\"ImageObject\",\"@id\":\"http:\/\/www.polisrecreio.com.br\/site\/2022\/02\/15\/bomba-dagua-provisoria-sera-instalada-nesta-quarta-feira-16-em-conceicao-da-boa-vista\/#primaryimage\",\"inLanguage\":\"pt-BR\",\"url\":\"http:\/\/www.polisrecreio.com.br\/site\/wp-content\/uploads\/2022\/02\/b798b0bb-5716-4335-ae37-2d25c406eeec.jpg\"},{\"@type\":\"WebPage\",\"@id\":\"http:\/\/www.polisrecreio.com.br\/site\/2022\/02\/15\/bomba-dagua-provisoria-sera-instalada-nesta-quarta-feira-16-em-conceicao-da-boa-vista\/#webpage\",\"url\":\"http:\/\/www.polisrecreio.com.br\/site\/2022\/02\/15\/bomba-dagua-provisoria-sera-instalada-nesta-quarta-feira-16-em-conceicao-da-boa-vista\/\",\"name\":\"Bomba d\\u2019\\u00e1gua provis\\u00f3ria ser\\u00e1 instalada nesta quarta-feira (16) em Concei\\u00e7\\u00e3o da Boa Vista - P\\u00f3lis Recreio\",\"isPartOf\":{\"@id\":\"https:\/\/www.polisrecreio.com.br\/site\/#website\"},\"primaryImageOfPage\":{\"@id\":\"http:\/\/www.polisrecreio.com.br\/site\/2022\/02\/15\/bomba-dagua-provisoria-sera-instalada-nesta-quarta-feira-16-em-conceicao-da-boa-vista\/#primaryimage\"},\"datePublished\":\"2022-02-15T18:39:01+00:00\",\"dateModified\":\"2022-02-15T18:41:25+00:00\",\"author\":{\"@id\":\"https:\/\/www.polisrecreio.com.br\/site\/#\/schema\/person\/3363c1c78e1e28e1329d97adb387638e\"},\"inLanguage\":\"pt-BR\",\"potentialAction\":[{\"@type\":\"ReadAction\",\"target\":[\"http:\/\/www.polisrecreio.com.br\/site\/2022\/02\/15\/bomba-dagua-provisoria-sera-instalada-nesta-quarta-feira-16-em-conceicao-da-boa-vista\/\"]}]},{\"@type\":\"Person\",\"@id\":\"https:\/\/www.polisrecreio.com.br\/site\/#\/schema\/person\/3363c1c78e1e28e1329d97adb387638e\",\"name\":\"Leonardo Ribeiro\",\"image\":{\"@type\":\"ImageObject\",\"@id\":\"https:\/\/www.polisrecreio.com.br\/site\/#personlogo\",\"inLanguage\":\"pt-BR\",\"url\":\"https:\/\/secure.gravatar.com\/avatar\/6ba92a37d621e1a83e23710251178a12?s=96&d=mm&r=g\",\"caption\":\"Leonardo Ribeiro\"},\"sameAs\":[\"http:\/\/www.polisrecreio.com.br\"]}]}<\/script>\n<!-- \/ Yoast SEO plugin. -->","_links":{"self":[{"href":"https:\/\/www.polisrecreio.com.br\/site\/wp-json\/wp\/v2\/posts\/22761"}],"collection":[{"href":"https:\/\/www.polisrecreio.com.br\/site\/wp-json\/wp\/v2\/posts"}],"about":[{"href":"https:\/\/www.polisrecreio.com.br\/site\/wp-json\/wp\/v2\/types\/post"}],"author":[{"embeddable":true,"href":"https:\/\/www.polisrecreio.com.br\/site\/wp-json\/wp\/v2\/users\/3"}],"replies":[{"embeddable":true,"href":"https:\/\/www.polisrecreio.com.br\/site\/wp-json\/wp\/v2\/comments?post=22761"}],"version-history":[{"count":3,"href":"https:\/\/www.polisrecreio.com.br\/site\/wp-json\/wp\/v2\/posts\/22761\/revisions"}],"predecessor-version":[{"id":22766,"href":"https:\/\/www.polisrecreio.com.br\/site\/wp-json\/wp\/v2\/posts\/22761\/revisions\/22766"}],"wp:attachment":[{"href":"https:\/\/www.polisrecreio.com.br\/site\/wp-json\/wp\/v2\/media?parent=22761"}],"wp:term":[{"taxonomy":"category","embeddable":true,"href":"https:\/\/www.polisrecreio.com.br\/site\/wp-json\/wp\/v2\/categories?post=22761"},{"taxonomy":"post_tag","embeddable":true,"href":"https:\/\/www.polisrecreio.com.br\/site\/wp-json\/wp\/v2\/tags?post=22761"}],"curies":[{"name":"wp","href":"https:\/\/api.w.org\/{rel}","templated":true}]}}