{"id":22907,"date":"2022-03-03T18:56:05","date_gmt":"2022-03-03T21:56:05","guid":{"rendered":"http:\/\/www.polisrecreio.com.br\/site\/?p=22907"},"modified":"2022-03-03T18:58:59","modified_gmt":"2022-03-03T21:58:59","slug":"recreio-esta-perto-de-zerar-os-casos-de-covid-19","status":"publish","type":"post","link":"https:\/\/www.polisrecreio.com.br\/site\/2022\/03\/03\/recreio-esta-perto-de-zerar-os-casos-de-covid-19\/","title":{"rendered":"Recreio est\u00e1 perto de zerar os casos de covid-19"},"content":{"rendered":"<p style=\"text-align: justify;\">Depois de um in\u00edcio de ano com muitas notifica\u00e7\u00f5es positivas de covid-19, com quebra de recordes de casos ativos e at\u00e9 \u00f3bitos, a cidade de Recreio est\u00e1 perto de zerar os casos.<\/p>\n<p><!--more--><\/p>\n<figure id=\"attachment_18451\" aria-describedby=\"caption-attachment-18451\" style=\"width: 750px\" class=\"wp-caption aligncenter\"><a href=\"http:\/\/www.polisrecreio.com.br\/site\/wp-content\/uploads\/2020\/07\/rec.jpg\"><img loading=\"lazy\" class=\"size-full wp-image-18451\" src=\"http:\/\/www.polisrecreio.com.br\/site\/wp-content\/uploads\/2020\/07\/rec.jpg\" alt=\"\" width=\"750\" height=\"500\" srcset=\"https:\/\/www.polisrecreio.com.br\/site\/wp-content\/uploads\/2020\/07\/rec.jpg 750w, https:\/\/www.polisrecreio.com.br\/site\/wp-content\/uploads\/2020\/07\/rec-300x200.jpg 300w\" sizes=\"(max-width: 750px) 100vw, 750px\" \/><\/a><figcaption id=\"caption-attachment-18451\" class=\"wp-caption-text\">\u00c1rea central de Recreio.<\/figcaption><\/figure>\n<p style=\"text-align: justify;\">O boletim epidemiol\u00f3gico divulgado Prefeitura Municipal, atrav\u00e9s da Secretaria de Sa\u00fade, atualizado nesta quinta-feira (3), apresentou 11 casos ativos. N\u00e3o h\u00e1 hospitaliza\u00e7\u00f5es.<\/p>\n<p style=\"text-align: justify;\">Desde a primeira notifica\u00e7\u00e3o positiva, em 1\u00ba de maio de 2020, s\u00e3o: 1.356 casos, com 1.316 curados e 29 \u00f3bitos.<\/p>\n<p><a href=\"http:\/\/www.polisrecreio.com.br\/site\/wp-content\/uploads\/2022\/03\/boletim030322.jpg\"><img loading=\"lazy\" class=\"aligncenter size-full wp-image-22908\" src=\"http:\/\/www.polisrecreio.com.br\/site\/wp-content\/uploads\/2022\/03\/boletim030322.jpg\" alt=\"\" width=\"960\" height=\"640\" srcset=\"https:\/\/www.polisrecreio.com.br\/site\/wp-content\/uploads\/2022\/03\/boletim030322.jpg 960w, https:\/\/www.polisrecreio.com.br\/site\/wp-content\/uploads\/2022\/03\/boletim030322-300x200.jpg 300w, https:\/\/www.polisrecreio.com.br\/site\/wp-content\/uploads\/2022\/03\/boletim030322-768x512.jpg 768w\" sizes=\"(max-width: 960px) 100vw, 960px\" \/><\/a><\/p>\n","protected":false},"excerpt":{"rendered":"<p>Depois de um in\u00edcio de ano com muitas notifica\u00e7\u00f5es positivas de covid-19, com quebra de recordes de casos ativos e at\u00e9 \u00f3bitos, a cidade de Recreio est\u00e1 perto de zerar os casos.<\/p>\n","protected":false},"author":3,"featured_media":0,"comment_status":"open","ping_status":"open","sticky":false,"template":"","format":"standard","meta":[],"categories":[7],"tags":[],"yoast_head":"<!-- This site is optimized with the Yoast SEO plugin v15.6.2 - https:\/\/yoast.com\/wordpress\/plugins\/seo\/ -->\n<meta name=\"robots\" content=\"index, follow, max-snippet:-1, max-image-preview:large, max-video-preview:-1\" \/>\n<link rel=\"canonical\" href=\"http:\/\/www.polisrecreio.com.br\/site\/2022\/03\/03\/recreio-esta-perto-de-zerar-os-casos-de-covid-19\/\" \/>\n<meta property=\"og:locale\" content=\"pt_BR\" \/>\n<meta property=\"og:type\" content=\"article\" \/>\n<meta property=\"og:title\" content=\"Recreio est\u00e1 perto de zerar os casos de covid-19 - P\u00f3lis Recreio\" \/>\n<meta property=\"og:description\" content=\"Depois de um in\u00edcio de ano com muitas notifica\u00e7\u00f5es positivas de covid-19, com quebra de recordes de casos ativos e at\u00e9 \u00f3bitos, a cidade de Recreio est\u00e1 perto de zerar os casos.\" \/>\n<meta property=\"og:url\" content=\"http:\/\/www.polisrecreio.com.br\/site\/2022\/03\/03\/recreio-esta-perto-de-zerar-os-casos-de-covid-19\/\" \/>\n<meta property=\"og:site_name\" content=\"P\u00f3lis Recreio\" \/>\n<meta property=\"article:publisher\" content=\"https:\/\/www.facebook.com\/Site-P%c3%b3lis-Recreio-MG-181941708571019\/\" \/>\n<meta property=\"article:published_time\" content=\"2022-03-03T21:56:05+00:00\" \/>\n<meta property=\"article:modified_time\" content=\"2022-03-03T21:58:59+00:00\" \/>\n<meta property=\"og:image\" content=\"http:\/\/www.polisrecreio.com.br\/site\/wp-content\/uploads\/2020\/07\/rec.jpg\" \/>\n<meta name=\"twitter:card\" content=\"summary_large_image\" \/>\n<meta name=\"twitter:creator\" content=\"@PolisRecreio\" \/>\n<meta name=\"twitter:site\" content=\"@PolisRecreio\" \/>\n<meta name=\"twitter:label1\" content=\"Est. reading time\">\n\t<meta name=\"twitter:data1\" content=\"1 minuto\">\n<script type=\"application\/ld+json\" class=\"yoast-schema-graph\">{\"@context\":\"https:\/\/schema.org\",\"@graph\":[{\"@type\":\"WebSite\",\"@id\":\"https:\/\/www.polisrecreio.com.br\/site\/#website\",\"url\":\"https:\/\/www.polisrecreio.com.br\/site\/\",\"name\":\"P\\u00f3lis Recreio\",\"description\":\"\",\"potentialAction\":[{\"@type\":\"SearchAction\",\"target\":\"https:\/\/www.polisrecreio.com.br\/site\/?s={search_term_string}\",\"query-input\":\"required name=search_term_string\"}],\"inLanguage\":\"pt-BR\"},{\"@type\":\"ImageObject\",\"@id\":\"http:\/\/www.polisrecreio.com.br\/site\/2022\/03\/03\/recreio-esta-perto-de-zerar-os-casos-de-covid-19\/#primaryimage\",\"inLanguage\":\"pt-BR\",\"url\":\"http:\/\/www.polisrecreio.com.br\/site\/wp-content\/uploads\/2020\/07\/rec.jpg\"},{\"@type\":\"WebPage\",\"@id\":\"http:\/\/www.polisrecreio.com.br\/site\/2022\/03\/03\/recreio-esta-perto-de-zerar-os-casos-de-covid-19\/#webpage\",\"url\":\"http:\/\/www.polisrecreio.com.br\/site\/2022\/03\/03\/recreio-esta-perto-de-zerar-os-casos-de-covid-19\/\",\"name\":\"Recreio est\\u00e1 perto de zerar os casos de covid-19 - P\\u00f3lis Recreio\",\"isPartOf\":{\"@id\":\"https:\/\/www.polisrecreio.com.br\/site\/#website\"},\"primaryImageOfPage\":{\"@id\":\"http:\/\/www.polisrecreio.com.br\/site\/2022\/03\/03\/recreio-esta-perto-de-zerar-os-casos-de-covid-19\/#primaryimage\"},\"datePublished\":\"2022-03-03T21:56:05+00:00\",\"dateModified\":\"2022-03-03T21:58:59+00:00\",\"author\":{\"@id\":\"https:\/\/www.polisrecreio.com.br\/site\/#\/schema\/person\/3363c1c78e1e28e1329d97adb387638e\"},\"inLanguage\":\"pt-BR\",\"potentialAction\":[{\"@type\":\"ReadAction\",\"target\":[\"http:\/\/www.polisrecreio.com.br\/site\/2022\/03\/03\/recreio-esta-perto-de-zerar-os-casos-de-covid-19\/\"]}]},{\"@type\":\"Person\",\"@id\":\"https:\/\/www.polisrecreio.com.br\/site\/#\/schema\/person\/3363c1c78e1e28e1329d97adb387638e\",\"name\":\"Leonardo Ribeiro\",\"image\":{\"@type\":\"ImageObject\",\"@id\":\"https:\/\/www.polisrecreio.com.br\/site\/#personlogo\",\"inLanguage\":\"pt-BR\",\"url\":\"https:\/\/secure.gravatar.com\/avatar\/6ba92a37d621e1a83e23710251178a12?s=96&d=mm&r=g\",\"caption\":\"Leonardo Ribeiro\"},\"sameAs\":[\"http:\/\/www.polisrecreio.com.br\"]}]}<\/script>\n<!-- \/ Yoast SEO plugin. -->","_links":{"self":[{"href":"https:\/\/www.polisrecreio.com.br\/site\/wp-json\/wp\/v2\/posts\/22907"}],"collection":[{"href":"https:\/\/www.polisrecreio.com.br\/site\/wp-json\/wp\/v2\/posts"}],"about":[{"href":"https:\/\/www.polisrecreio.com.br\/site\/wp-json\/wp\/v2\/types\/post"}],"author":[{"embeddable":true,"href":"https:\/\/www.polisrecreio.com.br\/site\/wp-json\/wp\/v2\/users\/3"}],"replies":[{"embeddable":true,"href":"https:\/\/www.polisrecreio.com.br\/site\/wp-json\/wp\/v2\/comments?post=22907"}],"version-history":[{"count":4,"href":"https:\/\/www.polisrecreio.com.br\/site\/wp-json\/wp\/v2\/posts\/22907\/revisions"}],"predecessor-version":[{"id":22912,"href":"https:\/\/www.polisrecreio.com.br\/site\/wp-json\/wp\/v2\/posts\/22907\/revisions\/22912"}],"wp:attachment":[{"href":"https:\/\/www.polisrecreio.com.br\/site\/wp-json\/wp\/v2\/media?parent=22907"}],"wp:term":[{"taxonomy":"category","embeddable":true,"href":"https:\/\/www.polisrecreio.com.br\/site\/wp-json\/wp\/v2\/categories?post=22907"},{"taxonomy":"post_tag","embeddable":true,"href":"https:\/\/www.polisrecreio.com.br\/site\/wp-json\/wp\/v2\/tags?post=22907"}],"curies":[{"name":"wp","href":"https:\/\/api.w.org\/{rel}","templated":true}]}}