{"id":23474,"date":"2022-05-05T15:09:58","date_gmt":"2022-05-05T18:09:58","guid":{"rendered":"http:\/\/www.polisrecreio.com.br\/site\/?p=23474"},"modified":"2022-05-05T15:11:05","modified_gmt":"2022-05-05T18:11:05","slug":"em-recreio-idosos-de-60-anos-ou-mais-ja-podem-tomar-4a-dose-contra-covid-19","status":"publish","type":"post","link":"https:\/\/www.polisrecreio.com.br\/site\/2022\/05\/05\/em-recreio-idosos-de-60-anos-ou-mais-ja-podem-tomar-4a-dose-contra-covid-19\/","title":{"rendered":"Em Recreio, idosos de 60 anos ou mais j\u00e1 podem tomar 4\u00aa dose contra covid-19"},"content":{"rendered":"<p style=\"text-align: justify;\">Em Recreio, os idosos de 60 anos ou mais j\u00e1 podem ir at\u00e9 \u00e0s Unidades B\u00e1sicas de Sa\u00fade para tomar a 4\u00aa dose da vacina contra a covid-19.<\/p>\n<p><!--more--><\/p>\n<figure id=\"attachment_21226\" aria-describedby=\"caption-attachment-21226\" style=\"width: 750px\" class=\"wp-caption aligncenter\"><a href=\"http:\/\/www.polisrecreio.com.br\/site\/wp-content\/uploads\/2021\/08\/Vacina-Covid19-Vacinacao-Seringa-Agulha-Aplicacao-Coronavirus-114-868x644-1.jpg\"><img loading=\"lazy\" class=\"size-full wp-image-21226\" src=\"http:\/\/www.polisrecreio.com.br\/site\/wp-content\/uploads\/2021\/08\/Vacina-Covid19-Vacinacao-Seringa-Agulha-Aplicacao-Coronavirus-114-868x644-1.jpg\" alt=\"\" width=\"750\" height=\"499\" srcset=\"https:\/\/www.polisrecreio.com.br\/site\/wp-content\/uploads\/2021\/08\/Vacina-Covid19-Vacinacao-Seringa-Agulha-Aplicacao-Coronavirus-114-868x644-1.jpg 750w, https:\/\/www.polisrecreio.com.br\/site\/wp-content\/uploads\/2021\/08\/Vacina-Covid19-Vacinacao-Seringa-Agulha-Aplicacao-Coronavirus-114-868x644-1-300x200.jpg 300w\" sizes=\"(max-width: 750px) 100vw, 750px\" \/><\/a><figcaption id=\"caption-attachment-21226\" class=\"wp-caption-text\">Vacina\u00e7\u00e3o contra a Covid-19, em Brasilia. S\u00e9rgio Lima\/Poder360 25.01.2021<\/figcaption><\/figure>\n<p style=\"text-align: justify;\">As aplica\u00e7\u00f5es ser\u00e3o feitas em pessoas que tomaram a 3\u00aa dose (dose de refor\u00e7o) h\u00e1 pelo menos 4 meses. Todos devem levar o CPF e o Cart\u00e3o do SUS.<\/p>\n<p style=\"text-align: justify;\">De acordo com a Secretaria de Sa\u00fade, as aplica\u00e7\u00f5es ser\u00e3o conforme a disponibilidade de doses.<\/p>\n<p><strong>Como est\u00e1 a covid em Recreio?<\/strong><\/p>\n<p><a href=\"http:\/\/www.polisrecreio.com.br\/site\/wp-content\/uploads\/2022\/05\/boletim.jpg\"><img loading=\"lazy\" class=\"aligncenter size-full wp-image-23476\" src=\"http:\/\/www.polisrecreio.com.br\/site\/wp-content\/uploads\/2022\/05\/boletim.jpg\" alt=\"\" width=\"777\" height=\"506\" srcset=\"https:\/\/www.polisrecreio.com.br\/site\/wp-content\/uploads\/2022\/05\/boletim.jpg 777w, https:\/\/www.polisrecreio.com.br\/site\/wp-content\/uploads\/2022\/05\/boletim-300x195.jpg 300w, https:\/\/www.polisrecreio.com.br\/site\/wp-content\/uploads\/2022\/05\/boletim-768x500.jpg 768w\" sizes=\"(max-width: 777px) 100vw, 777px\" \/><\/a><\/p>\n","protected":false},"excerpt":{"rendered":"<p>Em Recreio, os idosos de 60 anos ou mais j\u00e1 podem ir at\u00e9 \u00e0s Unidades B\u00e1sicas de Sa\u00fade para tomar a 4\u00aa dose da vacina contra a covid-19.<\/p>\n","protected":false},"author":3,"featured_media":0,"comment_status":"open","ping_status":"open","sticky":false,"template":"","format":"standard","meta":[],"categories":[7],"tags":[],"yoast_head":"<!-- This site is optimized with the Yoast SEO plugin v15.6.2 - https:\/\/yoast.com\/wordpress\/plugins\/seo\/ -->\n<meta name=\"robots\" content=\"index, follow, max-snippet:-1, max-image-preview:large, max-video-preview:-1\" \/>\n<link rel=\"canonical\" href=\"https:\/\/www.polisrecreio.com.br\/site\/2022\/05\/05\/em-recreio-idosos-de-60-anos-ou-mais-ja-podem-tomar-4a-dose-contra-covid-19\/\" \/>\n<meta property=\"og:locale\" content=\"pt_BR\" \/>\n<meta property=\"og:type\" content=\"article\" \/>\n<meta property=\"og:title\" content=\"Em Recreio, idosos de 60 anos ou mais j\u00e1 podem tomar 4\u00aa dose contra covid-19 - P\u00f3lis Recreio\" \/>\n<meta property=\"og:description\" content=\"Em Recreio, os idosos de 60 anos ou mais j\u00e1 podem ir at\u00e9 \u00e0s Unidades B\u00e1sicas de Sa\u00fade para tomar a 4\u00aa dose da vacina contra a covid-19.\" \/>\n<meta property=\"og:url\" content=\"https:\/\/www.polisrecreio.com.br\/site\/2022\/05\/05\/em-recreio-idosos-de-60-anos-ou-mais-ja-podem-tomar-4a-dose-contra-covid-19\/\" \/>\n<meta property=\"og:site_name\" content=\"P\u00f3lis Recreio\" \/>\n<meta property=\"article:publisher\" content=\"https:\/\/www.facebook.com\/Site-P%c3%b3lis-Recreio-MG-181941708571019\/\" \/>\n<meta property=\"article:published_time\" content=\"2022-05-05T18:09:58+00:00\" \/>\n<meta property=\"article:modified_time\" content=\"2022-05-05T18:11:05+00:00\" \/>\n<meta property=\"og:image\" content=\"http:\/\/www.polisrecreio.com.br\/site\/wp-content\/uploads\/2021\/08\/Vacina-Covid19-Vacinacao-Seringa-Agulha-Aplicacao-Coronavirus-114-868x644-1.jpg\" \/>\n<meta name=\"twitter:card\" content=\"summary_large_image\" \/>\n<meta name=\"twitter:creator\" content=\"@PolisRecreio\" \/>\n<meta name=\"twitter:site\" content=\"@PolisRecreio\" \/>\n<meta name=\"twitter:label1\" content=\"Est. reading time\">\n\t<meta name=\"twitter:data1\" content=\"1 minuto\">\n<script type=\"application\/ld+json\" class=\"yoast-schema-graph\">{\"@context\":\"https:\/\/schema.org\",\"@graph\":[{\"@type\":\"WebSite\",\"@id\":\"https:\/\/www.polisrecreio.com.br\/site\/#website\",\"url\":\"https:\/\/www.polisrecreio.com.br\/site\/\",\"name\":\"P\\u00f3lis Recreio\",\"description\":\"\",\"potentialAction\":[{\"@type\":\"SearchAction\",\"target\":\"https:\/\/www.polisrecreio.com.br\/site\/?s={search_term_string}\",\"query-input\":\"required name=search_term_string\"}],\"inLanguage\":\"pt-BR\"},{\"@type\":\"ImageObject\",\"@id\":\"https:\/\/www.polisrecreio.com.br\/site\/2022\/05\/05\/em-recreio-idosos-de-60-anos-ou-mais-ja-podem-tomar-4a-dose-contra-covid-19\/#primaryimage\",\"inLanguage\":\"pt-BR\",\"url\":\"http:\/\/www.polisrecreio.com.br\/site\/wp-content\/uploads\/2021\/08\/Vacina-Covid19-Vacinacao-Seringa-Agulha-Aplicacao-Coronavirus-114-868x644-1.jpg\"},{\"@type\":\"WebPage\",\"@id\":\"https:\/\/www.polisrecreio.com.br\/site\/2022\/05\/05\/em-recreio-idosos-de-60-anos-ou-mais-ja-podem-tomar-4a-dose-contra-covid-19\/#webpage\",\"url\":\"https:\/\/www.polisrecreio.com.br\/site\/2022\/05\/05\/em-recreio-idosos-de-60-anos-ou-mais-ja-podem-tomar-4a-dose-contra-covid-19\/\",\"name\":\"Em Recreio, idosos de 60 anos ou mais j\\u00e1 podem tomar 4\\u00aa dose contra covid-19 - P\\u00f3lis Recreio\",\"isPartOf\":{\"@id\":\"https:\/\/www.polisrecreio.com.br\/site\/#website\"},\"primaryImageOfPage\":{\"@id\":\"https:\/\/www.polisrecreio.com.br\/site\/2022\/05\/05\/em-recreio-idosos-de-60-anos-ou-mais-ja-podem-tomar-4a-dose-contra-covid-19\/#primaryimage\"},\"datePublished\":\"2022-05-05T18:09:58+00:00\",\"dateModified\":\"2022-05-05T18:11:05+00:00\",\"author\":{\"@id\":\"https:\/\/www.polisrecreio.com.br\/site\/#\/schema\/person\/3363c1c78e1e28e1329d97adb387638e\"},\"inLanguage\":\"pt-BR\",\"potentialAction\":[{\"@type\":\"ReadAction\",\"target\":[\"https:\/\/www.polisrecreio.com.br\/site\/2022\/05\/05\/em-recreio-idosos-de-60-anos-ou-mais-ja-podem-tomar-4a-dose-contra-covid-19\/\"]}]},{\"@type\":\"Person\",\"@id\":\"https:\/\/www.polisrecreio.com.br\/site\/#\/schema\/person\/3363c1c78e1e28e1329d97adb387638e\",\"name\":\"Leonardo Ribeiro\",\"image\":{\"@type\":\"ImageObject\",\"@id\":\"https:\/\/www.polisrecreio.com.br\/site\/#personlogo\",\"inLanguage\":\"pt-BR\",\"url\":\"https:\/\/secure.gravatar.com\/avatar\/6ba92a37d621e1a83e23710251178a12?s=96&d=mm&r=g\",\"caption\":\"Leonardo Ribeiro\"},\"sameAs\":[\"http:\/\/www.polisrecreio.com.br\"]}]}<\/script>\n<!-- \/ Yoast SEO plugin. -->","_links":{"self":[{"href":"https:\/\/www.polisrecreio.com.br\/site\/wp-json\/wp\/v2\/posts\/23474"}],"collection":[{"href":"https:\/\/www.polisrecreio.com.br\/site\/wp-json\/wp\/v2\/posts"}],"about":[{"href":"https:\/\/www.polisrecreio.com.br\/site\/wp-json\/wp\/v2\/types\/post"}],"author":[{"embeddable":true,"href":"https:\/\/www.polisrecreio.com.br\/site\/wp-json\/wp\/v2\/users\/3"}],"replies":[{"embeddable":true,"href":"https:\/\/www.polisrecreio.com.br\/site\/wp-json\/wp\/v2\/comments?post=23474"}],"version-history":[{"count":2,"href":"https:\/\/www.polisrecreio.com.br\/site\/wp-json\/wp\/v2\/posts\/23474\/revisions"}],"predecessor-version":[{"id":23477,"href":"https:\/\/www.polisrecreio.com.br\/site\/wp-json\/wp\/v2\/posts\/23474\/revisions\/23477"}],"wp:attachment":[{"href":"https:\/\/www.polisrecreio.com.br\/site\/wp-json\/wp\/v2\/media?parent=23474"}],"wp:term":[{"taxonomy":"category","embeddable":true,"href":"https:\/\/www.polisrecreio.com.br\/site\/wp-json\/wp\/v2\/categories?post=23474"},{"taxonomy":"post_tag","embeddable":true,"href":"https:\/\/www.polisrecreio.com.br\/site\/wp-json\/wp\/v2\/tags?post=23474"}],"curies":[{"name":"wp","href":"https:\/\/api.w.org\/{rel}","templated":true}]}}