{"id":23616,"date":"2022-05-17T11:58:46","date_gmt":"2022-05-17T14:58:46","guid":{"rendered":"http:\/\/www.polisrecreio.com.br\/site\/?p=23616"},"modified":"2022-05-17T12:00:03","modified_gmt":"2022-05-17T15:00:03","slug":"campanha-do-cras-arrecada-roupas-de-inverno-e-cobertores-ate-dia-31-05","status":"publish","type":"post","link":"https:\/\/www.polisrecreio.com.br\/site\/2022\/05\/17\/campanha-do-cras-arrecada-roupas-de-inverno-e-cobertores-ate-dia-31-05\/","title":{"rendered":"Campanha do CRAS arrecada roupas de inverno e cobertores at\u00e9 dia 31\/05"},"content":{"rendered":"<p style=\"text-align: justify;\">Com a chegada do frio e a aproxima\u00e7\u00e3o do inverno, o Centro de Refer\u00eancia de Assist\u00eancia Social \u201cCRAS\u201d de Recreio come\u00e7a a Campanha do Agasalho 2022. O objetivo \u00e9 arrecadar, at\u00e9 o dia 31 de maio, roupas de inverno e cobertores para fam\u00edlias carentes do Munic\u00edpio.<\/p>\n<p><!--more--><\/p>\n<figure id=\"attachment_23617\" aria-describedby=\"caption-attachment-23617\" style=\"width: 750px\" class=\"wp-caption aligncenter\"><a href=\"http:\/\/www.polisrecreio.com.br\/site\/wp-content\/uploads\/2022\/05\/Foto-04-1024x683-1.jpg\"><img loading=\"lazy\" class=\"size-full wp-image-23617\" src=\"http:\/\/www.polisrecreio.com.br\/site\/wp-content\/uploads\/2022\/05\/Foto-04-1024x683-1.jpg\" alt=\"\" width=\"750\" height=\"500\" srcset=\"https:\/\/www.polisrecreio.com.br\/site\/wp-content\/uploads\/2022\/05\/Foto-04-1024x683-1.jpg 750w, https:\/\/www.polisrecreio.com.br\/site\/wp-content\/uploads\/2022\/05\/Foto-04-1024x683-1-300x200.jpg 300w\" sizes=\"(max-width: 750px) 100vw, 750px\" \/><\/a><figcaption id=\"caption-attachment-23617\" class=\"wp-caption-text\">Foto: https:\/\/poletto.adv.br\/acao-solidaria-pp-8a-campanha-do-agasalho\/<\/figcaption><\/figure>\n<p style=\"text-align: justify;\">As doa\u00e7\u00f5es podem ser entregues na sede do CRAS, \u00e0 Rua Governadores Valadares, de segunda-feira a sexta-feira, de 8h \u00e0s 15h.<\/p>\n<p style=\"text-align: justify;\">Maiores informa\u00e7\u00f5es poder\u00e3o ser obtidas pelo telefone (32) 3444-2585.<\/p>\n","protected":false},"excerpt":{"rendered":"<p>Com a chegada do frio e a aproxima\u00e7\u00e3o do inverno, o Centro de Refer\u00eancia de Assist\u00eancia Social \u201cCRAS\u201d de Recreio come\u00e7a a Campanha do Agasalho 2022. O objetivo \u00e9 arrecadar, at\u00e9 o dia 31 de maio, roupas de inverno e cobertores para fam\u00edlias carentes do Munic\u00edpio.<\/p>\n","protected":false},"author":3,"featured_media":0,"comment_status":"open","ping_status":"open","sticky":false,"template":"","format":"standard","meta":[],"categories":[6],"tags":[],"yoast_head":"<!-- This site is optimized with the Yoast SEO plugin v15.6.2 - https:\/\/yoast.com\/wordpress\/plugins\/seo\/ -->\n<meta name=\"robots\" content=\"index, follow, max-snippet:-1, max-image-preview:large, max-video-preview:-1\" \/>\n<link rel=\"canonical\" href=\"http:\/\/www.polisrecreio.com.br\/site\/2022\/05\/17\/campanha-do-cras-arrecada-roupas-de-inverno-e-cobertores-ate-dia-31-05\/\" \/>\n<meta property=\"og:locale\" content=\"pt_BR\" \/>\n<meta property=\"og:type\" content=\"article\" \/>\n<meta property=\"og:title\" content=\"Campanha do CRAS arrecada roupas de inverno e cobertores at\u00e9 dia 31\/05 - P\u00f3lis Recreio\" \/>\n<meta property=\"og:description\" content=\"Com a chegada do frio e a aproxima\u00e7\u00e3o do inverno, o Centro de Refer\u00eancia de Assist\u00eancia Social \u201cCRAS\u201d de Recreio come\u00e7a a Campanha do Agasalho 2022. O objetivo \u00e9 arrecadar, at\u00e9 o dia 31 de maio, roupas de inverno e cobertores para fam\u00edlias carentes do Munic\u00edpio.\" \/>\n<meta property=\"og:url\" content=\"http:\/\/www.polisrecreio.com.br\/site\/2022\/05\/17\/campanha-do-cras-arrecada-roupas-de-inverno-e-cobertores-ate-dia-31-05\/\" \/>\n<meta property=\"og:site_name\" content=\"P\u00f3lis Recreio\" \/>\n<meta property=\"article:publisher\" content=\"https:\/\/www.facebook.com\/Site-P%c3%b3lis-Recreio-MG-181941708571019\/\" \/>\n<meta property=\"article:published_time\" content=\"2022-05-17T14:58:46+00:00\" \/>\n<meta property=\"article:modified_time\" content=\"2022-05-17T15:00:03+00:00\" \/>\n<meta property=\"og:image\" content=\"http:\/\/www.polisrecreio.com.br\/site\/wp-content\/uploads\/2022\/05\/Foto-04-1024x683-1.jpg\" \/>\n<meta name=\"twitter:card\" content=\"summary_large_image\" \/>\n<meta name=\"twitter:creator\" content=\"@PolisRecreio\" \/>\n<meta name=\"twitter:site\" content=\"@PolisRecreio\" \/>\n<meta name=\"twitter:label1\" content=\"Est. reading time\">\n\t<meta name=\"twitter:data1\" content=\"1 minuto\">\n<script type=\"application\/ld+json\" class=\"yoast-schema-graph\">{\"@context\":\"https:\/\/schema.org\",\"@graph\":[{\"@type\":\"WebSite\",\"@id\":\"https:\/\/www.polisrecreio.com.br\/site\/#website\",\"url\":\"https:\/\/www.polisrecreio.com.br\/site\/\",\"name\":\"P\\u00f3lis Recreio\",\"description\":\"\",\"potentialAction\":[{\"@type\":\"SearchAction\",\"target\":\"https:\/\/www.polisrecreio.com.br\/site\/?s={search_term_string}\",\"query-input\":\"required name=search_term_string\"}],\"inLanguage\":\"pt-BR\"},{\"@type\":\"ImageObject\",\"@id\":\"http:\/\/www.polisrecreio.com.br\/site\/2022\/05\/17\/campanha-do-cras-arrecada-roupas-de-inverno-e-cobertores-ate-dia-31-05\/#primaryimage\",\"inLanguage\":\"pt-BR\",\"url\":\"http:\/\/www.polisrecreio.com.br\/site\/wp-content\/uploads\/2022\/05\/Foto-04-1024x683-1.jpg\"},{\"@type\":\"WebPage\",\"@id\":\"http:\/\/www.polisrecreio.com.br\/site\/2022\/05\/17\/campanha-do-cras-arrecada-roupas-de-inverno-e-cobertores-ate-dia-31-05\/#webpage\",\"url\":\"http:\/\/www.polisrecreio.com.br\/site\/2022\/05\/17\/campanha-do-cras-arrecada-roupas-de-inverno-e-cobertores-ate-dia-31-05\/\",\"name\":\"Campanha do CRAS arrecada roupas de inverno e cobertores at\\u00e9 dia 31\/05 - P\\u00f3lis Recreio\",\"isPartOf\":{\"@id\":\"https:\/\/www.polisrecreio.com.br\/site\/#website\"},\"primaryImageOfPage\":{\"@id\":\"http:\/\/www.polisrecreio.com.br\/site\/2022\/05\/17\/campanha-do-cras-arrecada-roupas-de-inverno-e-cobertores-ate-dia-31-05\/#primaryimage\"},\"datePublished\":\"2022-05-17T14:58:46+00:00\",\"dateModified\":\"2022-05-17T15:00:03+00:00\",\"author\":{\"@id\":\"https:\/\/www.polisrecreio.com.br\/site\/#\/schema\/person\/3363c1c78e1e28e1329d97adb387638e\"},\"inLanguage\":\"pt-BR\",\"potentialAction\":[{\"@type\":\"ReadAction\",\"target\":[\"http:\/\/www.polisrecreio.com.br\/site\/2022\/05\/17\/campanha-do-cras-arrecada-roupas-de-inverno-e-cobertores-ate-dia-31-05\/\"]}]},{\"@type\":\"Person\",\"@id\":\"https:\/\/www.polisrecreio.com.br\/site\/#\/schema\/person\/3363c1c78e1e28e1329d97adb387638e\",\"name\":\"Leonardo Ribeiro\",\"image\":{\"@type\":\"ImageObject\",\"@id\":\"https:\/\/www.polisrecreio.com.br\/site\/#personlogo\",\"inLanguage\":\"pt-BR\",\"url\":\"https:\/\/secure.gravatar.com\/avatar\/6ba92a37d621e1a83e23710251178a12?s=96&d=mm&r=g\",\"caption\":\"Leonardo Ribeiro\"},\"sameAs\":[\"http:\/\/www.polisrecreio.com.br\"]}]}<\/script>\n<!-- \/ Yoast SEO plugin. -->","_links":{"self":[{"href":"https:\/\/www.polisrecreio.com.br\/site\/wp-json\/wp\/v2\/posts\/23616"}],"collection":[{"href":"https:\/\/www.polisrecreio.com.br\/site\/wp-json\/wp\/v2\/posts"}],"about":[{"href":"https:\/\/www.polisrecreio.com.br\/site\/wp-json\/wp\/v2\/types\/post"}],"author":[{"embeddable":true,"href":"https:\/\/www.polisrecreio.com.br\/site\/wp-json\/wp\/v2\/users\/3"}],"replies":[{"embeddable":true,"href":"https:\/\/www.polisrecreio.com.br\/site\/wp-json\/wp\/v2\/comments?post=23616"}],"version-history":[{"count":2,"href":"https:\/\/www.polisrecreio.com.br\/site\/wp-json\/wp\/v2\/posts\/23616\/revisions"}],"predecessor-version":[{"id":23619,"href":"https:\/\/www.polisrecreio.com.br\/site\/wp-json\/wp\/v2\/posts\/23616\/revisions\/23619"}],"wp:attachment":[{"href":"https:\/\/www.polisrecreio.com.br\/site\/wp-json\/wp\/v2\/media?parent=23616"}],"wp:term":[{"taxonomy":"category","embeddable":true,"href":"https:\/\/www.polisrecreio.com.br\/site\/wp-json\/wp\/v2\/categories?post=23616"},{"taxonomy":"post_tag","embeddable":true,"href":"https:\/\/www.polisrecreio.com.br\/site\/wp-json\/wp\/v2\/tags?post=23616"}],"curies":[{"name":"wp","href":"https:\/\/api.w.org\/{rel}","templated":true}]}}