{"id":23620,"date":"2022-05-17T13:50:29","date_gmt":"2022-05-17T16:50:29","guid":{"rendered":"http:\/\/www.polisrecreio.com.br\/site\/?p=23620"},"modified":"2022-05-17T13:56:44","modified_gmt":"2022-05-17T16:56:44","slug":"exposicao-de-recreio-esta-sendo-programada-para-a-ultima-semana-de-julho","status":"publish","type":"post","link":"https:\/\/www.polisrecreio.com.br\/site\/2022\/05\/17\/exposicao-de-recreio-esta-sendo-programada-para-a-ultima-semana-de-julho\/","title":{"rendered":"Exposi\u00e7\u00e3o de Recreio est\u00e1 sendo programada para a \u00faltima semana de julho"},"content":{"rendered":"<p style=\"text-align: justify;\">Ap\u00f3s ficar suspensa por duas edi\u00e7\u00f5es por causa da pandemia da covid-19, a maior festa da cidade e uma das mais tradicionais da regi\u00e3o, est\u00e1 sendo programada pela Prefeitura Municipal para voltar a acontecer na \u00faltima semana de julho, conforme informa\u00e7\u00f5es extraoficiais. Ser\u00e1 a 42\u00aa Exposi\u00e7\u00e3o de Recreio, de 28 a 31 de julho.<\/p>\n<p><!--more--><\/p>\n<figure id=\"attachment_6387\" aria-describedby=\"caption-attachment-6387\" style=\"width: 750px\" class=\"wp-caption aligncenter\"><a href=\"http:\/\/www.polisrecreio.com.br\/site\/wp-content\/uploads\/2017\/07\/20294137_1346268468823949_6122999185852327624_n.jpg\"><img loading=\"lazy\" class=\"wp-image-6387\" src=\"http:\/\/www.polisrecreio.com.br\/site\/wp-content\/uploads\/2017\/07\/20294137_1346268468823949_6122999185852327624_n.jpg\" alt=\"\" width=\"750\" height=\"562\" srcset=\"https:\/\/www.polisrecreio.com.br\/site\/wp-content\/uploads\/2017\/07\/20294137_1346268468823949_6122999185852327624_n.jpg 526w, https:\/\/www.polisrecreio.com.br\/site\/wp-content\/uploads\/2017\/07\/20294137_1346268468823949_6122999185852327624_n-300x225.jpg 300w\" sizes=\"(max-width: 750px) 100vw, 750px\" \/><\/a><figcaption id=\"caption-attachment-6387\" class=\"wp-caption-text\">Exposi\u00e7\u00e3o de Recreio. Foto: Arquivo.<\/figcaption><\/figure>\n<p style=\"text-align: justify;\">Nas \u00faltimas semanas v\u00e1rios recreienses presentes e ausentes entraram em contato com o Site P\u00f3lis em busca de informa\u00e7\u00f5es sobre a Exposi\u00e7\u00e3o. Um dos motivos foi uma suposta programa\u00e7\u00e3o que circulou em redes sociais.<\/p>\n<p style=\"text-align: justify;\">Conforme informa\u00e7\u00f5es extraoficiais, a organiza\u00e7\u00e3o do evento, sob responsabilidade da Prefeitura Municipal de Recreio, est\u00e1 concluindo os tr\u00e2mites de contrata\u00e7\u00e3o de shows, estrutura e outros detalhes da programa\u00e7\u00e3o.<\/p>\n","protected":false},"excerpt":{"rendered":"<p>Ap\u00f3s ficar suspensa por duas edi\u00e7\u00f5es por causa da pandemia da covid-19, a maior festa da cidade e uma das mais tradicionais da regi\u00e3o, est\u00e1 sendo programada pela Prefeitura Municipal para voltar a acontecer na \u00faltima semana de julho, conforme informa\u00e7\u00f5es extraoficiais. Ser\u00e1 a 42\u00aa Exposi\u00e7\u00e3o de Recreio, de 28 a 31 de julho.<\/p>\n","protected":false},"author":3,"featured_media":0,"comment_status":"open","ping_status":"open","sticky":false,"template":"","format":"standard","meta":[],"categories":[2],"tags":[],"yoast_head":"<!-- This site is optimized with the Yoast SEO plugin v15.6.2 - https:\/\/yoast.com\/wordpress\/plugins\/seo\/ -->\n<meta name=\"robots\" content=\"index, follow, max-snippet:-1, max-image-preview:large, max-video-preview:-1\" \/>\n<link rel=\"canonical\" href=\"http:\/\/www.polisrecreio.com.br\/site\/2022\/05\/17\/exposicao-de-recreio-esta-sendo-programada-para-a-ultima-semana-de-julho\/\" \/>\n<meta property=\"og:locale\" content=\"pt_BR\" \/>\n<meta property=\"og:type\" content=\"article\" \/>\n<meta property=\"og:title\" content=\"Exposi\u00e7\u00e3o de Recreio est\u00e1 sendo programada para a \u00faltima semana de julho - P\u00f3lis Recreio\" \/>\n<meta property=\"og:description\" content=\"Ap\u00f3s ficar suspensa por duas edi\u00e7\u00f5es por causa da pandemia da covid-19, a maior festa da cidade e uma das mais tradicionais da regi\u00e3o, est\u00e1 sendo programada pela Prefeitura Municipal para voltar a acontecer na \u00faltima semana de julho, conforme informa\u00e7\u00f5es extraoficiais. Ser\u00e1 a 42\u00aa Exposi\u00e7\u00e3o de Recreio, de 28 a 31 de julho.\" \/>\n<meta property=\"og:url\" content=\"http:\/\/www.polisrecreio.com.br\/site\/2022\/05\/17\/exposicao-de-recreio-esta-sendo-programada-para-a-ultima-semana-de-julho\/\" \/>\n<meta property=\"og:site_name\" content=\"P\u00f3lis Recreio\" \/>\n<meta property=\"article:publisher\" content=\"https:\/\/www.facebook.com\/Site-P%c3%b3lis-Recreio-MG-181941708571019\/\" \/>\n<meta property=\"article:published_time\" content=\"2022-05-17T16:50:29+00:00\" \/>\n<meta property=\"article:modified_time\" content=\"2022-05-17T16:56:44+00:00\" \/>\n<meta property=\"og:image\" content=\"http:\/\/www.polisrecreio.com.br\/site\/wp-content\/uploads\/2017\/07\/20294137_1346268468823949_6122999185852327624_n.jpg\" \/>\n<meta name=\"twitter:card\" content=\"summary_large_image\" \/>\n<meta name=\"twitter:creator\" content=\"@PolisRecreio\" \/>\n<meta name=\"twitter:site\" content=\"@PolisRecreio\" \/>\n<meta name=\"twitter:label1\" content=\"Est. reading time\">\n\t<meta name=\"twitter:data1\" content=\"1 minuto\">\n<script type=\"application\/ld+json\" class=\"yoast-schema-graph\">{\"@context\":\"https:\/\/schema.org\",\"@graph\":[{\"@type\":\"WebSite\",\"@id\":\"https:\/\/www.polisrecreio.com.br\/site\/#website\",\"url\":\"https:\/\/www.polisrecreio.com.br\/site\/\",\"name\":\"P\\u00f3lis Recreio\",\"description\":\"\",\"potentialAction\":[{\"@type\":\"SearchAction\",\"target\":\"https:\/\/www.polisrecreio.com.br\/site\/?s={search_term_string}\",\"query-input\":\"required name=search_term_string\"}],\"inLanguage\":\"pt-BR\"},{\"@type\":\"ImageObject\",\"@id\":\"http:\/\/www.polisrecreio.com.br\/site\/2022\/05\/17\/exposicao-de-recreio-esta-sendo-programada-para-a-ultima-semana-de-julho\/#primaryimage\",\"inLanguage\":\"pt-BR\",\"url\":\"http:\/\/www.polisrecreio.com.br\/site\/wp-content\/uploads\/2017\/07\/20294137_1346268468823949_6122999185852327624_n.jpg\"},{\"@type\":\"WebPage\",\"@id\":\"http:\/\/www.polisrecreio.com.br\/site\/2022\/05\/17\/exposicao-de-recreio-esta-sendo-programada-para-a-ultima-semana-de-julho\/#webpage\",\"url\":\"http:\/\/www.polisrecreio.com.br\/site\/2022\/05\/17\/exposicao-de-recreio-esta-sendo-programada-para-a-ultima-semana-de-julho\/\",\"name\":\"Exposi\\u00e7\\u00e3o de Recreio est\\u00e1 sendo programada para a \\u00faltima semana de julho - P\\u00f3lis Recreio\",\"isPartOf\":{\"@id\":\"https:\/\/www.polisrecreio.com.br\/site\/#website\"},\"primaryImageOfPage\":{\"@id\":\"http:\/\/www.polisrecreio.com.br\/site\/2022\/05\/17\/exposicao-de-recreio-esta-sendo-programada-para-a-ultima-semana-de-julho\/#primaryimage\"},\"datePublished\":\"2022-05-17T16:50:29+00:00\",\"dateModified\":\"2022-05-17T16:56:44+00:00\",\"author\":{\"@id\":\"https:\/\/www.polisrecreio.com.br\/site\/#\/schema\/person\/3363c1c78e1e28e1329d97adb387638e\"},\"inLanguage\":\"pt-BR\",\"potentialAction\":[{\"@type\":\"ReadAction\",\"target\":[\"http:\/\/www.polisrecreio.com.br\/site\/2022\/05\/17\/exposicao-de-recreio-esta-sendo-programada-para-a-ultima-semana-de-julho\/\"]}]},{\"@type\":\"Person\",\"@id\":\"https:\/\/www.polisrecreio.com.br\/site\/#\/schema\/person\/3363c1c78e1e28e1329d97adb387638e\",\"name\":\"Leonardo Ribeiro\",\"image\":{\"@type\":\"ImageObject\",\"@id\":\"https:\/\/www.polisrecreio.com.br\/site\/#personlogo\",\"inLanguage\":\"pt-BR\",\"url\":\"https:\/\/secure.gravatar.com\/avatar\/6ba92a37d621e1a83e23710251178a12?s=96&d=mm&r=g\",\"caption\":\"Leonardo Ribeiro\"},\"sameAs\":[\"http:\/\/www.polisrecreio.com.br\"]}]}<\/script>\n<!-- \/ Yoast SEO plugin. -->","_links":{"self":[{"href":"https:\/\/www.polisrecreio.com.br\/site\/wp-json\/wp\/v2\/posts\/23620"}],"collection":[{"href":"https:\/\/www.polisrecreio.com.br\/site\/wp-json\/wp\/v2\/posts"}],"about":[{"href":"https:\/\/www.polisrecreio.com.br\/site\/wp-json\/wp\/v2\/types\/post"}],"author":[{"embeddable":true,"href":"https:\/\/www.polisrecreio.com.br\/site\/wp-json\/wp\/v2\/users\/3"}],"replies":[{"embeddable":true,"href":"https:\/\/www.polisrecreio.com.br\/site\/wp-json\/wp\/v2\/comments?post=23620"}],"version-history":[{"count":5,"href":"https:\/\/www.polisrecreio.com.br\/site\/wp-json\/wp\/v2\/posts\/23620\/revisions"}],"predecessor-version":[{"id":23625,"href":"https:\/\/www.polisrecreio.com.br\/site\/wp-json\/wp\/v2\/posts\/23620\/revisions\/23625"}],"wp:attachment":[{"href":"https:\/\/www.polisrecreio.com.br\/site\/wp-json\/wp\/v2\/media?parent=23620"}],"wp:term":[{"taxonomy":"category","embeddable":true,"href":"https:\/\/www.polisrecreio.com.br\/site\/wp-json\/wp\/v2\/categories?post=23620"},{"taxonomy":"post_tag","embeddable":true,"href":"https:\/\/www.polisrecreio.com.br\/site\/wp-json\/wp\/v2\/tags?post=23620"}],"curies":[{"name":"wp","href":"https:\/\/api.w.org\/{rel}","templated":true}]}}