{"id":23734,"date":"2022-06-01T08:32:25","date_gmt":"2022-06-01T11:32:25","guid":{"rendered":"http:\/\/www.polisrecreio.com.br\/site\/?p=23734"},"modified":"2022-06-01T08:33:35","modified_gmt":"2022-06-01T11:33:35","slug":"sebrae-apresenta-proposicoes-para-melhoria-da-arte-ceramica-de-recreio","status":"publish","type":"post","link":"https:\/\/www.polisrecreio.com.br\/site\/2022\/06\/01\/sebrae-apresenta-proposicoes-para-melhoria-da-arte-ceramica-de-recreio\/","title":{"rendered":"Sebrae apresenta proposi\u00e7\u00f5es para melhoria da arte cer\u00e2mica de Recreio"},"content":{"rendered":"<p style=\"text-align: justify;\">Na \u00faltima segunda-feira (30), o colaborador do Sebrae, Emanuel Menezes, e o t\u00e9cnico respons\u00e1vel do Sebrae da microrregi\u00e3o de Cataguases, Marco Ant\u00f4nio Mendon\u00e7a, apresentaram na C\u00e2mara Municipal as proposi\u00e7\u00f5es para melhoria da produ\u00e7\u00e3o da tradicional arte cer\u00e2mica de Recreio.<\/p>\n<p><!--more--><\/p>\n<p><a href=\"http:\/\/www.polisrecreio.com.br\/site\/wp-content\/uploads\/2022\/06\/DSC_0077.jpg\"><img loading=\"lazy\" class=\"aligncenter size-full wp-image-23737\" src=\"http:\/\/www.polisrecreio.com.br\/site\/wp-content\/uploads\/2022\/06\/DSC_0077.jpg\" alt=\"\" width=\"750\" height=\"500\" srcset=\"https:\/\/www.polisrecreio.com.br\/site\/wp-content\/uploads\/2022\/06\/DSC_0077.jpg 750w, https:\/\/www.polisrecreio.com.br\/site\/wp-content\/uploads\/2022\/06\/DSC_0077-300x200.jpg 300w\" sizes=\"(max-width: 750px) 100vw, 750px\" \/><\/a><\/p>\n<p style=\"text-align: justify;\">As propostas foram baseadas em levantamento feito no in\u00edcio de maio pelo colaborador Emanuel Menezes, quando ele mapeou 10 unidades de produ\u00e7\u00e3o cer\u00e2mica na cidade. Durante as visitas t\u00e9cnicas foram realizados diagn\u00f3stico, trabalho de orienta\u00e7\u00e3o t\u00e9cnica e acolhimento das demandas dos ceramistas.<\/p>\n<p style=\"text-align: justify;\">De acordo com Emanuel, esse trabalho teve como ponto de partida o evento organizado pelo Sebrae: \u201cPol\u00edticas p\u00fablicas: papel e a\u00e7\u00f5es dos vereadores para desenvolvimento municipal\u201d, em Leopoldina, realizado em mar\u00e7o, onde estiveram presentes o t\u00e9cnico, Marco Ant\u00f4nio Mendon\u00e7a; o presidente da C\u00e2mara Municipal, Douglas Moreira; e o prefeito de Recreio, Z\u00e9 Maria Barros. Que identificaram esse a ser desenvolvido no territ\u00f3rio de Recreio, de modo a ser formado um Arranjo Produtivo Local \u201cAPL\u201d dos produtores de artefatos cer\u00e2micos artesanais no munic\u00edpio.<\/p>\n<p>Confira as proposi\u00e7\u00f5es:<\/p>\n<ul>\n<li style=\"text-align: justify;\">Realiza\u00e7\u00e3o de um trabalho ostensivo e intensivo de fomento ao associativismo, culminando na cria\u00e7\u00e3o da Associa\u00e7\u00e3o dos Artes\u00e3os Ceramistas Recreio-MG;<\/li>\n<li style=\"text-align: justify;\">Cria\u00e7\u00e3o de um portal onde sejam divulgados todos os ceramistas, com um briefing;<\/li>\n<li style=\"text-align: justify;\">Elabora\u00e7\u00e3o do Branding de cada artes\u00e3o, de modo a valorizar e consolidar sua marca e agregar valor ao seu produto;<\/li>\n<li style=\"text-align: justify;\">Funda\u00e7\u00e3o da Associa\u00e7\u00e3o dos Associa\u00e7\u00e3o dos Artes\u00e3os Ceramistas Recreio-MG;<\/li>\n<li style=\"text-align: justify;\">Observada a demanda em quest\u00e3o verifica-se a necessidade de capacita\u00e7\u00f5es nos temas Marketing e vendas, Marketing Digital, Precifica\u00e7\u00e3o, Gest\u00e3o Financeira, e-commerce;<\/li>\n<li style=\"text-align: justify;\">A\u00e7\u00f5es inerentes \u00e0 transforma\u00e7\u00e3o digital dos empreendimentos, propiciando melhorias nas atividades de gest\u00e3o al\u00e9m da inser\u00e7\u00e3o ou fortalecimento da presen\u00e7a digital dos artes\u00e3os, expandindo assim de forma consider\u00e1vel o seu raio de alcance;<\/li>\n<li style=\"text-align: justify;\">Desenvolvimento de evento sazonal em que ocorra uma rodada de neg\u00f3cios entre empres\u00e1rios e stakeholders voltada para o com\u00e9rcio via atacado;<\/li>\n<li>An\u00e1lise mercadol\u00f3gica afim de fornecer subs\u00eddios para o desenvolvimento de produtos que v\u00e3o de encontro com a necessidade do cliente, subsidiando inclusive a escolha por parte do artes\u00e3o de qual segmento de clientes lhe proporcionar\u00e1 melhores resultados;<\/li>\n<li style=\"text-align: justify;\">Realiza\u00e7\u00e3o do Mapeamento e da Roteiriza\u00e7\u00e3o Tur\u00edstica de Recreio, identificando e alinhando os potenciais tur\u00edsticos do territ\u00f3rio com a inser\u00e7\u00e3o do tradicional APL de artefatos cer\u00e2micos artesanais nesse roteiro, o que tende a aumentar os \u00edndices de comercializa\u00e7\u00e3o desses \u00edtens direto para o consumidor final, propiciando um valor final de venda mais elevado;<\/li>\n<li style=\"text-align: justify;\">Cria\u00e7\u00e3o do Programa de Capacita\u00e7\u00e3o de jovens ceramistas, de modo a promover a oferta de m\u00e3o de obra qualificada, garantindo a continuidade desta tradicional atividade que \u00e9 destacada em Recreio.<\/li>\n<\/ul>\n<p style=\"text-align: justify;\">Segundo informa\u00e7\u00f5es, a pr\u00f3xima etapa ser\u00e1 a cria\u00e7\u00e3o de um plano de trabalho e a capta\u00e7\u00e3o de parceiros para avan\u00e7ar na execu\u00e7\u00e3o das proposi\u00e7\u00f5es.<\/p>\n<figure id=\"attachment_23736\" aria-describedby=\"caption-attachment-23736\" style=\"width: 750px\" class=\"wp-caption aligncenter\"><a href=\"http:\/\/www.polisrecreio.com.br\/site\/wp-content\/uploads\/2022\/06\/DSC_0075.jpg\"><img loading=\"lazy\" class=\"size-full wp-image-23736\" src=\"http:\/\/www.polisrecreio.com.br\/site\/wp-content\/uploads\/2022\/06\/DSC_0075.jpg\" alt=\"\" width=\"750\" height=\"500\" srcset=\"https:\/\/www.polisrecreio.com.br\/site\/wp-content\/uploads\/2022\/06\/DSC_0075.jpg 750w, https:\/\/www.polisrecreio.com.br\/site\/wp-content\/uploads\/2022\/06\/DSC_0075-300x200.jpg 300w\" sizes=\"(max-width: 750px) 100vw, 750px\" \/><\/a><figcaption id=\"caption-attachment-23736\" class=\"wp-caption-text\">T\u00e9cnico do Sebrae, Marco Ant\u00f4nio Mendon\u00e7a.<\/figcaption><\/figure>\n<figure id=\"attachment_23740\" aria-describedby=\"caption-attachment-23740\" style=\"width: 750px\" class=\"wp-caption aligncenter\"><a href=\"http:\/\/www.polisrecreio.com.br\/site\/wp-content\/uploads\/2022\/06\/DSC_0083.jpg\"><img loading=\"lazy\" class=\"size-full wp-image-23740\" src=\"http:\/\/www.polisrecreio.com.br\/site\/wp-content\/uploads\/2022\/06\/DSC_0083.jpg\" alt=\"\" width=\"750\" height=\"500\" srcset=\"https:\/\/www.polisrecreio.com.br\/site\/wp-content\/uploads\/2022\/06\/DSC_0083.jpg 750w, https:\/\/www.polisrecreio.com.br\/site\/wp-content\/uploads\/2022\/06\/DSC_0083-300x200.jpg 300w\" sizes=\"(max-width: 750px) 100vw, 750px\" \/><\/a><figcaption id=\"caption-attachment-23740\" class=\"wp-caption-text\">Ceramistas presente \u00e0 reuni\u00e3o.<\/figcaption><\/figure>\n<p><a href=\"http:\/\/www.polisrecreio.com.br\/site\/wp-content\/uploads\/2022\/06\/DSC_0080.jpg\"><img loading=\"lazy\" class=\"aligncenter size-full wp-image-23739\" src=\"http:\/\/www.polisrecreio.com.br\/site\/wp-content\/uploads\/2022\/06\/DSC_0080.jpg\" alt=\"\" width=\"750\" height=\"500\" srcset=\"https:\/\/www.polisrecreio.com.br\/site\/wp-content\/uploads\/2022\/06\/DSC_0080.jpg 750w, https:\/\/www.polisrecreio.com.br\/site\/wp-content\/uploads\/2022\/06\/DSC_0080-300x200.jpg 300w\" sizes=\"(max-width: 750px) 100vw, 750px\" \/><\/a><\/p>\n<p><a href=\"http:\/\/www.polisrecreio.com.br\/site\/wp-content\/uploads\/2022\/06\/DSC_0073.jpg\"><img loading=\"lazy\" class=\"aligncenter size-full wp-image-23735\" src=\"http:\/\/www.polisrecreio.com.br\/site\/wp-content\/uploads\/2022\/06\/DSC_0073.jpg\" alt=\"\" width=\"750\" height=\"500\" srcset=\"https:\/\/www.polisrecreio.com.br\/site\/wp-content\/uploads\/2022\/06\/DSC_0073.jpg 750w, https:\/\/www.polisrecreio.com.br\/site\/wp-content\/uploads\/2022\/06\/DSC_0073-300x200.jpg 300w\" sizes=\"(max-width: 750px) 100vw, 750px\" \/><\/a><\/p>\n<figure id=\"attachment_23741\" aria-describedby=\"caption-attachment-23741\" style=\"width: 750px\" class=\"wp-caption aligncenter\"><a href=\"http:\/\/www.polisrecreio.com.br\/site\/wp-content\/uploads\/2022\/06\/DSC_0084.jpg\"><img loading=\"lazy\" class=\"size-full wp-image-23741\" src=\"http:\/\/www.polisrecreio.com.br\/site\/wp-content\/uploads\/2022\/06\/DSC_0084.jpg\" alt=\"\" width=\"750\" height=\"500\" srcset=\"https:\/\/www.polisrecreio.com.br\/site\/wp-content\/uploads\/2022\/06\/DSC_0084.jpg 750w, https:\/\/www.polisrecreio.com.br\/site\/wp-content\/uploads\/2022\/06\/DSC_0084-300x200.jpg 300w\" sizes=\"(max-width: 750px) 100vw, 750px\" \/><\/a><figcaption id=\"caption-attachment-23741\" class=\"wp-caption-text\">Colaborador do Sebrae, Emanuel Menezes.<\/figcaption><\/figure>\n<p><a href=\"http:\/\/www.polisrecreio.com.br\/site\/wp-content\/uploads\/2022\/06\/DSC_0078.jpg\"><img loading=\"lazy\" class=\"aligncenter size-full wp-image-23738\" src=\"http:\/\/www.polisrecreio.com.br\/site\/wp-content\/uploads\/2022\/06\/DSC_0078.jpg\" alt=\"\" width=\"750\" height=\"500\" srcset=\"https:\/\/www.polisrecreio.com.br\/site\/wp-content\/uploads\/2022\/06\/DSC_0078.jpg 750w, https:\/\/www.polisrecreio.com.br\/site\/wp-content\/uploads\/2022\/06\/DSC_0078-300x200.jpg 300w\" sizes=\"(max-width: 750px) 100vw, 750px\" \/><\/a><\/p>\n","protected":false},"excerpt":{"rendered":"<p>Na \u00faltima segunda-feira (30), o colaborador do Sebrae, Emanuel Menezes, e o t\u00e9cnico respons\u00e1vel do Sebrae da microrregi\u00e3o de Cataguases, Marco Ant\u00f4nio Mendon\u00e7a, apresentaram na C\u00e2mara Municipal as proposi\u00e7\u00f5es para melhoria da produ\u00e7\u00e3o da tradicional arte cer\u00e2mica de Recreio.<\/p>\n","protected":false},"author":3,"featured_media":0,"comment_status":"open","ping_status":"open","sticky":false,"template":"","format":"standard","meta":[],"categories":[2],"tags":[],"yoast_head":"<!-- This site is optimized with the Yoast SEO plugin v15.6.2 - https:\/\/yoast.com\/wordpress\/plugins\/seo\/ -->\n<meta name=\"robots\" content=\"index, follow, max-snippet:-1, max-image-preview:large, max-video-preview:-1\" \/>\n<link rel=\"canonical\" href=\"http:\/\/www.polisrecreio.com.br\/site\/2022\/06\/01\/sebrae-apresenta-proposicoes-para-melhoria-da-arte-ceramica-de-recreio\/\" \/>\n<meta property=\"og:locale\" content=\"pt_BR\" \/>\n<meta property=\"og:type\" content=\"article\" \/>\n<meta property=\"og:title\" content=\"Sebrae apresenta proposi\u00e7\u00f5es para melhoria da arte cer\u00e2mica de Recreio - P\u00f3lis Recreio\" \/>\n<meta property=\"og:description\" content=\"Na \u00faltima segunda-feira (30), o colaborador do Sebrae, Emanuel Menezes, e o t\u00e9cnico respons\u00e1vel do Sebrae da microrregi\u00e3o de Cataguases, Marco Ant\u00f4nio Mendon\u00e7a, apresentaram na C\u00e2mara Municipal as proposi\u00e7\u00f5es para melhoria da produ\u00e7\u00e3o da tradicional arte cer\u00e2mica de Recreio.\" \/>\n<meta property=\"og:url\" content=\"http:\/\/www.polisrecreio.com.br\/site\/2022\/06\/01\/sebrae-apresenta-proposicoes-para-melhoria-da-arte-ceramica-de-recreio\/\" \/>\n<meta property=\"og:site_name\" content=\"P\u00f3lis Recreio\" \/>\n<meta property=\"article:publisher\" content=\"https:\/\/www.facebook.com\/Site-P%c3%b3lis-Recreio-MG-181941708571019\/\" \/>\n<meta property=\"article:published_time\" content=\"2022-06-01T11:32:25+00:00\" \/>\n<meta property=\"article:modified_time\" content=\"2022-06-01T11:33:35+00:00\" \/>\n<meta property=\"og:image\" content=\"http:\/\/www.polisrecreio.com.br\/site\/wp-content\/uploads\/2022\/06\/DSC_0077.jpg\" \/>\n<meta name=\"twitter:card\" content=\"summary_large_image\" \/>\n<meta name=\"twitter:creator\" content=\"@PolisRecreio\" \/>\n<meta name=\"twitter:site\" content=\"@PolisRecreio\" \/>\n<meta name=\"twitter:label1\" content=\"Est. reading time\">\n\t<meta name=\"twitter:data1\" content=\"4 minutos\">\n<script type=\"application\/ld+json\" class=\"yoast-schema-graph\">{\"@context\":\"https:\/\/schema.org\",\"@graph\":[{\"@type\":\"WebSite\",\"@id\":\"https:\/\/www.polisrecreio.com.br\/site\/#website\",\"url\":\"https:\/\/www.polisrecreio.com.br\/site\/\",\"name\":\"P\\u00f3lis Recreio\",\"description\":\"\",\"potentialAction\":[{\"@type\":\"SearchAction\",\"target\":\"https:\/\/www.polisrecreio.com.br\/site\/?s={search_term_string}\",\"query-input\":\"required name=search_term_string\"}],\"inLanguage\":\"pt-BR\"},{\"@type\":\"ImageObject\",\"@id\":\"http:\/\/www.polisrecreio.com.br\/site\/2022\/06\/01\/sebrae-apresenta-proposicoes-para-melhoria-da-arte-ceramica-de-recreio\/#primaryimage\",\"inLanguage\":\"pt-BR\",\"url\":\"http:\/\/www.polisrecreio.com.br\/site\/wp-content\/uploads\/2022\/06\/DSC_0077.jpg\"},{\"@type\":\"WebPage\",\"@id\":\"http:\/\/www.polisrecreio.com.br\/site\/2022\/06\/01\/sebrae-apresenta-proposicoes-para-melhoria-da-arte-ceramica-de-recreio\/#webpage\",\"url\":\"http:\/\/www.polisrecreio.com.br\/site\/2022\/06\/01\/sebrae-apresenta-proposicoes-para-melhoria-da-arte-ceramica-de-recreio\/\",\"name\":\"Sebrae apresenta proposi\\u00e7\\u00f5es para melhoria da arte cer\\u00e2mica de Recreio - P\\u00f3lis Recreio\",\"isPartOf\":{\"@id\":\"https:\/\/www.polisrecreio.com.br\/site\/#website\"},\"primaryImageOfPage\":{\"@id\":\"http:\/\/www.polisrecreio.com.br\/site\/2022\/06\/01\/sebrae-apresenta-proposicoes-para-melhoria-da-arte-ceramica-de-recreio\/#primaryimage\"},\"datePublished\":\"2022-06-01T11:32:25+00:00\",\"dateModified\":\"2022-06-01T11:33:35+00:00\",\"author\":{\"@id\":\"https:\/\/www.polisrecreio.com.br\/site\/#\/schema\/person\/3363c1c78e1e28e1329d97adb387638e\"},\"inLanguage\":\"pt-BR\",\"potentialAction\":[{\"@type\":\"ReadAction\",\"target\":[\"http:\/\/www.polisrecreio.com.br\/site\/2022\/06\/01\/sebrae-apresenta-proposicoes-para-melhoria-da-arte-ceramica-de-recreio\/\"]}]},{\"@type\":\"Person\",\"@id\":\"https:\/\/www.polisrecreio.com.br\/site\/#\/schema\/person\/3363c1c78e1e28e1329d97adb387638e\",\"name\":\"Leonardo Ribeiro\",\"image\":{\"@type\":\"ImageObject\",\"@id\":\"https:\/\/www.polisrecreio.com.br\/site\/#personlogo\",\"inLanguage\":\"pt-BR\",\"url\":\"https:\/\/secure.gravatar.com\/avatar\/6ba92a37d621e1a83e23710251178a12?s=96&d=mm&r=g\",\"caption\":\"Leonardo Ribeiro\"},\"sameAs\":[\"http:\/\/www.polisrecreio.com.br\"]}]}<\/script>\n<!-- \/ Yoast SEO plugin. -->","_links":{"self":[{"href":"https:\/\/www.polisrecreio.com.br\/site\/wp-json\/wp\/v2\/posts\/23734"}],"collection":[{"href":"https:\/\/www.polisrecreio.com.br\/site\/wp-json\/wp\/v2\/posts"}],"about":[{"href":"https:\/\/www.polisrecreio.com.br\/site\/wp-json\/wp\/v2\/types\/post"}],"author":[{"embeddable":true,"href":"https:\/\/www.polisrecreio.com.br\/site\/wp-json\/wp\/v2\/users\/3"}],"replies":[{"embeddable":true,"href":"https:\/\/www.polisrecreio.com.br\/site\/wp-json\/wp\/v2\/comments?post=23734"}],"version-history":[{"count":2,"href":"https:\/\/www.polisrecreio.com.br\/site\/wp-json\/wp\/v2\/posts\/23734\/revisions"}],"predecessor-version":[{"id":23743,"href":"https:\/\/www.polisrecreio.com.br\/site\/wp-json\/wp\/v2\/posts\/23734\/revisions\/23743"}],"wp:attachment":[{"href":"https:\/\/www.polisrecreio.com.br\/site\/wp-json\/wp\/v2\/media?parent=23734"}],"wp:term":[{"taxonomy":"category","embeddable":true,"href":"https:\/\/www.polisrecreio.com.br\/site\/wp-json\/wp\/v2\/categories?post=23734"},{"taxonomy":"post_tag","embeddable":true,"href":"https:\/\/www.polisrecreio.com.br\/site\/wp-json\/wp\/v2\/tags?post=23734"}],"curies":[{"name":"wp","href":"https:\/\/api.w.org\/{rel}","templated":true}]}}