{"id":24104,"date":"2022-07-25T13:45:37","date_gmt":"2022-07-25T16:45:37","guid":{"rendered":"http:\/\/www.polisrecreio.com.br\/site\/?p=24104"},"modified":"2022-07-25T13:49:54","modified_gmt":"2022-07-25T16:49:54","slug":"depois-de-8-anos-secretaria-de-obras-de-recreio-tera-caminhoes-cacamba-novos","status":"publish","type":"post","link":"https:\/\/www.polisrecreio.com.br\/site\/2022\/07\/25\/depois-de-8-anos-secretaria-de-obras-de-recreio-tera-caminhoes-cacamba-novos\/","title":{"rendered":"Depois de 8 anos, Secretaria de Obras de Recreio ter\u00e1 caminh\u00f5es ca\u00e7amba novos"},"content":{"rendered":"<p style=\"text-align: justify;\">H\u00e1 v\u00e1rios anos a Secretaria de Obras de Recreio carecia de caminh\u00f5es ca\u00e7amba novos para atender a demanda de servi\u00e7os e na \u00faltima semana, enfim, os ve\u00edculos chegaram na cidade.<\/p>\n<p><!--more--><\/p>\n<p><a href=\"http:\/\/www.polisrecreio.com.br\/site\/wp-content\/uploads\/2022\/07\/294142754_381595844078128_4930549052122314868_n.jpg\"><img loading=\"lazy\" class=\"aligncenter size-full wp-image-24105\" src=\"http:\/\/www.polisrecreio.com.br\/site\/wp-content\/uploads\/2022\/07\/294142754_381595844078128_4930549052122314868_n.jpg\" alt=\"\" width=\"750\" height=\"495\" srcset=\"https:\/\/www.polisrecreio.com.br\/site\/wp-content\/uploads\/2022\/07\/294142754_381595844078128_4930549052122314868_n.jpg 750w, https:\/\/www.polisrecreio.com.br\/site\/wp-content\/uploads\/2022\/07\/294142754_381595844078128_4930549052122314868_n-300x198.jpg 300w\" sizes=\"(max-width: 750px) 100vw, 750px\" \/><\/a><\/p>\n<p style=\"text-align: justify;\">A \u00faltima vez que Recreio adquiriu caminh\u00f5es novos foi em 2014. Naquele ano o Governo Federal enviou para os munic\u00edpios atrav\u00e9s do Programa de Acelera\u00e7\u00e3o do Crescimento 2, o popular PAC 2.<\/p>\n<p style=\"text-align: justify;\">Desta vez os investimentos foram feitos com recursos de empr\u00e9stimo da Prefeitura Municipal junto ao Banco de Desenvolvimento de Minas Gerais \u201cBDMG\u201d. Os caminh\u00f5es com b\u00e1scula 6m\u00b3 totalizaram R$ 741.804,80. Eles foram comprados na Deva Ve\u00edculos (CNPJ: 23.762.552\/0003-02).<\/p>\n<p style=\"text-align: justify;\">Segundo informa\u00e7\u00f5es, os ve\u00edculos ainda n\u00e3o est\u00e3o regularizados para uso.<\/p>\n","protected":false},"excerpt":{"rendered":"<p>H\u00e1 v\u00e1rios anos a Secretaria de Obras de Recreio carecia de caminh\u00f5es ca\u00e7amba novos para atender a demanda de servi\u00e7os e na \u00faltima semana, enfim, os ve\u00edculos chegaram na cidade.<\/p>\n","protected":false},"author":3,"featured_media":0,"comment_status":"open","ping_status":"open","sticky":false,"template":"","format":"standard","meta":[],"categories":[6],"tags":[],"yoast_head":"<!-- This site is optimized with the Yoast SEO plugin v15.6.2 - https:\/\/yoast.com\/wordpress\/plugins\/seo\/ -->\n<meta name=\"robots\" content=\"index, follow, max-snippet:-1, max-image-preview:large, max-video-preview:-1\" \/>\n<link rel=\"canonical\" href=\"https:\/\/www.polisrecreio.com.br\/site\/2022\/07\/25\/depois-de-8-anos-secretaria-de-obras-de-recreio-tera-caminhoes-cacamba-novos\/\" \/>\n<meta property=\"og:locale\" content=\"pt_BR\" \/>\n<meta property=\"og:type\" content=\"article\" \/>\n<meta property=\"og:title\" content=\"Depois de 8 anos, Secretaria de Obras de Recreio ter\u00e1 caminh\u00f5es ca\u00e7amba novos - P\u00f3lis Recreio\" \/>\n<meta property=\"og:description\" content=\"H\u00e1 v\u00e1rios anos a Secretaria de Obras de Recreio carecia de caminh\u00f5es ca\u00e7amba novos para atender a demanda de servi\u00e7os e na \u00faltima semana, enfim, os ve\u00edculos chegaram na cidade.\" \/>\n<meta property=\"og:url\" content=\"https:\/\/www.polisrecreio.com.br\/site\/2022\/07\/25\/depois-de-8-anos-secretaria-de-obras-de-recreio-tera-caminhoes-cacamba-novos\/\" \/>\n<meta property=\"og:site_name\" content=\"P\u00f3lis Recreio\" \/>\n<meta property=\"article:publisher\" content=\"https:\/\/www.facebook.com\/Site-P%c3%b3lis-Recreio-MG-181941708571019\/\" \/>\n<meta property=\"article:published_time\" content=\"2022-07-25T16:45:37+00:00\" \/>\n<meta property=\"article:modified_time\" content=\"2022-07-25T16:49:54+00:00\" \/>\n<meta property=\"og:image\" content=\"http:\/\/www.polisrecreio.com.br\/site\/wp-content\/uploads\/2022\/07\/294142754_381595844078128_4930549052122314868_n.jpg\" \/>\n<meta name=\"twitter:card\" content=\"summary_large_image\" \/>\n<meta name=\"twitter:creator\" content=\"@PolisRecreio\" \/>\n<meta name=\"twitter:site\" content=\"@PolisRecreio\" \/>\n<meta name=\"twitter:label1\" content=\"Est. reading time\">\n\t<meta name=\"twitter:data1\" content=\"1 minuto\">\n<script type=\"application\/ld+json\" class=\"yoast-schema-graph\">{\"@context\":\"https:\/\/schema.org\",\"@graph\":[{\"@type\":\"WebSite\",\"@id\":\"https:\/\/www.polisrecreio.com.br\/site\/#website\",\"url\":\"https:\/\/www.polisrecreio.com.br\/site\/\",\"name\":\"P\\u00f3lis Recreio\",\"description\":\"\",\"potentialAction\":[{\"@type\":\"SearchAction\",\"target\":\"https:\/\/www.polisrecreio.com.br\/site\/?s={search_term_string}\",\"query-input\":\"required name=search_term_string\"}],\"inLanguage\":\"pt-BR\"},{\"@type\":\"ImageObject\",\"@id\":\"https:\/\/www.polisrecreio.com.br\/site\/2022\/07\/25\/depois-de-8-anos-secretaria-de-obras-de-recreio-tera-caminhoes-cacamba-novos\/#primaryimage\",\"inLanguage\":\"pt-BR\",\"url\":\"http:\/\/www.polisrecreio.com.br\/site\/wp-content\/uploads\/2022\/07\/294142754_381595844078128_4930549052122314868_n.jpg\"},{\"@type\":\"WebPage\",\"@id\":\"https:\/\/www.polisrecreio.com.br\/site\/2022\/07\/25\/depois-de-8-anos-secretaria-de-obras-de-recreio-tera-caminhoes-cacamba-novos\/#webpage\",\"url\":\"https:\/\/www.polisrecreio.com.br\/site\/2022\/07\/25\/depois-de-8-anos-secretaria-de-obras-de-recreio-tera-caminhoes-cacamba-novos\/\",\"name\":\"Depois de 8 anos, Secretaria de Obras de Recreio ter\\u00e1 caminh\\u00f5es ca\\u00e7amba novos - P\\u00f3lis Recreio\",\"isPartOf\":{\"@id\":\"https:\/\/www.polisrecreio.com.br\/site\/#website\"},\"primaryImageOfPage\":{\"@id\":\"https:\/\/www.polisrecreio.com.br\/site\/2022\/07\/25\/depois-de-8-anos-secretaria-de-obras-de-recreio-tera-caminhoes-cacamba-novos\/#primaryimage\"},\"datePublished\":\"2022-07-25T16:45:37+00:00\",\"dateModified\":\"2022-07-25T16:49:54+00:00\",\"author\":{\"@id\":\"https:\/\/www.polisrecreio.com.br\/site\/#\/schema\/person\/3363c1c78e1e28e1329d97adb387638e\"},\"inLanguage\":\"pt-BR\",\"potentialAction\":[{\"@type\":\"ReadAction\",\"target\":[\"https:\/\/www.polisrecreio.com.br\/site\/2022\/07\/25\/depois-de-8-anos-secretaria-de-obras-de-recreio-tera-caminhoes-cacamba-novos\/\"]}]},{\"@type\":\"Person\",\"@id\":\"https:\/\/www.polisrecreio.com.br\/site\/#\/schema\/person\/3363c1c78e1e28e1329d97adb387638e\",\"name\":\"Leonardo Ribeiro\",\"image\":{\"@type\":\"ImageObject\",\"@id\":\"https:\/\/www.polisrecreio.com.br\/site\/#personlogo\",\"inLanguage\":\"pt-BR\",\"url\":\"https:\/\/secure.gravatar.com\/avatar\/6ba92a37d621e1a83e23710251178a12?s=96&d=mm&r=g\",\"caption\":\"Leonardo Ribeiro\"},\"sameAs\":[\"http:\/\/www.polisrecreio.com.br\"]}]}<\/script>\n<!-- \/ Yoast SEO plugin. -->","_links":{"self":[{"href":"https:\/\/www.polisrecreio.com.br\/site\/wp-json\/wp\/v2\/posts\/24104"}],"collection":[{"href":"https:\/\/www.polisrecreio.com.br\/site\/wp-json\/wp\/v2\/posts"}],"about":[{"href":"https:\/\/www.polisrecreio.com.br\/site\/wp-json\/wp\/v2\/types\/post"}],"author":[{"embeddable":true,"href":"https:\/\/www.polisrecreio.com.br\/site\/wp-json\/wp\/v2\/users\/3"}],"replies":[{"embeddable":true,"href":"https:\/\/www.polisrecreio.com.br\/site\/wp-json\/wp\/v2\/comments?post=24104"}],"version-history":[{"count":4,"href":"https:\/\/www.polisrecreio.com.br\/site\/wp-json\/wp\/v2\/posts\/24104\/revisions"}],"predecessor-version":[{"id":24109,"href":"https:\/\/www.polisrecreio.com.br\/site\/wp-json\/wp\/v2\/posts\/24104\/revisions\/24109"}],"wp:attachment":[{"href":"https:\/\/www.polisrecreio.com.br\/site\/wp-json\/wp\/v2\/media?parent=24104"}],"wp:term":[{"taxonomy":"category","embeddable":true,"href":"https:\/\/www.polisrecreio.com.br\/site\/wp-json\/wp\/v2\/categories?post=24104"},{"taxonomy":"post_tag","embeddable":true,"href":"https:\/\/www.polisrecreio.com.br\/site\/wp-json\/wp\/v2\/tags?post=24104"}],"curies":[{"name":"wp","href":"https:\/\/api.w.org\/{rel}","templated":true}]}}