{"id":24110,"date":"2022-07-26T09:02:52","date_gmt":"2022-07-26T12:02:52","guid":{"rendered":"http:\/\/www.polisrecreio.com.br\/site\/?p=24110"},"modified":"2022-07-26T09:05:50","modified_gmt":"2022-07-26T12:05:50","slug":"lei-municipal-autoriza-uso-do-salao-do-cras-para-eventos-festivos-de-entidades","status":"publish","type":"post","link":"https:\/\/www.polisrecreio.com.br\/site\/2022\/07\/26\/lei-municipal-autoriza-uso-do-salao-do-cras-para-eventos-festivos-de-entidades\/","title":{"rendered":"Lei Municipal autoriza uso do Sal\u00e3o do CRAS para eventos festivos de entidades"},"content":{"rendered":"<p style=\"text-align: justify;\">A Lei Municipal 1.774, aprovada pela C\u00e2mara e sancionada pelo prefeito de Recreio, Z\u00e9 Maria Barros, autorizou a partir de agora o uso do Sal\u00e3o do Centro de Refer\u00eancia de Assist\u00eancia Social \u201cCRAS\u201d para os variados eventos festivos de entidades de utilidade p\u00fablica sem fins lucrativos do Munic\u00edpio.<\/p>\n<p><!--more--><\/p>\n<figure id=\"attachment_24111\" aria-describedby=\"caption-attachment-24111\" style=\"width: 750px\" class=\"wp-caption aligncenter\"><a href=\"http:\/\/www.polisrecreio.com.br\/site\/wp-content\/uploads\/2022\/07\/resslidos.jpg\"><img loading=\"lazy\" class=\"wp-image-24111 size-full\" src=\"http:\/\/www.polisrecreio.com.br\/site\/wp-content\/uploads\/2022\/07\/resslidos.jpg\" alt=\"\" width=\"750\" height=\"502\" srcset=\"https:\/\/www.polisrecreio.com.br\/site\/wp-content\/uploads\/2022\/07\/resslidos.jpg 750w, https:\/\/www.polisrecreio.com.br\/site\/wp-content\/uploads\/2022\/07\/resslidos-300x201.jpg 300w\" sizes=\"(max-width: 750px) 100vw, 750px\" \/><\/a><figcaption id=\"caption-attachment-24111\" class=\"wp-caption-text\">Sal\u00e3o que poder\u00e1 ser utilizado para eventos festivos.<\/figcaption><\/figure>\n<p style=\"text-align: justify;\">De acordo com a legisla\u00e7\u00e3o, o espa\u00e7o que poder\u00e1 ser utilizado \u00e9 composto de sal\u00e3o, cozinha e banheiros, confrontante com o P\u00e1tio de Exposi\u00e7\u00e3o.<\/p>\n<p style=\"text-align: justify;\">A institui\u00e7\u00e3o que requerer o uso ficar\u00e1 com o compromisso de restituir o bem p\u00fablico nas condi\u00e7\u00f5es que recebeu ap\u00f3s a realiza\u00e7\u00e3o do evento.<\/p>\n<p style=\"text-align: justify;\">Segundo informa\u00e7\u00f5es, a primeira entidade a utilizar o Sal\u00e3o ser\u00e1 a Loja Ma\u00e7\u00f4nica Toler\u00e2ncia, Justi\u00e7a e Liberdade de Recreio, com a volta da tradicional \u201cBarraca do Bode\u201d nos quatro dias da maior festa da cidade, a Exposi\u00e7\u00e3o (28 a 31 de julho).<\/p>\n<p><strong>Leia a legisla\u00e7\u00e3o na \u00edntegra<\/strong><\/p>\n<p style=\"text-align: justify;\"><em>LEI ORDIN\u00c1RIA N\u00ba 1.774, DE 25 DE JULHO DE 2.022<\/em><\/p>\n<p style=\"text-align: justify;\"><em>AUTORIZA O PODER EXECUTIVO MUNICIPAL A REALIZAR CONCESS\u00c3O DE USO DE ESPA\u00c7O E DE BENS P\u00daBLICOS MUNICIPAIS DO SAL\u00c3O, COZINHA E BANHEIRO DA \u00c1REA EXTERNA ANEXA AO CENTRO DE REFER\u00caNCIA DE ASSIST\u00caNCIA SOCIAL CONFRONTANTE COM O P\u00c1TIO DE EXPOSI\u00c7\u00c3O PARA ENTIDADE DE UTILIDADE P\u00daBLICA SEM FINS LUCRATIVOS OBJETIVANDO A REALIZA\u00c7\u00c3O DE EVENTOS FESTIVOS E D\u00c1 OUTRAS PROVID\u00caNCIAS.<\/em><\/p>\n<p style=\"text-align: justify;\"><em>O PREFEITO MUNICIPAL DE RECREIO, Fa\u00e7o saber que a C\u00e2mara Municipal decreta e eu sanciono a seguinte Lei:<\/em><\/p>\n<p style=\"text-align: justify;\"><em>Art. 1\u00ba &#8211; Fica o Poder Executivo Municipal autorizado a realizar a concess\u00e3o de uso de espa\u00e7o p\u00fablico do sal\u00e3o, cozinha e banheiro da \u00e1rea externa do Centro de Refer\u00eancia de Assist\u00eancia Social, no \u00e2mbito do Munic\u00edpio de Recreio, Estado de Minas Gerais, confrontante com o P\u00e1tio de Exposi\u00e7\u00e3o para entidade de utilidade p\u00fablica sem fins lucrativos objetivando a realiza\u00e7\u00e3o de eventos festivos.<\/em><\/p>\n<p style=\"text-align: justify;\"><em>Art. 2\u00ba &#8211; Fica a Institui\u00e7\u00e3o com o compromisso de restituir o bem p\u00fablico nas condi\u00e7\u00f5es que recebeu ap\u00f3s a realiza\u00e7\u00e3o do evento.<\/em><\/p>\n<p style=\"text-align: justify;\"><em>Art. 3\u00ba &#8211; Esta Lei entra em vigor na data de sua publica\u00e7\u00e3o, revogando-se as disposi\u00e7\u00f5es em contr\u00e1rio. <\/em><\/p>\n<p style=\"text-align: justify;\"><em>Recreio, 25 de julho de 2.022.<\/em><\/p>\n<p><em>JOS\u00c9 MARIA ANDR\u00c9 DE BARROS<\/em><br \/>\n<em>Prefeito de Recreio <\/em><\/p>\n","protected":false},"excerpt":{"rendered":"<p>A Lei Municipal 1.774, aprovada pela C\u00e2mara e sancionada pelo prefeito de Recreio, Z\u00e9 Maria Barros, autorizou a partir de agora o uso do Sal\u00e3o do Centro de Refer\u00eancia de Assist\u00eancia Social \u201cCRAS\u201d para os variados eventos festivos de entidades de utilidade p\u00fablica sem fins lucrativos do Munic\u00edpio.<\/p>\n","protected":false},"author":3,"featured_media":0,"comment_status":"open","ping_status":"open","sticky":false,"template":"","format":"standard","meta":[],"categories":[6],"tags":[],"yoast_head":"<!-- This site is optimized with the Yoast SEO plugin v15.6.2 - https:\/\/yoast.com\/wordpress\/plugins\/seo\/ -->\n<meta name=\"robots\" content=\"index, follow, max-snippet:-1, max-image-preview:large, max-video-preview:-1\" \/>\n<link rel=\"canonical\" href=\"http:\/\/www.polisrecreio.com.br\/site\/2022\/07\/26\/lei-municipal-autoriza-uso-do-salao-do-cras-para-eventos-festivos-de-entidades\/\" \/>\n<meta property=\"og:locale\" content=\"pt_BR\" \/>\n<meta property=\"og:type\" content=\"article\" \/>\n<meta property=\"og:title\" content=\"Lei Municipal autoriza uso do Sal\u00e3o do CRAS para eventos festivos de entidades - P\u00f3lis Recreio\" \/>\n<meta property=\"og:description\" content=\"A Lei Municipal 1.774, aprovada pela C\u00e2mara e sancionada pelo prefeito de Recreio, Z\u00e9 Maria Barros, autorizou a partir de agora o uso do Sal\u00e3o do Centro de Refer\u00eancia de Assist\u00eancia Social \u201cCRAS\u201d para os variados eventos festivos de entidades de utilidade p\u00fablica sem fins lucrativos do Munic\u00edpio.\" \/>\n<meta property=\"og:url\" content=\"http:\/\/www.polisrecreio.com.br\/site\/2022\/07\/26\/lei-municipal-autoriza-uso-do-salao-do-cras-para-eventos-festivos-de-entidades\/\" \/>\n<meta property=\"og:site_name\" content=\"P\u00f3lis Recreio\" \/>\n<meta property=\"article:publisher\" content=\"https:\/\/www.facebook.com\/Site-P%c3%b3lis-Recreio-MG-181941708571019\/\" \/>\n<meta property=\"article:published_time\" content=\"2022-07-26T12:02:52+00:00\" \/>\n<meta property=\"article:modified_time\" content=\"2022-07-26T12:05:50+00:00\" \/>\n<meta property=\"og:image\" content=\"http:\/\/www.polisrecreio.com.br\/site\/wp-content\/uploads\/2022\/07\/resslidos.jpg\" \/>\n<meta name=\"twitter:card\" content=\"summary_large_image\" \/>\n<meta name=\"twitter:creator\" content=\"@PolisRecreio\" \/>\n<meta name=\"twitter:site\" content=\"@PolisRecreio\" \/>\n<meta name=\"twitter:label1\" content=\"Est. reading time\">\n\t<meta name=\"twitter:data1\" content=\"2 minutos\">\n<script type=\"application\/ld+json\" class=\"yoast-schema-graph\">{\"@context\":\"https:\/\/schema.org\",\"@graph\":[{\"@type\":\"WebSite\",\"@id\":\"https:\/\/www.polisrecreio.com.br\/site\/#website\",\"url\":\"https:\/\/www.polisrecreio.com.br\/site\/\",\"name\":\"P\\u00f3lis Recreio\",\"description\":\"\",\"potentialAction\":[{\"@type\":\"SearchAction\",\"target\":\"https:\/\/www.polisrecreio.com.br\/site\/?s={search_term_string}\",\"query-input\":\"required name=search_term_string\"}],\"inLanguage\":\"pt-BR\"},{\"@type\":\"ImageObject\",\"@id\":\"http:\/\/www.polisrecreio.com.br\/site\/2022\/07\/26\/lei-municipal-autoriza-uso-do-salao-do-cras-para-eventos-festivos-de-entidades\/#primaryimage\",\"inLanguage\":\"pt-BR\",\"url\":\"http:\/\/www.polisrecreio.com.br\/site\/wp-content\/uploads\/2022\/07\/resslidos.jpg\"},{\"@type\":\"WebPage\",\"@id\":\"http:\/\/www.polisrecreio.com.br\/site\/2022\/07\/26\/lei-municipal-autoriza-uso-do-salao-do-cras-para-eventos-festivos-de-entidades\/#webpage\",\"url\":\"http:\/\/www.polisrecreio.com.br\/site\/2022\/07\/26\/lei-municipal-autoriza-uso-do-salao-do-cras-para-eventos-festivos-de-entidades\/\",\"name\":\"Lei Municipal autoriza uso do Sal\\u00e3o do CRAS para eventos festivos de entidades - P\\u00f3lis Recreio\",\"isPartOf\":{\"@id\":\"https:\/\/www.polisrecreio.com.br\/site\/#website\"},\"primaryImageOfPage\":{\"@id\":\"http:\/\/www.polisrecreio.com.br\/site\/2022\/07\/26\/lei-municipal-autoriza-uso-do-salao-do-cras-para-eventos-festivos-de-entidades\/#primaryimage\"},\"datePublished\":\"2022-07-26T12:02:52+00:00\",\"dateModified\":\"2022-07-26T12:05:50+00:00\",\"author\":{\"@id\":\"https:\/\/www.polisrecreio.com.br\/site\/#\/schema\/person\/3363c1c78e1e28e1329d97adb387638e\"},\"inLanguage\":\"pt-BR\",\"potentialAction\":[{\"@type\":\"ReadAction\",\"target\":[\"http:\/\/www.polisrecreio.com.br\/site\/2022\/07\/26\/lei-municipal-autoriza-uso-do-salao-do-cras-para-eventos-festivos-de-entidades\/\"]}]},{\"@type\":\"Person\",\"@id\":\"https:\/\/www.polisrecreio.com.br\/site\/#\/schema\/person\/3363c1c78e1e28e1329d97adb387638e\",\"name\":\"Leonardo Ribeiro\",\"image\":{\"@type\":\"ImageObject\",\"@id\":\"https:\/\/www.polisrecreio.com.br\/site\/#personlogo\",\"inLanguage\":\"pt-BR\",\"url\":\"https:\/\/secure.gravatar.com\/avatar\/6ba92a37d621e1a83e23710251178a12?s=96&d=mm&r=g\",\"caption\":\"Leonardo Ribeiro\"},\"sameAs\":[\"http:\/\/www.polisrecreio.com.br\"]}]}<\/script>\n<!-- \/ Yoast SEO plugin. -->","_links":{"self":[{"href":"https:\/\/www.polisrecreio.com.br\/site\/wp-json\/wp\/v2\/posts\/24110"}],"collection":[{"href":"https:\/\/www.polisrecreio.com.br\/site\/wp-json\/wp\/v2\/posts"}],"about":[{"href":"https:\/\/www.polisrecreio.com.br\/site\/wp-json\/wp\/v2\/types\/post"}],"author":[{"embeddable":true,"href":"https:\/\/www.polisrecreio.com.br\/site\/wp-json\/wp\/v2\/users\/3"}],"replies":[{"embeddable":true,"href":"https:\/\/www.polisrecreio.com.br\/site\/wp-json\/wp\/v2\/comments?post=24110"}],"version-history":[{"count":3,"href":"https:\/\/www.polisrecreio.com.br\/site\/wp-json\/wp\/v2\/posts\/24110\/revisions"}],"predecessor-version":[{"id":24113,"href":"https:\/\/www.polisrecreio.com.br\/site\/wp-json\/wp\/v2\/posts\/24110\/revisions\/24113"}],"wp:attachment":[{"href":"https:\/\/www.polisrecreio.com.br\/site\/wp-json\/wp\/v2\/media?parent=24110"}],"wp:term":[{"taxonomy":"category","embeddable":true,"href":"https:\/\/www.polisrecreio.com.br\/site\/wp-json\/wp\/v2\/categories?post=24110"},{"taxonomy":"post_tag","embeddable":true,"href":"https:\/\/www.polisrecreio.com.br\/site\/wp-json\/wp\/v2\/tags?post=24110"}],"curies":[{"name":"wp","href":"https:\/\/api.w.org\/{rel}","templated":true}]}}