{"id":24115,"date":"2022-07-26T14:25:47","date_gmt":"2022-07-26T17:25:47","guid":{"rendered":"http:\/\/www.polisrecreio.com.br\/site\/?p=24115"},"modified":"2022-07-26T14:42:16","modified_gmt":"2022-07-26T17:42:16","slug":"doze-recreienses-disputam-o-titulo-de-miss-recreio-2022","status":"publish","type":"post","link":"https:\/\/www.polisrecreio.com.br\/site\/2022\/07\/26\/doze-recreienses-disputam-o-titulo-de-miss-recreio-2022\/","title":{"rendered":"Doze recreienses disputam o t\u00edtulo de \u201cMiss Recreio\u201d 2022"},"content":{"rendered":"<p style=\"text-align: justify;\">Na pr\u00f3xima quinta-feira (28), logo ap\u00f3s a abertura oficial da 42\u00aa Exposi\u00e7\u00e3o de Recreio, o concurso \u201cMiss Recreio\u201d est\u00e1 de volta e doze recreienses disputam a coroa e a faixa de campe\u00e3 de 2022.<\/p>\n<p><!--more--><\/p>\n<p><a href=\"http:\/\/www.polisrecreio.com.br\/site\/wp-content\/uploads\/2022\/07\/dd8e932b-9385-4a23-8f50-7e8934f5cdee.jpg\"><img loading=\"lazy\" class=\"aligncenter size-full wp-image-24116\" src=\"http:\/\/www.polisrecreio.com.br\/site\/wp-content\/uploads\/2022\/07\/dd8e932b-9385-4a23-8f50-7e8934f5cdee.jpg\" alt=\"\" width=\"750\" height=\"500\" srcset=\"https:\/\/www.polisrecreio.com.br\/site\/wp-content\/uploads\/2022\/07\/dd8e932b-9385-4a23-8f50-7e8934f5cdee.jpg 750w, https:\/\/www.polisrecreio.com.br\/site\/wp-content\/uploads\/2022\/07\/dd8e932b-9385-4a23-8f50-7e8934f5cdee-300x200.jpg 300w\" sizes=\"(max-width: 750px) 100vw, 750px\" \/><\/a><\/p>\n<p style=\"text-align: justify;\">Segundo o organizador, Tiago Ragauskas, as premia\u00e7\u00f5es deste ano s\u00e3o recordes. A come\u00e7ar pelos valores em dinheiro, patrocinados pela Prefeitura Municipal: 1\u00aa \u2013 R$ 1.000; 2\u00aa \u2013 R$ 500; e 3\u00aa \u2013 R$ 300. <em>\u201cOs pr\u00eamios em presentes e servi\u00e7os ultrapassam R$ 10 mil, os vales-compras ultrapassam R$ 1 mil e os Pix\u2019s a serem realizados de forma direta entre apoiadores e a vencedora chegam R$ 1 mil\u201d<\/em>, disse.<\/p>\n<p><strong>As candidatas s\u00e3o:<\/strong><\/p>\n<ul>\n<li style=\"text-align: justify;\">Ariane Teixeira \u2013 19 anos;<\/li>\n<li style=\"text-align: justify;\">Camila Rangel \u2013 25 anos;<\/li>\n<li style=\"text-align: justify;\">Elaine Souza \u2013 20 anos;<\/li>\n<li style=\"text-align: justify;\">Let\u00edcia Ferreira \u2013 15 anos;<\/li>\n<li style=\"text-align: justify;\">Let\u00edcia Lacerda \u2013 16 anos;<\/li>\n<li style=\"text-align: justify;\">Luiziane dos Santos \u2013 16 anos;<\/li>\n<li style=\"text-align: justify;\">Maria Eduarda Ferreira \u2013 15 anos;<\/li>\n<li style=\"text-align: justify;\">Marina Malta \u2013 21 anos;<\/li>\n<li style=\"text-align: justify;\">Michele Frederico \u2013 15 anos;<\/li>\n<li style=\"text-align: justify;\">Mirele Frederico \u2013 24 anos;<\/li>\n<li style=\"text-align: justify;\">Talita Maria \u2013 17 anos;<\/li>\n<li style=\"text-align: justify;\">Weshylla Vict\u00f3ria \u2013 16 anos.<\/li>\n<\/ul>\n<p><strong>Veja a programa\u00e7\u00e3o completa<\/strong><\/p>\n<ul>\n<li>20h &#8211; Composi\u00e7\u00e3o da mesa e comiss\u00e3o julgadora \/ abertura com mon\u00f3logo\u00a0 &#8220;A crian\u00e7a, a esperan\u00e7a e o mundo. Hes\u00edodo, s\u00e9culo VIII a.C a Recreio, julho de 2022;<\/li>\n<li>20:10h &#8211; Document\u00e1rio &#8220;Vozes de Meninas&#8221;;<\/li>\n<li>20:30h &#8211; De Arist\u00f3teles a Darwin &#8211; Recreio, Sophia, sabedoria por Helena, a reluzente, a resplandecente;<\/li>\n<li>20:35h &#8211; Desfile de Jeans;<\/li>\n<li>20:45h &#8211; Desfile de Gala;<\/li>\n<li>21h &#8211; Despedida do Reinado &#8211; Miss Recreio 2017 e Miss Exposi\u00e7\u00e3o 2019;<\/li>\n<li>21:10h &#8211; Cerim\u00f4nia de coroa\u00e7\u00e3o da Miss Recreio 2022.<\/li>\n<\/ul>\n","protected":false},"excerpt":{"rendered":"<p>Na pr\u00f3xima quinta-feira (28), logo ap\u00f3s a abertura oficial da 42\u00aa Exposi\u00e7\u00e3o de Recreio, o concurso \u201cMiss Recreio\u201d est\u00e1 de volta e doze recreienses disputam a coroa e a faixa de campe\u00e3 de 2022.<\/p>\n","protected":false},"author":3,"featured_media":0,"comment_status":"open","ping_status":"open","sticky":false,"template":"","format":"standard","meta":[],"categories":[2],"tags":[],"yoast_head":"<!-- This site is optimized with the Yoast SEO plugin v15.6.2 - https:\/\/yoast.com\/wordpress\/plugins\/seo\/ -->\n<meta name=\"robots\" content=\"index, follow, max-snippet:-1, max-image-preview:large, max-video-preview:-1\" \/>\n<link rel=\"canonical\" href=\"http:\/\/www.polisrecreio.com.br\/site\/2022\/07\/26\/doze-recreienses-disputam-o-titulo-de-miss-recreio-2022\/\" \/>\n<meta property=\"og:locale\" content=\"pt_BR\" \/>\n<meta property=\"og:type\" content=\"article\" \/>\n<meta property=\"og:title\" content=\"Doze recreienses disputam o t\u00edtulo de \u201cMiss Recreio\u201d 2022 - P\u00f3lis Recreio\" \/>\n<meta property=\"og:description\" content=\"Na pr\u00f3xima quinta-feira (28), logo ap\u00f3s a abertura oficial da 42\u00aa Exposi\u00e7\u00e3o de Recreio, o concurso \u201cMiss Recreio\u201d est\u00e1 de volta e doze recreienses disputam a coroa e a faixa de campe\u00e3 de 2022.\" \/>\n<meta property=\"og:url\" content=\"http:\/\/www.polisrecreio.com.br\/site\/2022\/07\/26\/doze-recreienses-disputam-o-titulo-de-miss-recreio-2022\/\" \/>\n<meta property=\"og:site_name\" content=\"P\u00f3lis Recreio\" \/>\n<meta property=\"article:publisher\" content=\"https:\/\/www.facebook.com\/Site-P%c3%b3lis-Recreio-MG-181941708571019\/\" \/>\n<meta property=\"article:published_time\" content=\"2022-07-26T17:25:47+00:00\" \/>\n<meta property=\"article:modified_time\" content=\"2022-07-26T17:42:16+00:00\" \/>\n<meta property=\"og:image\" content=\"http:\/\/www.polisrecreio.com.br\/site\/wp-content\/uploads\/2022\/07\/dd8e932b-9385-4a23-8f50-7e8934f5cdee.jpg\" \/>\n<meta name=\"twitter:card\" content=\"summary_large_image\" \/>\n<meta name=\"twitter:creator\" content=\"@PolisRecreio\" \/>\n<meta name=\"twitter:site\" content=\"@PolisRecreio\" \/>\n<meta name=\"twitter:label1\" content=\"Est. reading time\">\n\t<meta name=\"twitter:data1\" content=\"2 minutos\">\n<script type=\"application\/ld+json\" class=\"yoast-schema-graph\">{\"@context\":\"https:\/\/schema.org\",\"@graph\":[{\"@type\":\"WebSite\",\"@id\":\"https:\/\/www.polisrecreio.com.br\/site\/#website\",\"url\":\"https:\/\/www.polisrecreio.com.br\/site\/\",\"name\":\"P\\u00f3lis Recreio\",\"description\":\"\",\"potentialAction\":[{\"@type\":\"SearchAction\",\"target\":\"https:\/\/www.polisrecreio.com.br\/site\/?s={search_term_string}\",\"query-input\":\"required name=search_term_string\"}],\"inLanguage\":\"pt-BR\"},{\"@type\":\"ImageObject\",\"@id\":\"http:\/\/www.polisrecreio.com.br\/site\/2022\/07\/26\/doze-recreienses-disputam-o-titulo-de-miss-recreio-2022\/#primaryimage\",\"inLanguage\":\"pt-BR\",\"url\":\"http:\/\/www.polisrecreio.com.br\/site\/wp-content\/uploads\/2022\/07\/dd8e932b-9385-4a23-8f50-7e8934f5cdee.jpg\"},{\"@type\":\"WebPage\",\"@id\":\"http:\/\/www.polisrecreio.com.br\/site\/2022\/07\/26\/doze-recreienses-disputam-o-titulo-de-miss-recreio-2022\/#webpage\",\"url\":\"http:\/\/www.polisrecreio.com.br\/site\/2022\/07\/26\/doze-recreienses-disputam-o-titulo-de-miss-recreio-2022\/\",\"name\":\"Doze recreienses disputam o t\\u00edtulo de \\u201cMiss Recreio\\u201d 2022 - P\\u00f3lis Recreio\",\"isPartOf\":{\"@id\":\"https:\/\/www.polisrecreio.com.br\/site\/#website\"},\"primaryImageOfPage\":{\"@id\":\"http:\/\/www.polisrecreio.com.br\/site\/2022\/07\/26\/doze-recreienses-disputam-o-titulo-de-miss-recreio-2022\/#primaryimage\"},\"datePublished\":\"2022-07-26T17:25:47+00:00\",\"dateModified\":\"2022-07-26T17:42:16+00:00\",\"author\":{\"@id\":\"https:\/\/www.polisrecreio.com.br\/site\/#\/schema\/person\/3363c1c78e1e28e1329d97adb387638e\"},\"inLanguage\":\"pt-BR\",\"potentialAction\":[{\"@type\":\"ReadAction\",\"target\":[\"http:\/\/www.polisrecreio.com.br\/site\/2022\/07\/26\/doze-recreienses-disputam-o-titulo-de-miss-recreio-2022\/\"]}]},{\"@type\":\"Person\",\"@id\":\"https:\/\/www.polisrecreio.com.br\/site\/#\/schema\/person\/3363c1c78e1e28e1329d97adb387638e\",\"name\":\"Leonardo Ribeiro\",\"image\":{\"@type\":\"ImageObject\",\"@id\":\"https:\/\/www.polisrecreio.com.br\/site\/#personlogo\",\"inLanguage\":\"pt-BR\",\"url\":\"https:\/\/secure.gravatar.com\/avatar\/6ba92a37d621e1a83e23710251178a12?s=96&d=mm&r=g\",\"caption\":\"Leonardo Ribeiro\"},\"sameAs\":[\"http:\/\/www.polisrecreio.com.br\"]}]}<\/script>\n<!-- \/ Yoast SEO plugin. -->","_links":{"self":[{"href":"https:\/\/www.polisrecreio.com.br\/site\/wp-json\/wp\/v2\/posts\/24115"}],"collection":[{"href":"https:\/\/www.polisrecreio.com.br\/site\/wp-json\/wp\/v2\/posts"}],"about":[{"href":"https:\/\/www.polisrecreio.com.br\/site\/wp-json\/wp\/v2\/types\/post"}],"author":[{"embeddable":true,"href":"https:\/\/www.polisrecreio.com.br\/site\/wp-json\/wp\/v2\/users\/3"}],"replies":[{"embeddable":true,"href":"https:\/\/www.polisrecreio.com.br\/site\/wp-json\/wp\/v2\/comments?post=24115"}],"version-history":[{"count":4,"href":"https:\/\/www.polisrecreio.com.br\/site\/wp-json\/wp\/v2\/posts\/24115\/revisions"}],"predecessor-version":[{"id":24120,"href":"https:\/\/www.polisrecreio.com.br\/site\/wp-json\/wp\/v2\/posts\/24115\/revisions\/24120"}],"wp:attachment":[{"href":"https:\/\/www.polisrecreio.com.br\/site\/wp-json\/wp\/v2\/media?parent=24115"}],"wp:term":[{"taxonomy":"category","embeddable":true,"href":"https:\/\/www.polisrecreio.com.br\/site\/wp-json\/wp\/v2\/categories?post=24115"},{"taxonomy":"post_tag","embeddable":true,"href":"https:\/\/www.polisrecreio.com.br\/site\/wp-json\/wp\/v2\/tags?post=24115"}],"curies":[{"name":"wp","href":"https:\/\/api.w.org\/{rel}","templated":true}]}}