{"id":24249,"date":"2022-08-29T19:59:45","date_gmt":"2022-08-29T22:59:45","guid":{"rendered":"http:\/\/www.polisrecreio.com.br\/site\/?p=24249"},"modified":"2022-08-29T20:08:34","modified_gmt":"2022-08-29T23:08:34","slug":"recreio-fica-em-8o-lugar-no-icms-esportivo","status":"publish","type":"post","link":"https:\/\/www.polisrecreio.com.br\/site\/2022\/08\/29\/recreio-fica-em-8o-lugar-no-icms-esportivo\/","title":{"rendered":"Recreio fica em 8\u00ba lugar no ICMS Esportivo"},"content":{"rendered":"<p style=\"text-align: justify;\">Neste m\u00eas de agosto a Secretaria de Estado de Desenvolvimento Social, por meio da Subsecretaria de Esportes, divulgou o Relat\u00f3rio Preliminar dos \u00cdndices do ICMS Esportivo do ano base 2021 e Recreio ficou em 8\u00ba lugar. Essa \u00e9 a primeira vez que o munic\u00edpio est\u00e1 entre os dez melhores \u00edndices de todo o Estado.<\/p>\n<p><!--more--><\/p>\n<figure id=\"attachment_23884\" aria-describedby=\"caption-attachment-23884\" style=\"width: 750px\" class=\"wp-caption aligncenter\"><a href=\"http:\/\/www.polisrecreio.com.br\/site\/wp-content\/uploads\/2022\/06\/DSC_0137.jpg\"><img loading=\"lazy\" class=\"size-full wp-image-23884\" src=\"http:\/\/www.polisrecreio.com.br\/site\/wp-content\/uploads\/2022\/06\/DSC_0137.jpg\" alt=\"\" width=\"750\" height=\"500\" srcset=\"https:\/\/www.polisrecreio.com.br\/site\/wp-content\/uploads\/2022\/06\/DSC_0137.jpg 750w, https:\/\/www.polisrecreio.com.br\/site\/wp-content\/uploads\/2022\/06\/DSC_0137-300x200.jpg 300w\" sizes=\"(max-width: 750px) 100vw, 750px\" \/><\/a><figcaption id=\"caption-attachment-23884\" class=\"wp-caption-text\">Campe\u00f5es no geral da Corrida de Santo Higino de 2022 com o secret\u00e1rio de Esportes, Merica, e o vice-prefeito, L\u00e9o Medeiros.<\/figcaption><\/figure>\n<p style=\"text-align: justify;\">O ICMS Esportivo \u00e9 um mecanismo que incentiva a organiza\u00e7\u00e3o e implementa\u00e7\u00e3o de pol\u00edticas p\u00fablicas esportivas nos munic\u00edpios, por meio do fomento \u00e0 cria\u00e7\u00e3o e manuten\u00e7\u00e3o de conselhos municipais de esportes e realiza\u00e7\u00e3o de programas e projetos esportivos.<\/p>\n<p style=\"text-align: justify;\">No ano base 2020, Recreio ficou em 64\u00aa lugar. At\u00e9 o momento, conforme informa\u00e7\u00f5es da Funda\u00e7\u00e3o Jo\u00e3o Pinheiro, j\u00e1 entraram nos cofres p\u00fablicos para investimentos na \u00e1rea de esportes o valor de R$ 40.346,51 (de janeiro a julho).<\/p>\n<p style=\"text-align: justify;\">Os repasses financeiros s\u00e3o feitos pelo Governo Estadual no ano seguinte ao ano da an\u00e1lise dos programas e projetos esportivos e s\u00e3o depositados mensalmente no caixa \u00fanico da Prefeitura. Ainda n\u00e3o h\u00e1 a previs\u00e3o dos valores que ser\u00e3o repassados em 2023, entretanto, j\u00e1 se sabe que para Recreio ser\u00e3o valores recordes.<\/p>\n<p style=\"text-align: justify;\"><em>\u201cEstou muito feliz com esse grande avan\u00e7o. A cidade e o esporte s\u00f3 t\u00eam a ganhar. Meus sinceros agradecimentos a minha a equipe de trabalho\u201d<\/em>, disse o secret\u00e1rio de Esportes, Merica Ferreira.<\/p>\n<p><a href=\"http:\/\/www.polisrecreio.com.br\/site\/wp-content\/uploads\/2022\/08\/300694643_754478222469754_906617823181240866_n.jpg\"><img loading=\"lazy\" class=\"aligncenter size-full wp-image-24250\" src=\"http:\/\/www.polisrecreio.com.br\/site\/wp-content\/uploads\/2022\/08\/300694643_754478222469754_906617823181240866_n.jpg\" alt=\"\" width=\"877\" height=\"1280\" srcset=\"https:\/\/www.polisrecreio.com.br\/site\/wp-content\/uploads\/2022\/08\/300694643_754478222469754_906617823181240866_n.jpg 877w, https:\/\/www.polisrecreio.com.br\/site\/wp-content\/uploads\/2022\/08\/300694643_754478222469754_906617823181240866_n-206x300.jpg 206w, https:\/\/www.polisrecreio.com.br\/site\/wp-content\/uploads\/2022\/08\/300694643_754478222469754_906617823181240866_n-702x1024.jpg 702w, https:\/\/www.polisrecreio.com.br\/site\/wp-content\/uploads\/2022\/08\/300694643_754478222469754_906617823181240866_n-768x1121.jpg 768w\" sizes=\"(max-width: 877px) 100vw, 877px\" \/><\/a><\/p>\n<p>&nbsp;<\/p>\n","protected":false},"excerpt":{"rendered":"<p>Neste m\u00eas de agosto a Secretaria de Estado de Desenvolvimento Social, por meio da Subsecretaria de Esportes, divulgou o Relat\u00f3rio Preliminar dos \u00cdndices do ICMS Esportivo do ano base 2021 e Recreio ficou em 8\u00ba lugar. Essa \u00e9 a primeira vez que o munic\u00edpio est\u00e1 entre os dez melhores \u00edndices de todo o Estado.<\/p>\n","protected":false},"author":3,"featured_media":0,"comment_status":"open","ping_status":"open","sticky":false,"template":"","format":"standard","meta":[],"categories":[4],"tags":[],"yoast_head":"<!-- This site is optimized with the Yoast SEO plugin v15.6.2 - https:\/\/yoast.com\/wordpress\/plugins\/seo\/ -->\n<meta name=\"robots\" content=\"index, follow, max-snippet:-1, max-image-preview:large, max-video-preview:-1\" \/>\n<link rel=\"canonical\" href=\"http:\/\/www.polisrecreio.com.br\/site\/2022\/08\/29\/recreio-fica-em-8o-lugar-no-icms-esportivo\/\" \/>\n<meta property=\"og:locale\" content=\"pt_BR\" \/>\n<meta property=\"og:type\" content=\"article\" \/>\n<meta property=\"og:title\" content=\"Recreio fica em 8\u00ba lugar no ICMS Esportivo - P\u00f3lis Recreio\" \/>\n<meta property=\"og:description\" content=\"Neste m\u00eas de agosto a Secretaria de Estado de Desenvolvimento Social, por meio da Subsecretaria de Esportes, divulgou o Relat\u00f3rio Preliminar dos \u00cdndices do ICMS Esportivo do ano base 2021 e Recreio ficou em 8\u00ba lugar. Essa \u00e9 a primeira vez que o munic\u00edpio est\u00e1 entre os dez melhores \u00edndices de todo o Estado.\" \/>\n<meta property=\"og:url\" content=\"http:\/\/www.polisrecreio.com.br\/site\/2022\/08\/29\/recreio-fica-em-8o-lugar-no-icms-esportivo\/\" \/>\n<meta property=\"og:site_name\" content=\"P\u00f3lis Recreio\" \/>\n<meta property=\"article:publisher\" content=\"https:\/\/www.facebook.com\/Site-P%c3%b3lis-Recreio-MG-181941708571019\/\" \/>\n<meta property=\"article:published_time\" content=\"2022-08-29T22:59:45+00:00\" \/>\n<meta property=\"article:modified_time\" content=\"2022-08-29T23:08:34+00:00\" \/>\n<meta property=\"og:image\" content=\"http:\/\/www.polisrecreio.com.br\/site\/wp-content\/uploads\/2022\/06\/DSC_0137.jpg\" \/>\n<meta name=\"twitter:card\" content=\"summary_large_image\" \/>\n<meta name=\"twitter:creator\" content=\"@PolisRecreio\" \/>\n<meta name=\"twitter:site\" content=\"@PolisRecreio\" \/>\n<meta name=\"twitter:label1\" content=\"Est. reading time\">\n\t<meta name=\"twitter:data1\" content=\"2 minutos\">\n<script type=\"application\/ld+json\" class=\"yoast-schema-graph\">{\"@context\":\"https:\/\/schema.org\",\"@graph\":[{\"@type\":\"WebSite\",\"@id\":\"https:\/\/www.polisrecreio.com.br\/site\/#website\",\"url\":\"https:\/\/www.polisrecreio.com.br\/site\/\",\"name\":\"P\\u00f3lis Recreio\",\"description\":\"\",\"potentialAction\":[{\"@type\":\"SearchAction\",\"target\":\"https:\/\/www.polisrecreio.com.br\/site\/?s={search_term_string}\",\"query-input\":\"required name=search_term_string\"}],\"inLanguage\":\"pt-BR\"},{\"@type\":\"ImageObject\",\"@id\":\"http:\/\/www.polisrecreio.com.br\/site\/2022\/08\/29\/recreio-fica-em-8o-lugar-no-icms-esportivo\/#primaryimage\",\"inLanguage\":\"pt-BR\",\"url\":\"http:\/\/www.polisrecreio.com.br\/site\/wp-content\/uploads\/2022\/06\/DSC_0137.jpg\"},{\"@type\":\"WebPage\",\"@id\":\"http:\/\/www.polisrecreio.com.br\/site\/2022\/08\/29\/recreio-fica-em-8o-lugar-no-icms-esportivo\/#webpage\",\"url\":\"http:\/\/www.polisrecreio.com.br\/site\/2022\/08\/29\/recreio-fica-em-8o-lugar-no-icms-esportivo\/\",\"name\":\"Recreio fica em 8\\u00ba lugar no ICMS Esportivo - P\\u00f3lis Recreio\",\"isPartOf\":{\"@id\":\"https:\/\/www.polisrecreio.com.br\/site\/#website\"},\"primaryImageOfPage\":{\"@id\":\"http:\/\/www.polisrecreio.com.br\/site\/2022\/08\/29\/recreio-fica-em-8o-lugar-no-icms-esportivo\/#primaryimage\"},\"datePublished\":\"2022-08-29T22:59:45+00:00\",\"dateModified\":\"2022-08-29T23:08:34+00:00\",\"author\":{\"@id\":\"https:\/\/www.polisrecreio.com.br\/site\/#\/schema\/person\/3363c1c78e1e28e1329d97adb387638e\"},\"inLanguage\":\"pt-BR\",\"potentialAction\":[{\"@type\":\"ReadAction\",\"target\":[\"http:\/\/www.polisrecreio.com.br\/site\/2022\/08\/29\/recreio-fica-em-8o-lugar-no-icms-esportivo\/\"]}]},{\"@type\":\"Person\",\"@id\":\"https:\/\/www.polisrecreio.com.br\/site\/#\/schema\/person\/3363c1c78e1e28e1329d97adb387638e\",\"name\":\"Leonardo Ribeiro\",\"image\":{\"@type\":\"ImageObject\",\"@id\":\"https:\/\/www.polisrecreio.com.br\/site\/#personlogo\",\"inLanguage\":\"pt-BR\",\"url\":\"https:\/\/secure.gravatar.com\/avatar\/6ba92a37d621e1a83e23710251178a12?s=96&d=mm&r=g\",\"caption\":\"Leonardo Ribeiro\"},\"sameAs\":[\"http:\/\/www.polisrecreio.com.br\"]}]}<\/script>\n<!-- \/ Yoast SEO plugin. -->","_links":{"self":[{"href":"https:\/\/www.polisrecreio.com.br\/site\/wp-json\/wp\/v2\/posts\/24249"}],"collection":[{"href":"https:\/\/www.polisrecreio.com.br\/site\/wp-json\/wp\/v2\/posts"}],"about":[{"href":"https:\/\/www.polisrecreio.com.br\/site\/wp-json\/wp\/v2\/types\/post"}],"author":[{"embeddable":true,"href":"https:\/\/www.polisrecreio.com.br\/site\/wp-json\/wp\/v2\/users\/3"}],"replies":[{"embeddable":true,"href":"https:\/\/www.polisrecreio.com.br\/site\/wp-json\/wp\/v2\/comments?post=24249"}],"version-history":[{"count":5,"href":"https:\/\/www.polisrecreio.com.br\/site\/wp-json\/wp\/v2\/posts\/24249\/revisions"}],"predecessor-version":[{"id":24255,"href":"https:\/\/www.polisrecreio.com.br\/site\/wp-json\/wp\/v2\/posts\/24249\/revisions\/24255"}],"wp:attachment":[{"href":"https:\/\/www.polisrecreio.com.br\/site\/wp-json\/wp\/v2\/media?parent=24249"}],"wp:term":[{"taxonomy":"category","embeddable":true,"href":"https:\/\/www.polisrecreio.com.br\/site\/wp-json\/wp\/v2\/categories?post=24249"},{"taxonomy":"post_tag","embeddable":true,"href":"https:\/\/www.polisrecreio.com.br\/site\/wp-json\/wp\/v2\/tags?post=24249"}],"curies":[{"name":"wp","href":"https:\/\/api.w.org\/{rel}","templated":true}]}}