{"id":24346,"date":"2022-09-29T08:45:48","date_gmt":"2022-09-29T11:45:48","guid":{"rendered":"http:\/\/www.polisrecreio.com.br\/site\/?p=24346"},"modified":"2022-09-29T08:45:48","modified_gmt":"2022-09-29T11:45:48","slug":"uso-da-colinha-eleitoral-na-hora-de-votar-e-autorizado-pela-justica","status":"publish","type":"post","link":"https:\/\/www.polisrecreio.com.br\/site\/2022\/09\/29\/uso-da-colinha-eleitoral-na-hora-de-votar-e-autorizado-pela-justica\/","title":{"rendered":"Uso da colinha eleitoral na hora de votar \u00e9 autorizado pela Justi\u00e7a"},"content":{"rendered":"<p style=\"text-align: justify;\">O uso da chamada colinha eleitoral, aquela com os n\u00fameros de seus candidatos ou candidatas, est\u00e1 autorizado pela Justi\u00e7a Eleitoral para ser usada na cabine de vota\u00e7\u00e3o no domingo (2). O uso da cola no dia da elei\u00e7\u00e3o torna mais r\u00e1pida a digita\u00e7\u00e3o dos n\u00fameros na urna eletr\u00f4nica, al\u00e9m de contribuir para reduzir as filas de vota\u00e7\u00e3o.<\/p>\n<p><!--more--><\/p>\n<figure id=\"attachment_24347\" aria-describedby=\"caption-attachment-24347\" style=\"width: 1024px\" class=\"wp-caption aligncenter\"><a href=\"http:\/\/www.polisrecreio.com.br\/site\/wp-content\/uploads\/2022\/09\/urna-1-1.jpg\"><img loading=\"lazy\" class=\"size-full wp-image-24347\" src=\"http:\/\/www.polisrecreio.com.br\/site\/wp-content\/uploads\/2022\/09\/urna-1-1.jpg\" alt=\"\" width=\"1024\" height=\"683\" srcset=\"https:\/\/www.polisrecreio.com.br\/site\/wp-content\/uploads\/2022\/09\/urna-1-1.jpg 1024w, https:\/\/www.polisrecreio.com.br\/site\/wp-content\/uploads\/2022\/09\/urna-1-1-300x200.jpg 300w, https:\/\/www.polisrecreio.com.br\/site\/wp-content\/uploads\/2022\/09\/urna-1-1-768x512.jpg 768w\" sizes=\"(max-width: 1024px) 100vw, 1024px\" \/><\/a><figcaption id=\"caption-attachment-24347\" class=\"wp-caption-text\">Foto: Reprodu\u00e7\u00e3o\/TSE.<\/figcaption><\/figure>\n<p style=\"text-align: justify;\">Nas Elei\u00e7\u00f5es 2022, est\u00e3o em disputa cinco cargos eletivos, que devem ser escolhidos nesta ordem:<\/p>\n<p style=\"text-align: justify;\">&#8211; deputado federal (quatro d\u00edgitos)<br \/>\n&#8211; deputado estadual ou distrital (cinco d\u00edgitos)<br \/>\n&#8211; senador (tr\u00eas d\u00edgitos)<br \/>\n&#8211; governador (dois d\u00edgitos)<br \/>\n&#8211; presidente (dois d\u00edgitos)<\/p>\n<p style=\"text-align: justify;\">Ap\u00f3s digitar o n\u00famero de cada um dos escolhidos no teclado e conferir a foto na tela da urna, a eleitora ou o eleitor vai precisar confirmar o voto. Caso digite algum n\u00famero errado e a foto n\u00e3o corresponda ao escolhido, a pessoa pode apertar a tecla Corrige, digitar corretamente o n\u00famero, conferir a foto e confirmar o voto.<\/p>\n<p style=\"text-align: justify;\">Vale lembrar que o uso de celular na cabine de vota\u00e7\u00e3o \u00e9 proibido por lei. A novidade para este ano \u00e9 ter de deixar com os mes\u00e1rios, mesmo que esteja desligado.<\/p>\n<p style=\"text-align: justify;\">N\u00e3o \u00e9 obrigat\u00f3rio apresentar o t\u00edtulo de eleitor para votar, mas um documento com foto \u00e9 obrigat\u00f3rio levar.<\/p>\n<p><em>Com informa\u00e7\u00f5es: TSE.<\/em><\/p>\n","protected":false},"excerpt":{"rendered":"<p>O uso da chamada colinha eleitoral, aquela com os n\u00fameros de seus candidatos ou candidatas, est\u00e1 autorizado pela Justi\u00e7a Eleitoral para ser usada na cabine de vota\u00e7\u00e3o no domingo (2). O uso da cola no dia da elei\u00e7\u00e3o torna mais r\u00e1pida a digita\u00e7\u00e3o dos n\u00fameros na urna eletr\u00f4nica, al\u00e9m de contribuir para reduzir as filas [&hellip;]<\/p>\n","protected":false},"author":3,"featured_media":0,"comment_status":"open","ping_status":"open","sticky":false,"template":"","format":"standard","meta":[],"categories":[13],"tags":[],"yoast_head":"<!-- This site is optimized with the Yoast SEO plugin v15.6.2 - https:\/\/yoast.com\/wordpress\/plugins\/seo\/ -->\n<meta name=\"robots\" content=\"index, follow, max-snippet:-1, max-image-preview:large, max-video-preview:-1\" \/>\n<link rel=\"canonical\" href=\"http:\/\/www.polisrecreio.com.br\/site\/2022\/09\/29\/uso-da-colinha-eleitoral-na-hora-de-votar-e-autorizado-pela-justica\/\" \/>\n<meta property=\"og:locale\" content=\"pt_BR\" \/>\n<meta property=\"og:type\" content=\"article\" \/>\n<meta property=\"og:title\" content=\"Uso da colinha eleitoral na hora de votar \u00e9 autorizado pela Justi\u00e7a - P\u00f3lis Recreio\" \/>\n<meta property=\"og:description\" content=\"O uso da chamada colinha eleitoral, aquela com os n\u00fameros de seus candidatos ou candidatas, est\u00e1 autorizado pela Justi\u00e7a Eleitoral para ser usada na cabine de vota\u00e7\u00e3o no domingo (2). O uso da cola no dia da elei\u00e7\u00e3o torna mais r\u00e1pida a digita\u00e7\u00e3o dos n\u00fameros na urna eletr\u00f4nica, al\u00e9m de contribuir para reduzir as filas [&hellip;]\" \/>\n<meta property=\"og:url\" content=\"http:\/\/www.polisrecreio.com.br\/site\/2022\/09\/29\/uso-da-colinha-eleitoral-na-hora-de-votar-e-autorizado-pela-justica\/\" \/>\n<meta property=\"og:site_name\" content=\"P\u00f3lis Recreio\" \/>\n<meta property=\"article:publisher\" content=\"https:\/\/www.facebook.com\/Site-P%c3%b3lis-Recreio-MG-181941708571019\/\" \/>\n<meta property=\"article:published_time\" content=\"2022-09-29T11:45:48+00:00\" \/>\n<meta property=\"og:image\" content=\"http:\/\/www.polisrecreio.com.br\/site\/wp-content\/uploads\/2022\/09\/urna-1-1.jpg\" \/>\n<meta name=\"twitter:card\" content=\"summary_large_image\" \/>\n<meta name=\"twitter:creator\" content=\"@PolisRecreio\" \/>\n<meta name=\"twitter:site\" content=\"@PolisRecreio\" \/>\n<meta name=\"twitter:label1\" content=\"Est. reading time\">\n\t<meta name=\"twitter:data1\" content=\"2 minutos\">\n<script type=\"application\/ld+json\" class=\"yoast-schema-graph\">{\"@context\":\"https:\/\/schema.org\",\"@graph\":[{\"@type\":\"WebSite\",\"@id\":\"https:\/\/www.polisrecreio.com.br\/site\/#website\",\"url\":\"https:\/\/www.polisrecreio.com.br\/site\/\",\"name\":\"P\\u00f3lis Recreio\",\"description\":\"\",\"potentialAction\":[{\"@type\":\"SearchAction\",\"target\":\"https:\/\/www.polisrecreio.com.br\/site\/?s={search_term_string}\",\"query-input\":\"required name=search_term_string\"}],\"inLanguage\":\"pt-BR\"},{\"@type\":\"ImageObject\",\"@id\":\"http:\/\/www.polisrecreio.com.br\/site\/2022\/09\/29\/uso-da-colinha-eleitoral-na-hora-de-votar-e-autorizado-pela-justica\/#primaryimage\",\"inLanguage\":\"pt-BR\",\"url\":\"http:\/\/www.polisrecreio.com.br\/site\/wp-content\/uploads\/2022\/09\/urna-1-1.jpg\"},{\"@type\":\"WebPage\",\"@id\":\"http:\/\/www.polisrecreio.com.br\/site\/2022\/09\/29\/uso-da-colinha-eleitoral-na-hora-de-votar-e-autorizado-pela-justica\/#webpage\",\"url\":\"http:\/\/www.polisrecreio.com.br\/site\/2022\/09\/29\/uso-da-colinha-eleitoral-na-hora-de-votar-e-autorizado-pela-justica\/\",\"name\":\"Uso da colinha eleitoral na hora de votar \\u00e9 autorizado pela Justi\\u00e7a - P\\u00f3lis Recreio\",\"isPartOf\":{\"@id\":\"https:\/\/www.polisrecreio.com.br\/site\/#website\"},\"primaryImageOfPage\":{\"@id\":\"http:\/\/www.polisrecreio.com.br\/site\/2022\/09\/29\/uso-da-colinha-eleitoral-na-hora-de-votar-e-autorizado-pela-justica\/#primaryimage\"},\"datePublished\":\"2022-09-29T11:45:48+00:00\",\"dateModified\":\"2022-09-29T11:45:48+00:00\",\"author\":{\"@id\":\"https:\/\/www.polisrecreio.com.br\/site\/#\/schema\/person\/3363c1c78e1e28e1329d97adb387638e\"},\"inLanguage\":\"pt-BR\",\"potentialAction\":[{\"@type\":\"ReadAction\",\"target\":[\"http:\/\/www.polisrecreio.com.br\/site\/2022\/09\/29\/uso-da-colinha-eleitoral-na-hora-de-votar-e-autorizado-pela-justica\/\"]}]},{\"@type\":\"Person\",\"@id\":\"https:\/\/www.polisrecreio.com.br\/site\/#\/schema\/person\/3363c1c78e1e28e1329d97adb387638e\",\"name\":\"Leonardo Ribeiro\",\"image\":{\"@type\":\"ImageObject\",\"@id\":\"https:\/\/www.polisrecreio.com.br\/site\/#personlogo\",\"inLanguage\":\"pt-BR\",\"url\":\"https:\/\/secure.gravatar.com\/avatar\/6ba92a37d621e1a83e23710251178a12?s=96&d=mm&r=g\",\"caption\":\"Leonardo Ribeiro\"},\"sameAs\":[\"http:\/\/www.polisrecreio.com.br\"]}]}<\/script>\n<!-- \/ Yoast SEO plugin. -->","_links":{"self":[{"href":"https:\/\/www.polisrecreio.com.br\/site\/wp-json\/wp\/v2\/posts\/24346"}],"collection":[{"href":"https:\/\/www.polisrecreio.com.br\/site\/wp-json\/wp\/v2\/posts"}],"about":[{"href":"https:\/\/www.polisrecreio.com.br\/site\/wp-json\/wp\/v2\/types\/post"}],"author":[{"embeddable":true,"href":"https:\/\/www.polisrecreio.com.br\/site\/wp-json\/wp\/v2\/users\/3"}],"replies":[{"embeddable":true,"href":"https:\/\/www.polisrecreio.com.br\/site\/wp-json\/wp\/v2\/comments?post=24346"}],"version-history":[{"count":1,"href":"https:\/\/www.polisrecreio.com.br\/site\/wp-json\/wp\/v2\/posts\/24346\/revisions"}],"predecessor-version":[{"id":24348,"href":"https:\/\/www.polisrecreio.com.br\/site\/wp-json\/wp\/v2\/posts\/24346\/revisions\/24348"}],"wp:attachment":[{"href":"https:\/\/www.polisrecreio.com.br\/site\/wp-json\/wp\/v2\/media?parent=24346"}],"wp:term":[{"taxonomy":"category","embeddable":true,"href":"https:\/\/www.polisrecreio.com.br\/site\/wp-json\/wp\/v2\/categories?post=24346"},{"taxonomy":"post_tag","embeddable":true,"href":"https:\/\/www.polisrecreio.com.br\/site\/wp-json\/wp\/v2\/tags?post=24346"}],"curies":[{"name":"wp","href":"https:\/\/api.w.org\/{rel}","templated":true}]}}