{"id":24352,"date":"2022-10-04T07:57:18","date_gmt":"2022-10-04T10:57:18","guid":{"rendered":"http:\/\/www.polisrecreio.com.br\/site\/?p=24352"},"modified":"2022-10-04T07:57:18","modified_gmt":"2022-10-04T10:57:18","slug":"eleicao-para-presidente-sera-definida-dia-30-veja-como-ficou-lula-x-bolsonaro-em-recreio","status":"publish","type":"post","link":"https:\/\/www.polisrecreio.com.br\/site\/2022\/10\/04\/eleicao-para-presidente-sera-definida-dia-30-veja-como-ficou-lula-x-bolsonaro-em-recreio\/","title":{"rendered":"Elei\u00e7\u00e3o para presidente ser\u00e1 definida dia 30; veja como ficou Lula X Bolsonaro em Recreio"},"content":{"rendered":"<p style=\"text-align: justify;\">A Elei\u00e7\u00e3o para presidente da Rep\u00fablica ser\u00e1 definida dia 30 de outubro (2\u00ba turno). Em Recreio, Lula conquistou 60% dos votos e Bolsonaro 34%.<\/p>\n<p><!--more--><\/p>\n<figure id=\"attachment_24353\" aria-describedby=\"caption-attachment-24353\" style=\"width: 750px\" class=\"wp-caption aligncenter\"><a href=\"http:\/\/www.polisrecreio.com.br\/site\/wp-content\/uploads\/2022\/10\/lula-bolsonaro.jpg\"><img loading=\"lazy\" class=\"wp-image-24353 size-full\" src=\"http:\/\/www.polisrecreio.com.br\/site\/wp-content\/uploads\/2022\/10\/lula-bolsonaro.jpg\" alt=\"\" width=\"750\" height=\"422\" srcset=\"https:\/\/www.polisrecreio.com.br\/site\/wp-content\/uploads\/2022\/10\/lula-bolsonaro.jpg 750w, https:\/\/www.polisrecreio.com.br\/site\/wp-content\/uploads\/2022\/10\/lula-bolsonaro-300x169.jpg 300w\" sizes=\"(max-width: 750px) 100vw, 750px\" \/><\/a><figcaption id=\"caption-attachment-24353\" class=\"wp-caption-text\">Foto: G1.<\/figcaption><\/figure>\n<p style=\"text-align: justify;\">Foram 6.108 votos; sendo 5.863 votos v\u00e1lidos, 160 nulos e 85 em branco. 1.540 eleitores n\u00e3o votaram.<\/p>\n<p style=\"text-align: justify;\">Confira os votos v\u00e1lidos:<\/p>\n<ul>\n<li>Lula (PT) \u2013 3.564 votos;<\/li>\n<li>Bolsonaro \u2013 2.010 votos;<\/li>\n<li>Simone Tebet (MDB) \u2013 150 votos;<\/li>\n<li>Ciro Gomes (PDT) \u2013 89 votos;<\/li>\n<li>Felipe D\u2019Avila (Novo) \u2013 36 votos;<\/li>\n<li>Soraya Thronicke (Uni\u00e3o Brasil) \u2013 6 votos;<\/li>\n<li>Padre Kelmon (PTB) \u2013 2 votos;<\/li>\n<li>L\u00e9o P\u00e9ricles (Unidade Popular) \u2013 2 votos:<\/li>\n<li>Sofia Manzano (PCB) \u2013 2 votos;<\/li>\n<li>Vera L\u00facia (PSTU) \u2013 1 votos;<\/li>\n<li>Constituinte Eymael (DC) \u2013 1 voto.<\/li>\n<\/ul>\n<p style=\"text-align: justify;\">Em todo Brasil, a disputa entre os dois candidatos que v\u00e3o para o segundo turno ficou assim: Lula, 57.259.405 (48,43%) votos, e Bolsonaro, 51.072.234 (43,20%) votos.<\/p>\n","protected":false},"excerpt":{"rendered":"<p>A Elei\u00e7\u00e3o para presidente da Rep\u00fablica ser\u00e1 definida dia 30 de outubro (2\u00ba turno). Em Recreio, Lula conquistou 60% dos votos e Bolsonaro 34%.<\/p>\n","protected":false},"author":3,"featured_media":0,"comment_status":"open","ping_status":"open","sticky":false,"template":"","format":"standard","meta":[],"categories":[13],"tags":[],"yoast_head":"<!-- This site is optimized with the Yoast SEO plugin v15.6.2 - https:\/\/yoast.com\/wordpress\/plugins\/seo\/ -->\n<meta name=\"robots\" content=\"index, follow, max-snippet:-1, max-image-preview:large, max-video-preview:-1\" \/>\n<link rel=\"canonical\" href=\"http:\/\/www.polisrecreio.com.br\/site\/2022\/10\/04\/eleicao-para-presidente-sera-definida-dia-30-veja-como-ficou-lula-x-bolsonaro-em-recreio\/\" \/>\n<meta property=\"og:locale\" content=\"pt_BR\" \/>\n<meta property=\"og:type\" content=\"article\" \/>\n<meta property=\"og:title\" content=\"Elei\u00e7\u00e3o para presidente ser\u00e1 definida dia 30; veja como ficou Lula X Bolsonaro em Recreio - P\u00f3lis Recreio\" \/>\n<meta property=\"og:description\" content=\"A Elei\u00e7\u00e3o para presidente da Rep\u00fablica ser\u00e1 definida dia 30 de outubro (2\u00ba turno). Em Recreio, Lula conquistou 60% dos votos e Bolsonaro 34%.\" \/>\n<meta property=\"og:url\" content=\"http:\/\/www.polisrecreio.com.br\/site\/2022\/10\/04\/eleicao-para-presidente-sera-definida-dia-30-veja-como-ficou-lula-x-bolsonaro-em-recreio\/\" \/>\n<meta property=\"og:site_name\" content=\"P\u00f3lis Recreio\" \/>\n<meta property=\"article:publisher\" content=\"https:\/\/www.facebook.com\/Site-P%c3%b3lis-Recreio-MG-181941708571019\/\" \/>\n<meta property=\"article:published_time\" content=\"2022-10-04T10:57:18+00:00\" \/>\n<meta property=\"og:image\" content=\"http:\/\/www.polisrecreio.com.br\/site\/wp-content\/uploads\/2022\/10\/lula-bolsonaro.jpg\" \/>\n<meta name=\"twitter:card\" content=\"summary_large_image\" \/>\n<meta name=\"twitter:creator\" content=\"@PolisRecreio\" \/>\n<meta name=\"twitter:site\" content=\"@PolisRecreio\" \/>\n<meta name=\"twitter:label1\" content=\"Est. reading time\">\n\t<meta name=\"twitter:data1\" content=\"1 minuto\">\n<script type=\"application\/ld+json\" class=\"yoast-schema-graph\">{\"@context\":\"https:\/\/schema.org\",\"@graph\":[{\"@type\":\"WebSite\",\"@id\":\"https:\/\/www.polisrecreio.com.br\/site\/#website\",\"url\":\"https:\/\/www.polisrecreio.com.br\/site\/\",\"name\":\"P\\u00f3lis Recreio\",\"description\":\"\",\"potentialAction\":[{\"@type\":\"SearchAction\",\"target\":\"https:\/\/www.polisrecreio.com.br\/site\/?s={search_term_string}\",\"query-input\":\"required name=search_term_string\"}],\"inLanguage\":\"pt-BR\"},{\"@type\":\"ImageObject\",\"@id\":\"http:\/\/www.polisrecreio.com.br\/site\/2022\/10\/04\/eleicao-para-presidente-sera-definida-dia-30-veja-como-ficou-lula-x-bolsonaro-em-recreio\/#primaryimage\",\"inLanguage\":\"pt-BR\",\"url\":\"http:\/\/www.polisrecreio.com.br\/site\/wp-content\/uploads\/2022\/10\/lula-bolsonaro.jpg\"},{\"@type\":\"WebPage\",\"@id\":\"http:\/\/www.polisrecreio.com.br\/site\/2022\/10\/04\/eleicao-para-presidente-sera-definida-dia-30-veja-como-ficou-lula-x-bolsonaro-em-recreio\/#webpage\",\"url\":\"http:\/\/www.polisrecreio.com.br\/site\/2022\/10\/04\/eleicao-para-presidente-sera-definida-dia-30-veja-como-ficou-lula-x-bolsonaro-em-recreio\/\",\"name\":\"Elei\\u00e7\\u00e3o para presidente ser\\u00e1 definida dia 30; veja como ficou Lula X Bolsonaro em Recreio - P\\u00f3lis Recreio\",\"isPartOf\":{\"@id\":\"https:\/\/www.polisrecreio.com.br\/site\/#website\"},\"primaryImageOfPage\":{\"@id\":\"http:\/\/www.polisrecreio.com.br\/site\/2022\/10\/04\/eleicao-para-presidente-sera-definida-dia-30-veja-como-ficou-lula-x-bolsonaro-em-recreio\/#primaryimage\"},\"datePublished\":\"2022-10-04T10:57:18+00:00\",\"dateModified\":\"2022-10-04T10:57:18+00:00\",\"author\":{\"@id\":\"https:\/\/www.polisrecreio.com.br\/site\/#\/schema\/person\/3363c1c78e1e28e1329d97adb387638e\"},\"inLanguage\":\"pt-BR\",\"potentialAction\":[{\"@type\":\"ReadAction\",\"target\":[\"http:\/\/www.polisrecreio.com.br\/site\/2022\/10\/04\/eleicao-para-presidente-sera-definida-dia-30-veja-como-ficou-lula-x-bolsonaro-em-recreio\/\"]}]},{\"@type\":\"Person\",\"@id\":\"https:\/\/www.polisrecreio.com.br\/site\/#\/schema\/person\/3363c1c78e1e28e1329d97adb387638e\",\"name\":\"Leonardo Ribeiro\",\"image\":{\"@type\":\"ImageObject\",\"@id\":\"https:\/\/www.polisrecreio.com.br\/site\/#personlogo\",\"inLanguage\":\"pt-BR\",\"url\":\"https:\/\/secure.gravatar.com\/avatar\/6ba92a37d621e1a83e23710251178a12?s=96&d=mm&r=g\",\"caption\":\"Leonardo Ribeiro\"},\"sameAs\":[\"http:\/\/www.polisrecreio.com.br\"]}]}<\/script>\n<!-- \/ Yoast SEO plugin. -->","_links":{"self":[{"href":"https:\/\/www.polisrecreio.com.br\/site\/wp-json\/wp\/v2\/posts\/24352"}],"collection":[{"href":"https:\/\/www.polisrecreio.com.br\/site\/wp-json\/wp\/v2\/posts"}],"about":[{"href":"https:\/\/www.polisrecreio.com.br\/site\/wp-json\/wp\/v2\/types\/post"}],"author":[{"embeddable":true,"href":"https:\/\/www.polisrecreio.com.br\/site\/wp-json\/wp\/v2\/users\/3"}],"replies":[{"embeddable":true,"href":"https:\/\/www.polisrecreio.com.br\/site\/wp-json\/wp\/v2\/comments?post=24352"}],"version-history":[{"count":1,"href":"https:\/\/www.polisrecreio.com.br\/site\/wp-json\/wp\/v2\/posts\/24352\/revisions"}],"predecessor-version":[{"id":24354,"href":"https:\/\/www.polisrecreio.com.br\/site\/wp-json\/wp\/v2\/posts\/24352\/revisions\/24354"}],"wp:attachment":[{"href":"https:\/\/www.polisrecreio.com.br\/site\/wp-json\/wp\/v2\/media?parent=24352"}],"wp:term":[{"taxonomy":"category","embeddable":true,"href":"https:\/\/www.polisrecreio.com.br\/site\/wp-json\/wp\/v2\/categories?post=24352"},{"taxonomy":"post_tag","embeddable":true,"href":"https:\/\/www.polisrecreio.com.br\/site\/wp-json\/wp\/v2\/tags?post=24352"}],"curies":[{"name":"wp","href":"https:\/\/api.w.org\/{rel}","templated":true}]}}