{"id":24355,"date":"2022-10-04T09:12:00","date_gmt":"2022-10-04T12:12:00","guid":{"rendered":"http:\/\/www.polisrecreio.com.br\/site\/?p=24355"},"modified":"2022-10-04T09:25:28","modified_gmt":"2022-10-04T12:25:28","slug":"licenca-do-prefeito-de-recreio-e-autorizada-pela-camara-municipal-e-vice-prefeito-vai-assumir","status":"publish","type":"post","link":"https:\/\/www.polisrecreio.com.br\/site\/2022\/10\/04\/licenca-do-prefeito-de-recreio-e-autorizada-pela-camara-municipal-e-vice-prefeito-vai-assumir\/","title":{"rendered":"Licen\u00e7a do prefeito de Recreio \u00e9 autorizada pela C\u00e2mara Municipal e vice-prefeito vai assumir"},"content":{"rendered":"<p style=\"text-align: justify;\">A C\u00e2mara Municipal autorizou na \u00faltima segunda-feira (3) a licen\u00e7a do prefeito de Recreio, Z\u00e9 Maria Barros, do cargo de chefe do executivo por mais de 15 dias, conforme determina a Lei Org\u00e2nica (Art. 49 \u2013 inciso VI) e o vice-prefeito, L\u00e9o Medeiros, vai assumir a Prefeitura.<\/p>\n<p><!--more--><\/p>\n<p><a href=\"http:\/\/www.polisrecreio.com.br\/site\/wp-content\/uploads\/2022\/10\/DSC_0186.jpg\"><img loading=\"lazy\" class=\"aligncenter size-full wp-image-24356\" src=\"http:\/\/www.polisrecreio.com.br\/site\/wp-content\/uploads\/2022\/10\/DSC_0186.jpg\" alt=\"\" width=\"750\" height=\"500\" srcset=\"https:\/\/www.polisrecreio.com.br\/site\/wp-content\/uploads\/2022\/10\/DSC_0186.jpg 750w, https:\/\/www.polisrecreio.com.br\/site\/wp-content\/uploads\/2022\/10\/DSC_0186-300x200.jpg 300w\" sizes=\"(max-width: 750px) 100vw, 750px\" \/><\/a><\/p>\n<p style=\"text-align: justify;\">Nos pr\u00f3ximos dias o prefeito comunicar\u00e1 a data de in\u00edcio de sua licen\u00e7a e em seguida os vereadores empossar\u00e3o o vice-prefeito. N\u00e3o h\u00e1 informa\u00e7\u00f5es oficiais sobre o motivo do afastamento.<\/p>\n<p style=\"text-align: justify;\">Na sess\u00e3o que a C\u00e2mara autorizou a licen\u00e7a, L\u00e9o Medeiros estava presente.<\/p>\n","protected":false},"excerpt":{"rendered":"<p>A C\u00e2mara Municipal autorizou na \u00faltima segunda-feira (3) a licen\u00e7a do prefeito de Recreio, Z\u00e9 Maria Barros, do cargo de chefe do executivo por mais de 15 dias, conforme determina a Lei Org\u00e2nica (Art. 49 \u2013 inciso VI) e o vice-prefeito, L\u00e9o Medeiros, vai assumir a Prefeitura.<\/p>\n","protected":false},"author":3,"featured_media":0,"comment_status":"open","ping_status":"open","sticky":false,"template":"","format":"standard","meta":[],"categories":[6],"tags":[],"yoast_head":"<!-- This site is optimized with the Yoast SEO plugin v15.6.2 - https:\/\/yoast.com\/wordpress\/plugins\/seo\/ -->\n<meta name=\"robots\" content=\"index, follow, max-snippet:-1, max-image-preview:large, max-video-preview:-1\" \/>\n<link rel=\"canonical\" href=\"http:\/\/www.polisrecreio.com.br\/site\/2022\/10\/04\/licenca-do-prefeito-de-recreio-e-autorizada-pela-camara-municipal-e-vice-prefeito-vai-assumir\/\" \/>\n<meta property=\"og:locale\" content=\"pt_BR\" \/>\n<meta property=\"og:type\" content=\"article\" \/>\n<meta property=\"og:title\" content=\"Licen\u00e7a do prefeito de Recreio \u00e9 autorizada pela C\u00e2mara Municipal e vice-prefeito vai assumir - P\u00f3lis Recreio\" \/>\n<meta property=\"og:description\" content=\"A C\u00e2mara Municipal autorizou na \u00faltima segunda-feira (3) a licen\u00e7a do prefeito de Recreio, Z\u00e9 Maria Barros, do cargo de chefe do executivo por mais de 15 dias, conforme determina a Lei Org\u00e2nica (Art. 49 \u2013 inciso VI) e o vice-prefeito, L\u00e9o Medeiros, vai assumir a Prefeitura.\" \/>\n<meta property=\"og:url\" content=\"http:\/\/www.polisrecreio.com.br\/site\/2022\/10\/04\/licenca-do-prefeito-de-recreio-e-autorizada-pela-camara-municipal-e-vice-prefeito-vai-assumir\/\" \/>\n<meta property=\"og:site_name\" content=\"P\u00f3lis Recreio\" \/>\n<meta property=\"article:publisher\" content=\"https:\/\/www.facebook.com\/Site-P%c3%b3lis-Recreio-MG-181941708571019\/\" \/>\n<meta property=\"article:published_time\" content=\"2022-10-04T12:12:00+00:00\" \/>\n<meta property=\"article:modified_time\" content=\"2022-10-04T12:25:28+00:00\" \/>\n<meta property=\"og:image\" content=\"http:\/\/www.polisrecreio.com.br\/site\/wp-content\/uploads\/2022\/10\/DSC_0186.jpg\" \/>\n<meta name=\"twitter:card\" content=\"summary_large_image\" \/>\n<meta name=\"twitter:creator\" content=\"@PolisRecreio\" \/>\n<meta name=\"twitter:site\" content=\"@PolisRecreio\" \/>\n<meta name=\"twitter:label1\" content=\"Est. reading time\">\n\t<meta name=\"twitter:data1\" content=\"1 minuto\">\n<script type=\"application\/ld+json\" class=\"yoast-schema-graph\">{\"@context\":\"https:\/\/schema.org\",\"@graph\":[{\"@type\":\"WebSite\",\"@id\":\"https:\/\/www.polisrecreio.com.br\/site\/#website\",\"url\":\"https:\/\/www.polisrecreio.com.br\/site\/\",\"name\":\"P\\u00f3lis Recreio\",\"description\":\"\",\"potentialAction\":[{\"@type\":\"SearchAction\",\"target\":\"https:\/\/www.polisrecreio.com.br\/site\/?s={search_term_string}\",\"query-input\":\"required name=search_term_string\"}],\"inLanguage\":\"pt-BR\"},{\"@type\":\"ImageObject\",\"@id\":\"http:\/\/www.polisrecreio.com.br\/site\/2022\/10\/04\/licenca-do-prefeito-de-recreio-e-autorizada-pela-camara-municipal-e-vice-prefeito-vai-assumir\/#primaryimage\",\"inLanguage\":\"pt-BR\",\"url\":\"http:\/\/www.polisrecreio.com.br\/site\/wp-content\/uploads\/2022\/10\/DSC_0186.jpg\"},{\"@type\":\"WebPage\",\"@id\":\"http:\/\/www.polisrecreio.com.br\/site\/2022\/10\/04\/licenca-do-prefeito-de-recreio-e-autorizada-pela-camara-municipal-e-vice-prefeito-vai-assumir\/#webpage\",\"url\":\"http:\/\/www.polisrecreio.com.br\/site\/2022\/10\/04\/licenca-do-prefeito-de-recreio-e-autorizada-pela-camara-municipal-e-vice-prefeito-vai-assumir\/\",\"name\":\"Licen\\u00e7a do prefeito de Recreio \\u00e9 autorizada pela C\\u00e2mara Municipal e vice-prefeito vai assumir - P\\u00f3lis Recreio\",\"isPartOf\":{\"@id\":\"https:\/\/www.polisrecreio.com.br\/site\/#website\"},\"primaryImageOfPage\":{\"@id\":\"http:\/\/www.polisrecreio.com.br\/site\/2022\/10\/04\/licenca-do-prefeito-de-recreio-e-autorizada-pela-camara-municipal-e-vice-prefeito-vai-assumir\/#primaryimage\"},\"datePublished\":\"2022-10-04T12:12:00+00:00\",\"dateModified\":\"2022-10-04T12:25:28+00:00\",\"author\":{\"@id\":\"https:\/\/www.polisrecreio.com.br\/site\/#\/schema\/person\/3363c1c78e1e28e1329d97adb387638e\"},\"inLanguage\":\"pt-BR\",\"potentialAction\":[{\"@type\":\"ReadAction\",\"target\":[\"http:\/\/www.polisrecreio.com.br\/site\/2022\/10\/04\/licenca-do-prefeito-de-recreio-e-autorizada-pela-camara-municipal-e-vice-prefeito-vai-assumir\/\"]}]},{\"@type\":\"Person\",\"@id\":\"https:\/\/www.polisrecreio.com.br\/site\/#\/schema\/person\/3363c1c78e1e28e1329d97adb387638e\",\"name\":\"Leonardo Ribeiro\",\"image\":{\"@type\":\"ImageObject\",\"@id\":\"https:\/\/www.polisrecreio.com.br\/site\/#personlogo\",\"inLanguage\":\"pt-BR\",\"url\":\"https:\/\/secure.gravatar.com\/avatar\/6ba92a37d621e1a83e23710251178a12?s=96&d=mm&r=g\",\"caption\":\"Leonardo Ribeiro\"},\"sameAs\":[\"http:\/\/www.polisrecreio.com.br\"]}]}<\/script>\n<!-- \/ Yoast SEO plugin. -->","_links":{"self":[{"href":"https:\/\/www.polisrecreio.com.br\/site\/wp-json\/wp\/v2\/posts\/24355"}],"collection":[{"href":"https:\/\/www.polisrecreio.com.br\/site\/wp-json\/wp\/v2\/posts"}],"about":[{"href":"https:\/\/www.polisrecreio.com.br\/site\/wp-json\/wp\/v2\/types\/post"}],"author":[{"embeddable":true,"href":"https:\/\/www.polisrecreio.com.br\/site\/wp-json\/wp\/v2\/users\/3"}],"replies":[{"embeddable":true,"href":"https:\/\/www.polisrecreio.com.br\/site\/wp-json\/wp\/v2\/comments?post=24355"}],"version-history":[{"count":3,"href":"https:\/\/www.polisrecreio.com.br\/site\/wp-json\/wp\/v2\/posts\/24355\/revisions"}],"predecessor-version":[{"id":24359,"href":"https:\/\/www.polisrecreio.com.br\/site\/wp-json\/wp\/v2\/posts\/24355\/revisions\/24359"}],"wp:attachment":[{"href":"https:\/\/www.polisrecreio.com.br\/site\/wp-json\/wp\/v2\/media?parent=24355"}],"wp:term":[{"taxonomy":"category","embeddable":true,"href":"https:\/\/www.polisrecreio.com.br\/site\/wp-json\/wp\/v2\/categories?post=24355"},{"taxonomy":"post_tag","embeddable":true,"href":"https:\/\/www.polisrecreio.com.br\/site\/wp-json\/wp\/v2\/tags?post=24355"}],"curies":[{"name":"wp","href":"https:\/\/api.w.org\/{rel}","templated":true}]}}