{"id":24367,"date":"2022-10-04T19:58:05","date_gmt":"2022-10-04T22:58:05","guid":{"rendered":"http:\/\/www.polisrecreio.com.br\/site\/?p=24367"},"modified":"2022-10-04T19:59:58","modified_gmt":"2022-10-04T22:59:58","slug":"mais-de-140-candidatos-a-deputado-federal-foram-votados-em-recreio","status":"publish","type":"post","link":"https:\/\/www.polisrecreio.com.br\/site\/2022\/10\/04\/mais-de-140-candidatos-a-deputado-federal-foram-votados-em-recreio\/","title":{"rendered":"Mais de 140 candidatos a deputado Federal foram votados em Recreio"},"content":{"rendered":"<p style=\"text-align: justify;\">Na Elei\u00e7\u00e3o do \u00faltimo domingo (2), mais de 140 candidatos ao cargo de deputado Federal foram votados em Recreio. Misael Varella (PSD), de Muria\u00e9, continua sendo o majorit\u00e1rio, desta vez ele somou 1.596 votos.<\/p>\n<p><!--more--><\/p>\n<figure id=\"attachment_23395\" aria-describedby=\"caption-attachment-23395\" style=\"width: 750px\" class=\"wp-caption aligncenter\"><a href=\"http:\/\/www.polisrecreio.com.br\/site\/wp-content\/uploads\/2022\/04\/7c1c411e-ac61-41a2-b8ab-f442d9f29159.jpeg\"><img loading=\"lazy\" class=\"size-full wp-image-23395\" src=\"http:\/\/www.polisrecreio.com.br\/site\/wp-content\/uploads\/2022\/04\/7c1c411e-ac61-41a2-b8ab-f442d9f29159.jpeg\" alt=\"\" width=\"750\" height=\"405\" srcset=\"https:\/\/www.polisrecreio.com.br\/site\/wp-content\/uploads\/2022\/04\/7c1c411e-ac61-41a2-b8ab-f442d9f29159.jpeg 750w, https:\/\/www.polisrecreio.com.br\/site\/wp-content\/uploads\/2022\/04\/7c1c411e-ac61-41a2-b8ab-f442d9f29159-300x162.jpeg 300w\" sizes=\"(max-width: 750px) 100vw, 750px\" \/><\/a><figcaption id=\"caption-attachment-23395\" class=\"wp-caption-text\">Imagem divulga\u00e7\u00e3o TSE.<\/figcaption><\/figure>\n<p>Veja o Top 10:<\/p>\n<ul>\n<li>Misael Varella (PSD) \u2013 1.596 votos;<\/li>\n<li>Lafayette Andrada (Republicano) \u2013 1.155 votos;<\/li>\n<li>Reginaldo Lopes (PT) \u2013 917 votos;<\/li>\n<li>Nikolas Ferreira (PL) \u2013 453 votos;<\/li>\n<li>Braulio Braz (PTB)* \u2013 222 votos;<\/li>\n<li>J\u00falio Delgado (PV)* \u2013 177 votos;<\/li>\n<li>Z\u00e9 Eduardo Junqueira (Uni\u00e3o Brasil)* \u2013 151 votos;<\/li>\n<li>Andr\u00e9 Janones (Avante) \u2013 110 votos;<\/li>\n<li>Patrus Ananias (PT) \u2013 109 votos;<\/li>\n<li>J\u00falio C\u00e9sar (Rede)* \u2013 48 votos.<\/li>\n<\/ul>\n<p style=\"text-align: justify;\">6.108 eleitores votaram. Foram 5.711 votos v\u00e1lidos, com 158 nulos e 172 em branco. A absten\u00e7\u00e3o foi de 1540.<\/p>\n<p><em>*Candidatos n\u00e3o eleitos.<\/em><\/p>\n<p><strong>Eleitos por MG para C\u00e2mara dos Deputados Federais<\/strong><\/p>\n<p><strong>Partido Liberal (PL):<\/strong><\/p>\n<ul>\n<li>Domingos S\u00e1vio<\/li>\n<li>Emidinho Madeira<\/li>\n<li>Eros Biondini<\/li>\n<li>Junio Amaral<\/li>\n<li>Lincoln Portela<\/li>\n<li>Marcelo \u00c1lvaro Ant\u00f4nio<\/li>\n<li>Maur\u00edcio do V\u00f4lei<\/li>\n<li>Ros\u00e2ngela Reis<\/li>\n<li>Nikolas Ferreira<\/li>\n<li>Samuel Viana<\/li>\n<li>Z\u00e9 V\u00edtor<\/li>\n<\/ul>\n<p><strong>Partido dos Trabalhadores (PT):<\/strong><\/p>\n<ul>\n<li>Ana Pimentel<\/li>\n<li>Dandara<\/li>\n<li>Leonardo Monteiro<\/li>\n<li>Miguel \u00c2ngelo<\/li>\n<li>Odair Cunha<\/li>\n<li>Padre Jo\u00e3o<\/li>\n<li>Patrus Ananias<\/li>\n<li>Paulo Guedes<\/li>\n<li>Reginaldo Lopes<\/li>\n<li>Rog\u00e9rio Correia<\/li>\n<\/ul>\n<p><strong>Avante:<\/strong><\/p>\n<ul>\n<li>Andr\u00e9 Janones<\/li>\n<li>Greyce Elias<\/li>\n<li>Lu\u00eds Tib\u00e9<\/li>\n<li>Bruno Farias<\/li>\n<li>Delegada Ione Barbosa<\/li>\n<\/ul>\n<p><strong>Partido Social Democr\u00e1tico (PSD):<\/strong><\/p>\n<ul>\n<li>Diego Andrade<\/li>\n<li>Luiz Fernando<\/li>\n<li>Misael Varella<\/li>\n<li>Stefano Aguiar<\/li>\n<\/ul>\n<p><strong>Uni\u00e3o Brasil:<\/strong><\/p>\n<ul>\n<li>Rafael Sim\u00f5es<\/li>\n<li>Rodrigo de Castro<\/li>\n<li>Delegado Marcelo Freitas<\/li>\n<\/ul>\n<p><strong>Progressistas:<\/strong><\/p>\n<ul>\n<li>Pinheirinho<\/li>\n<li>Dimas Fabiano<\/li>\n<li>Ana Paula Junqueira Le\u00e3o<\/li>\n<\/ul>\n<p><strong>Patriota:<\/strong><\/p>\n<ul>\n<li>Fred Costa<\/li>\n<li>Pedro Aihara<\/li>\n<li>Frederico<\/li>\n<\/ul>\n<p><strong>Partido Democr\u00e1tico Trabalhista (PDT):<\/strong><\/p>\n<ul>\n<li>Duda Salabert<\/li>\n<li>Dr M\u00e1rio Heringer<\/li>\n<\/ul>\n<p><strong>Movimento Democr\u00e1tico Brasileiro (MDB):<\/strong><\/p>\n<ul>\n<li>Herc\u00edlio Coelho Diniz<\/li>\n<li>Newton Cardoso Jr<\/li>\n<\/ul>\n<p><strong>Republicanos:<\/strong><\/p>\n<ul>\n<li>Gilberto Abramo<\/li>\n<li>Lafayette Andrada<\/li>\n<\/ul>\n<p><strong>Podemos:<\/strong><\/p>\n<ul>\n<li>Igor Timo<\/li>\n<li>Nely Aquino<\/li>\n<\/ul>\n<p><strong>Partido da Social Democracia Brasileira (PSDB):<\/strong><\/p>\n<ul>\n<li>Paulo Abi-Ackel<\/li>\n<li>A\u00e9cio Neves<\/li>\n<\/ul>\n<p><strong>Partido Social Crist\u00e3o (PSC):<\/strong><\/p>\n<ul>\n<li>Euclydes Pettersen<\/li>\n<\/ul>\n<p><strong>Partido Socialismo e Liberdade (PSOL):<\/strong><\/p>\n<ul>\n<li>C\u00e9lia Xakriab\u00e1<\/li>\n<\/ul>\n<p><strong>Partido Republicano da Ordem Social (PROS):<\/strong><\/p>\n<ul>\n<li>Weliton Prado<\/li>\n<\/ul>\n<p><strong>Solidariedade:<\/strong><\/p>\n<ul>\n<li>Z\u00e9 Silva<\/li>\n<\/ul>\n<p>&nbsp;<\/p>\n","protected":false},"excerpt":{"rendered":"<p>Na Elei\u00e7\u00e3o do \u00faltimo domingo (2), mais de 140 candidatos ao cargo de deputado Federal foram votados em Recreio. Misael Varella (PSD), de Muria\u00e9, continua sendo o majorit\u00e1rio, desta vez ele somou 1.596 votos.<\/p>\n","protected":false},"author":3,"featured_media":0,"comment_status":"open","ping_status":"open","sticky":false,"template":"","format":"standard","meta":[],"categories":[13],"tags":[],"yoast_head":"<!-- This site is optimized with the Yoast SEO plugin v15.6.2 - https:\/\/yoast.com\/wordpress\/plugins\/seo\/ -->\n<meta name=\"robots\" content=\"index, follow, max-snippet:-1, max-image-preview:large, max-video-preview:-1\" \/>\n<link rel=\"canonical\" href=\"http:\/\/www.polisrecreio.com.br\/site\/2022\/10\/04\/mais-de-140-candidatos-a-deputado-federal-foram-votados-em-recreio\/\" \/>\n<meta property=\"og:locale\" content=\"pt_BR\" \/>\n<meta property=\"og:type\" content=\"article\" \/>\n<meta property=\"og:title\" content=\"Mais de 140 candidatos a deputado Federal foram votados em Recreio - P\u00f3lis Recreio\" \/>\n<meta property=\"og:description\" content=\"Na Elei\u00e7\u00e3o do \u00faltimo domingo (2), mais de 140 candidatos ao cargo de deputado Federal foram votados em Recreio. Misael Varella (PSD), de Muria\u00e9, continua sendo o majorit\u00e1rio, desta vez ele somou 1.596 votos.\" \/>\n<meta property=\"og:url\" content=\"http:\/\/www.polisrecreio.com.br\/site\/2022\/10\/04\/mais-de-140-candidatos-a-deputado-federal-foram-votados-em-recreio\/\" \/>\n<meta property=\"og:site_name\" content=\"P\u00f3lis Recreio\" \/>\n<meta property=\"article:publisher\" content=\"https:\/\/www.facebook.com\/Site-P%c3%b3lis-Recreio-MG-181941708571019\/\" \/>\n<meta property=\"article:published_time\" content=\"2022-10-04T22:58:05+00:00\" \/>\n<meta property=\"article:modified_time\" content=\"2022-10-04T22:59:58+00:00\" \/>\n<meta property=\"og:image\" content=\"http:\/\/www.polisrecreio.com.br\/site\/wp-content\/uploads\/2022\/04\/7c1c411e-ac61-41a2-b8ab-f442d9f29159.jpeg\" \/>\n<meta name=\"twitter:card\" content=\"summary_large_image\" \/>\n<meta name=\"twitter:creator\" content=\"@PolisRecreio\" \/>\n<meta name=\"twitter:site\" content=\"@PolisRecreio\" \/>\n<meta name=\"twitter:label1\" content=\"Est. reading time\">\n\t<meta name=\"twitter:data1\" content=\"2 minutos\">\n<script type=\"application\/ld+json\" class=\"yoast-schema-graph\">{\"@context\":\"https:\/\/schema.org\",\"@graph\":[{\"@type\":\"WebSite\",\"@id\":\"https:\/\/www.polisrecreio.com.br\/site\/#website\",\"url\":\"https:\/\/www.polisrecreio.com.br\/site\/\",\"name\":\"P\\u00f3lis Recreio\",\"description\":\"\",\"potentialAction\":[{\"@type\":\"SearchAction\",\"target\":\"https:\/\/www.polisrecreio.com.br\/site\/?s={search_term_string}\",\"query-input\":\"required name=search_term_string\"}],\"inLanguage\":\"pt-BR\"},{\"@type\":\"ImageObject\",\"@id\":\"http:\/\/www.polisrecreio.com.br\/site\/2022\/10\/04\/mais-de-140-candidatos-a-deputado-federal-foram-votados-em-recreio\/#primaryimage\",\"inLanguage\":\"pt-BR\",\"url\":\"http:\/\/www.polisrecreio.com.br\/site\/wp-content\/uploads\/2022\/04\/7c1c411e-ac61-41a2-b8ab-f442d9f29159.jpeg\"},{\"@type\":\"WebPage\",\"@id\":\"http:\/\/www.polisrecreio.com.br\/site\/2022\/10\/04\/mais-de-140-candidatos-a-deputado-federal-foram-votados-em-recreio\/#webpage\",\"url\":\"http:\/\/www.polisrecreio.com.br\/site\/2022\/10\/04\/mais-de-140-candidatos-a-deputado-federal-foram-votados-em-recreio\/\",\"name\":\"Mais de 140 candidatos a deputado Federal foram votados em Recreio - P\\u00f3lis Recreio\",\"isPartOf\":{\"@id\":\"https:\/\/www.polisrecreio.com.br\/site\/#website\"},\"primaryImageOfPage\":{\"@id\":\"http:\/\/www.polisrecreio.com.br\/site\/2022\/10\/04\/mais-de-140-candidatos-a-deputado-federal-foram-votados-em-recreio\/#primaryimage\"},\"datePublished\":\"2022-10-04T22:58:05+00:00\",\"dateModified\":\"2022-10-04T22:59:58+00:00\",\"author\":{\"@id\":\"https:\/\/www.polisrecreio.com.br\/site\/#\/schema\/person\/3363c1c78e1e28e1329d97adb387638e\"},\"inLanguage\":\"pt-BR\",\"potentialAction\":[{\"@type\":\"ReadAction\",\"target\":[\"http:\/\/www.polisrecreio.com.br\/site\/2022\/10\/04\/mais-de-140-candidatos-a-deputado-federal-foram-votados-em-recreio\/\"]}]},{\"@type\":\"Person\",\"@id\":\"https:\/\/www.polisrecreio.com.br\/site\/#\/schema\/person\/3363c1c78e1e28e1329d97adb387638e\",\"name\":\"Leonardo Ribeiro\",\"image\":{\"@type\":\"ImageObject\",\"@id\":\"https:\/\/www.polisrecreio.com.br\/site\/#personlogo\",\"inLanguage\":\"pt-BR\",\"url\":\"https:\/\/secure.gravatar.com\/avatar\/6ba92a37d621e1a83e23710251178a12?s=96&d=mm&r=g\",\"caption\":\"Leonardo Ribeiro\"},\"sameAs\":[\"http:\/\/www.polisrecreio.com.br\"]}]}<\/script>\n<!-- \/ Yoast SEO plugin. -->","_links":{"self":[{"href":"https:\/\/www.polisrecreio.com.br\/site\/wp-json\/wp\/v2\/posts\/24367"}],"collection":[{"href":"https:\/\/www.polisrecreio.com.br\/site\/wp-json\/wp\/v2\/posts"}],"about":[{"href":"https:\/\/www.polisrecreio.com.br\/site\/wp-json\/wp\/v2\/types\/post"}],"author":[{"embeddable":true,"href":"https:\/\/www.polisrecreio.com.br\/site\/wp-json\/wp\/v2\/users\/3"}],"replies":[{"embeddable":true,"href":"https:\/\/www.polisrecreio.com.br\/site\/wp-json\/wp\/v2\/comments?post=24367"}],"version-history":[{"count":2,"href":"https:\/\/www.polisrecreio.com.br\/site\/wp-json\/wp\/v2\/posts\/24367\/revisions"}],"predecessor-version":[{"id":24369,"href":"https:\/\/www.polisrecreio.com.br\/site\/wp-json\/wp\/v2\/posts\/24367\/revisions\/24369"}],"wp:attachment":[{"href":"https:\/\/www.polisrecreio.com.br\/site\/wp-json\/wp\/v2\/media?parent=24367"}],"wp:term":[{"taxonomy":"category","embeddable":true,"href":"https:\/\/www.polisrecreio.com.br\/site\/wp-json\/wp\/v2\/categories?post=24367"},{"taxonomy":"post_tag","embeddable":true,"href":"https:\/\/www.polisrecreio.com.br\/site\/wp-json\/wp\/v2\/tags?post=24367"}],"curies":[{"name":"wp","href":"https:\/\/api.w.org\/{rel}","templated":true}]}}