{"id":24371,"date":"2022-10-05T08:08:06","date_gmt":"2022-10-05T11:08:06","guid":{"rendered":"http:\/\/www.polisrecreio.com.br\/site\/?p=24371"},"modified":"2022-10-05T17:36:54","modified_gmt":"2022-10-05T20:36:54","slug":"com-mais-de-130-candidatos-votados-em-recreio-mais-uma-vez-o-majoritario-para-deputado-estadual-nao-e-eleito","status":"publish","type":"post","link":"https:\/\/www.polisrecreio.com.br\/site\/2022\/10\/05\/com-mais-de-130-candidatos-votados-em-recreio-mais-uma-vez-o-majoritario-para-deputado-estadual-nao-e-eleito\/","title":{"rendered":"Com mais de 130 candidatos votados em Recreio, mais uma vez o majorit\u00e1rio para deputado Estadual n\u00e3o \u00e9 eleito"},"content":{"rendered":"<p style=\"text-align: justify;\">A hist\u00f3ria se repete. Pela segunda elei\u00e7\u00e3o consecutiva o majorit\u00e1rio em Recreio para o cargo de deputado Estadual n\u00e3o foi eleito. Em 2018, aconteceu com Isauro Calais e desta vez com Dr. Roberto Britto. No \u00faltimo domingo (2), mais de 130 candidatos tiveram voto no Munic\u00edpio.<\/p>\n<p><!--more--><\/p>\n<figure id=\"attachment_24347\" aria-describedby=\"caption-attachment-24347\" style=\"width: 1024px\" class=\"wp-caption aligncenter\"><a href=\"http:\/\/www.polisrecreio.com.br\/site\/wp-content\/uploads\/2022\/09\/urna-1-1.jpg\"><img loading=\"lazy\" class=\"size-full wp-image-24347\" src=\"http:\/\/www.polisrecreio.com.br\/site\/wp-content\/uploads\/2022\/09\/urna-1-1.jpg\" alt=\"\" width=\"1024\" height=\"683\" srcset=\"https:\/\/www.polisrecreio.com.br\/site\/wp-content\/uploads\/2022\/09\/urna-1-1.jpg 1024w, https:\/\/www.polisrecreio.com.br\/site\/wp-content\/uploads\/2022\/09\/urna-1-1-300x200.jpg 300w, https:\/\/www.polisrecreio.com.br\/site\/wp-content\/uploads\/2022\/09\/urna-1-1-768x512.jpg 768w\" sizes=\"(max-width: 1024px) 100vw, 1024px\" \/><\/a><figcaption id=\"caption-attachment-24347\" class=\"wp-caption-text\">Foto: Reprodu\u00e7\u00e3o\/TSE.<\/figcaption><\/figure>\n<p>Veja o top 10:<\/p>\n<ul>\n<li style=\"text-align: justify;\">Dr. Roberto Britto (Rede)* \u2013 1.435 votos;<\/li>\n<li style=\"text-align: justify;\">Tito Torres (PSD) \u2013 1.003 votos;<\/li>\n<li style=\"text-align: justify;\">Pastor Heloyr (DC)* \u2013 694 votos;<\/li>\n<li style=\"text-align: justify;\">Fernando Pacheco (PV)* \u2013 465 votos;<\/li>\n<li style=\"text-align: justify;\">Dr. Wilson Batista (PSD) \u2013 354 votos;<\/li>\n<li style=\"text-align: justify;\">Grego (PMN) \u2013 274 votos;<\/li>\n<li style=\"text-align: justify;\">Bet\u00e3o (PT) \u2013 145 votos;<\/li>\n<li style=\"text-align: justify;\">Marquinho Lemos (PT) \u2013 142 votos;<\/li>\n<li style=\"text-align: justify;\">Bruno Engler (PL) \u2013 91 votos;<\/li>\n<li style=\"text-align: justify;\">\u00c9der Lima (PDT)* \u2013 91 votos.<\/li>\n<\/ul>\n<p style=\"text-align: justify;\">6.108 eleitores votaram. Foram 5.722 votos v\u00e1lidos, com 166 nulos e 220 em branco. A absten\u00e7\u00e3o foi de 1.540.<\/p>\n<p><em>*Candidatos n\u00e3o eleitos.<\/em><\/p>\n<p><strong>Eleitos para ALMG (em ordem alfab\u00e9tica)<\/strong><\/p>\n<ul>\n<li>Adriano Alvarenga (PP): 34.303<\/li>\n<li>Al\u00ea Portela (PL): 42.179<\/li>\n<li>Alencar da Silveira Jr. (PDT): 60.283<\/li>\n<li>Ana Paula Siqueira (Rede): 33.621<\/li>\n<li>Andr\u00e9ia de Jesus (PT): 51.120<\/li>\n<li>Antonio Carlos Arantes (PL): 119.686<\/li>\n<li>Arlen Santiago (Avante): 107.236<\/li>\n<li>Arnaldo (Uni\u00e3o Brasil): 61.059<\/li>\n<li>Beatriz Cerqueira (PT): 248.664<\/li>\n<li>Bella Gon\u00e7alves (Psol): 43.768<\/li>\n<li>Bet\u00e3o (PT): 62.169<\/li>\n<li>Betinho Pinto Coelho (PV): 45.113<\/li>\n<li>Bim da Ambul\u00e2ncia (Avante): 57.217<\/li>\n<li>Bosco (Cidadania): 70.807<\/li>\n<li>Bruno Engler (PL): 637.412 votos<\/li>\n<li>Caporezzo (PL): 52.168<\/li>\n<li>Carlos Henrique (Republicanos): 82.881<\/li>\n<li>C\u00e1ssio Soares (PSD): 132.382<\/li>\n<li>Celinho Sintrocel (PCdoB): 44.262<\/li>\n<li>Charles Santos (Republicanos): 61.727<\/li>\n<li>Chiara Biondini (PP): 34.126<\/li>\n<li>Coronel Henrique (PL): 34.336<\/li>\n<li>Coronel Sandro (PL): 65.173<\/li>\n<li>Cristiano Silveira (PT): 90.271<\/li>\n<li>Delegada Sheila (PL): 58.003<\/li>\n<li>Delegado Christiano Xavier (PSD): 83.535<\/li>\n<li>Doorgal Andrada (Patriota): 73.338<\/li>\n<li>Douglas Melo (PSD): 64.170<\/li>\n<li>Doutor Wilson Batista (PSD): 66.481<\/li>\n<li>Jean Freire (PT): 84.489<\/li>\n<li>Maur\u00edcio (Novo): 52.025<\/li>\n<li>Paulo (Patriota): 70.569<\/li>\n<li>Duarte (PSD): 71.880<\/li>\n<li>Eduardo Azevedo (PSC): 92.624<\/li>\n<li>Elismar Prado (Pros): 83.344<\/li>\n<li>Enes C\u00e2ndido (PMN): 70.472<\/li>\n<li>F\u00e1bio Avelar (Avante): 99.317<\/li>\n<li>Gil Pereira (PSD): 88.393<\/li>\n<li>Grego (PMN): 38.936<\/li>\n<li>Gustavo Santana (PL): 43.282<\/li>\n<li>Gustavo Valadares (PMN): 96.714<\/li>\n<li>Ione Pinheiro (Uni\u00e3o Brasil): 80.136<\/li>\n<li>Jo\u00e3o Magalh\u00e3es (MDB): 75.285<\/li>\n<li>Jo\u00e3o V\u00edtor Xavier (Cidadania): 62.597<\/li>\n<li>Leandro Genaro (PSD): 101.190<\/li>\n<li>Leleco Pimentel (PT): 43.143<\/li>\n<li>Leninha (PT): 65.864<\/li>\n<li>Leon\u00eddio Bou\u00e7as (PSDB): 69.355<\/li>\n<li>Lohana (PV): 67.178<\/li>\n<li>Lucas Lasmar (Rede): 34.092<\/li>\n<li>Lud Falc\u00e3o (Podemos): 59.381<\/li>\n<li>Luizinho (PT): 47.644<\/li>\n<li>Maca\u00e9 Evaristo (PT): 50.416<\/li>\n<li>Maria Clara Marra (DC): 42.415<\/li>\n<li>M\u00e1rio Henrique Caixa (PV): 76.360<\/li>\n<li>Marli Ribeiro (PSC): 31.340<\/li>\n<li>Marquinho Lemos (PT): 69.374<\/li>\n<li>Mauro Tramonte (Republicanos): 110.741<\/li>\n<li>Nayara Rocha (PP): 44.619<\/li>\n<li>Neilando Pimenta (PSB): 85.364<\/li>\n<li>Noraldino J\u00fanior (PSC): 104.552<\/li>\n<li>Oscar Teixeira (PP): 34.442<\/li>\n<li>Professor Cleiton (PV): 47.184<\/li>\n<li>Professor Wendel Mesquita (Solidariedade): 44.885<\/li>\n<li>Rafael Martins (PSD): 60.142<\/li>\n<li>Raul Bel\u00e9m (Cidadania): 76.329<\/li>\n<li>Ricardo Campos (PT): 43.690<\/li>\n<li>Roberto Andrade (Patriota): 54.120<\/li>\n<li>Rodrigo Lopes (Uni\u00e3o Brasil): 28.270<\/li>\n<li>Sargento Rodrigues (PL): 76.039<\/li>\n<\/ul>\n","protected":false},"excerpt":{"rendered":"<p>A hist\u00f3ria se repete. Pela segunda elei\u00e7\u00e3o consecutiva o majorit\u00e1rio em Recreio para o cargo de deputado Estadual n\u00e3o foi eleito. Em 2018, aconteceu com Isauro Calais e desta vez com Dr. Roberto Britto. No \u00faltimo domingo (2), mais de 130 candidatos tiveram voto no Munic\u00edpio.<\/p>\n","protected":false},"author":3,"featured_media":0,"comment_status":"open","ping_status":"open","sticky":false,"template":"","format":"standard","meta":[],"categories":[13],"tags":[],"yoast_head":"<!-- This site is optimized with the Yoast SEO plugin v15.6.2 - https:\/\/yoast.com\/wordpress\/plugins\/seo\/ -->\n<meta name=\"robots\" content=\"index, follow, max-snippet:-1, max-image-preview:large, max-video-preview:-1\" \/>\n<link rel=\"canonical\" href=\"https:\/\/www.polisrecreio.com.br\/site\/2022\/10\/05\/com-mais-de-130-candidatos-votados-em-recreio-mais-uma-vez-o-majoritario-para-deputado-estadual-nao-e-eleito\/\" \/>\n<meta property=\"og:locale\" content=\"pt_BR\" \/>\n<meta property=\"og:type\" content=\"article\" \/>\n<meta property=\"og:title\" content=\"Com mais de 130 candidatos votados em Recreio, mais uma vez o majorit\u00e1rio para deputado Estadual n\u00e3o \u00e9 eleito - P\u00f3lis Recreio\" \/>\n<meta property=\"og:description\" content=\"A hist\u00f3ria se repete. Pela segunda elei\u00e7\u00e3o consecutiva o majorit\u00e1rio em Recreio para o cargo de deputado Estadual n\u00e3o foi eleito. Em 2018, aconteceu com Isauro Calais e desta vez com Dr. Roberto Britto. No \u00faltimo domingo (2), mais de 130 candidatos tiveram voto no Munic\u00edpio.\" \/>\n<meta property=\"og:url\" content=\"https:\/\/www.polisrecreio.com.br\/site\/2022\/10\/05\/com-mais-de-130-candidatos-votados-em-recreio-mais-uma-vez-o-majoritario-para-deputado-estadual-nao-e-eleito\/\" \/>\n<meta property=\"og:site_name\" content=\"P\u00f3lis Recreio\" \/>\n<meta property=\"article:publisher\" content=\"https:\/\/www.facebook.com\/Site-P%c3%b3lis-Recreio-MG-181941708571019\/\" \/>\n<meta property=\"article:published_time\" content=\"2022-10-05T11:08:06+00:00\" \/>\n<meta property=\"article:modified_time\" content=\"2022-10-05T20:36:54+00:00\" \/>\n<meta property=\"og:image\" content=\"http:\/\/www.polisrecreio.com.br\/site\/wp-content\/uploads\/2022\/09\/urna-1-1.jpg\" \/>\n<meta name=\"twitter:card\" content=\"summary_large_image\" \/>\n<meta name=\"twitter:creator\" content=\"@PolisRecreio\" \/>\n<meta name=\"twitter:site\" content=\"@PolisRecreio\" \/>\n<meta name=\"twitter:label1\" content=\"Est. reading time\">\n\t<meta name=\"twitter:data1\" content=\"3 minutos\">\n<script type=\"application\/ld+json\" class=\"yoast-schema-graph\">{\"@context\":\"https:\/\/schema.org\",\"@graph\":[{\"@type\":\"WebSite\",\"@id\":\"https:\/\/www.polisrecreio.com.br\/site\/#website\",\"url\":\"https:\/\/www.polisrecreio.com.br\/site\/\",\"name\":\"P\\u00f3lis Recreio\",\"description\":\"\",\"potentialAction\":[{\"@type\":\"SearchAction\",\"target\":\"https:\/\/www.polisrecreio.com.br\/site\/?s={search_term_string}\",\"query-input\":\"required name=search_term_string\"}],\"inLanguage\":\"pt-BR\"},{\"@type\":\"ImageObject\",\"@id\":\"https:\/\/www.polisrecreio.com.br\/site\/2022\/10\/05\/com-mais-de-130-candidatos-votados-em-recreio-mais-uma-vez-o-majoritario-para-deputado-estadual-nao-e-eleito\/#primaryimage\",\"inLanguage\":\"pt-BR\",\"url\":\"http:\/\/www.polisrecreio.com.br\/site\/wp-content\/uploads\/2022\/09\/urna-1-1.jpg\"},{\"@type\":\"WebPage\",\"@id\":\"https:\/\/www.polisrecreio.com.br\/site\/2022\/10\/05\/com-mais-de-130-candidatos-votados-em-recreio-mais-uma-vez-o-majoritario-para-deputado-estadual-nao-e-eleito\/#webpage\",\"url\":\"https:\/\/www.polisrecreio.com.br\/site\/2022\/10\/05\/com-mais-de-130-candidatos-votados-em-recreio-mais-uma-vez-o-majoritario-para-deputado-estadual-nao-e-eleito\/\",\"name\":\"Com mais de 130 candidatos votados em Recreio, mais uma vez o majorit\\u00e1rio para deputado Estadual n\\u00e3o \\u00e9 eleito - P\\u00f3lis Recreio\",\"isPartOf\":{\"@id\":\"https:\/\/www.polisrecreio.com.br\/site\/#website\"},\"primaryImageOfPage\":{\"@id\":\"https:\/\/www.polisrecreio.com.br\/site\/2022\/10\/05\/com-mais-de-130-candidatos-votados-em-recreio-mais-uma-vez-o-majoritario-para-deputado-estadual-nao-e-eleito\/#primaryimage\"},\"datePublished\":\"2022-10-05T11:08:06+00:00\",\"dateModified\":\"2022-10-05T20:36:54+00:00\",\"author\":{\"@id\":\"https:\/\/www.polisrecreio.com.br\/site\/#\/schema\/person\/3363c1c78e1e28e1329d97adb387638e\"},\"inLanguage\":\"pt-BR\",\"potentialAction\":[{\"@type\":\"ReadAction\",\"target\":[\"https:\/\/www.polisrecreio.com.br\/site\/2022\/10\/05\/com-mais-de-130-candidatos-votados-em-recreio-mais-uma-vez-o-majoritario-para-deputado-estadual-nao-e-eleito\/\"]}]},{\"@type\":\"Person\",\"@id\":\"https:\/\/www.polisrecreio.com.br\/site\/#\/schema\/person\/3363c1c78e1e28e1329d97adb387638e\",\"name\":\"Leonardo Ribeiro\",\"image\":{\"@type\":\"ImageObject\",\"@id\":\"https:\/\/www.polisrecreio.com.br\/site\/#personlogo\",\"inLanguage\":\"pt-BR\",\"url\":\"https:\/\/secure.gravatar.com\/avatar\/6ba92a37d621e1a83e23710251178a12?s=96&d=mm&r=g\",\"caption\":\"Leonardo Ribeiro\"},\"sameAs\":[\"http:\/\/www.polisrecreio.com.br\"]}]}<\/script>\n<!-- \/ Yoast SEO plugin. -->","_links":{"self":[{"href":"https:\/\/www.polisrecreio.com.br\/site\/wp-json\/wp\/v2\/posts\/24371"}],"collection":[{"href":"https:\/\/www.polisrecreio.com.br\/site\/wp-json\/wp\/v2\/posts"}],"about":[{"href":"https:\/\/www.polisrecreio.com.br\/site\/wp-json\/wp\/v2\/types\/post"}],"author":[{"embeddable":true,"href":"https:\/\/www.polisrecreio.com.br\/site\/wp-json\/wp\/v2\/users\/3"}],"replies":[{"embeddable":true,"href":"https:\/\/www.polisrecreio.com.br\/site\/wp-json\/wp\/v2\/comments?post=24371"}],"version-history":[{"count":2,"href":"https:\/\/www.polisrecreio.com.br\/site\/wp-json\/wp\/v2\/posts\/24371\/revisions"}],"predecessor-version":[{"id":24373,"href":"https:\/\/www.polisrecreio.com.br\/site\/wp-json\/wp\/v2\/posts\/24371\/revisions\/24373"}],"wp:attachment":[{"href":"https:\/\/www.polisrecreio.com.br\/site\/wp-json\/wp\/v2\/media?parent=24371"}],"wp:term":[{"taxonomy":"category","embeddable":true,"href":"https:\/\/www.polisrecreio.com.br\/site\/wp-json\/wp\/v2\/categories?post=24371"},{"taxonomy":"post_tag","embeddable":true,"href":"https:\/\/www.polisrecreio.com.br\/site\/wp-json\/wp\/v2\/tags?post=24371"}],"curies":[{"name":"wp","href":"https:\/\/api.w.org\/{rel}","templated":true}]}}