{"id":24404,"date":"2022-10-11T11:39:09","date_gmt":"2022-10-11T14:39:09","guid":{"rendered":"http:\/\/www.polisrecreio.com.br\/site\/?p=24404"},"modified":"2022-10-11T11:40:48","modified_gmt":"2022-10-11T14:40:48","slug":"plano-de-cargos-carreiras-e-vencimentos-da-educacao-basica-de-recreio-e-aprovado-na-camara-com-emendas","status":"publish","type":"post","link":"https:\/\/www.polisrecreio.com.br\/site\/2022\/10\/11\/plano-de-cargos-carreiras-e-vencimentos-da-educacao-basica-de-recreio-e-aprovado-na-camara-com-emendas\/","title":{"rendered":"Plano de Cargos, Carreiras e Vencimentos da Educa\u00e7\u00e3o B\u00e1sica de Recreio \u00e9 aprovado na C\u00e2mara com emendas"},"content":{"rendered":"<p style=\"text-align: justify;\">O Projeto de Lei Complementar 138\/2022 que cria o Plano de Cargos, Carreiras e Vencimentos da Educa\u00e7\u00e3o B\u00e1sica do Munic\u00edpio de Recreio foi aprovado por unanimidade na sess\u00e3o da C\u00e2mara Municipal desta \u00faltima segunda-feira (10), com tr\u00eas emendas dos vereadores.<\/p>\n<p><!--more--><\/p>\n<p><a href=\"http:\/\/www.polisrecreio.com.br\/site\/wp-content\/uploads\/2022\/10\/DSC_0098.jpg\"><img loading=\"lazy\" class=\"aligncenter size-full wp-image-24405\" src=\"http:\/\/www.polisrecreio.com.br\/site\/wp-content\/uploads\/2022\/10\/DSC_0098.jpg\" alt=\"\" width=\"750\" height=\"500\" srcset=\"https:\/\/www.polisrecreio.com.br\/site\/wp-content\/uploads\/2022\/10\/DSC_0098.jpg 750w, https:\/\/www.polisrecreio.com.br\/site\/wp-content\/uploads\/2022\/10\/DSC_0098-300x200.jpg 300w\" sizes=\"(max-width: 750px) 100vw, 750px\" \/><\/a><\/p>\n<p style=\"text-align: justify;\">As emendas foram:<\/p>\n<ul>\n<li style=\"text-align: justify;\">Adi\u00e7\u00e3o de uma tabela de progress\u00e3o de carreira (autoria de todos os vereadores), no prazo de 120 dias ap\u00f3s o executivo sancionar o projeto, inclusive com a previs\u00e3o or\u00e7ament\u00e1ria financeira;<\/li>\n<li style=\"text-align: justify;\">Supress\u00e3o do inciso que impede que os profissionais que v\u00e3o acompanhar c\u00f4njuge ou outro familiar em atendimentos m\u00e9dicos recebam a gratifica\u00e7\u00e3o de 3% por assiduidade (autoria dos vereadores Fabr\u00edsio \u201cP\u00e3o Doce\u201d e Jovane);<\/li>\n<li style=\"text-align: justify;\">Redu\u00e7\u00e3o da carga hor\u00e1ria dos auxiliares de professores, de 30 horas semanais para 25 (autoria dos vereadores Fabr\u00edsio \u201cP\u00e3o Doce\u201d e Jovane).<\/li>\n<\/ul>\n<p style=\"text-align: justify;\">O Plano agora segue para san\u00e7\u00e3o do executivo. Caso as emendas sejam vetadas, o veto ser\u00e1 apreciado pelos vereadores. Enquanto isso o Plano n\u00e3o fica oficialmente criado no Munic\u00edpio.<\/p>\n<p>&nbsp;<\/p>\n","protected":false},"excerpt":{"rendered":"<p>O Projeto de Lei Complementar 138\/2022 que cria o Plano de Cargos, Carreiras e Vencimentos da Educa\u00e7\u00e3o B\u00e1sica do Munic\u00edpio de Recreio foi aprovado por unanimidade na sess\u00e3o da C\u00e2mara Municipal desta \u00faltima segunda-feira (10), com tr\u00eas emendas dos vereadores.<\/p>\n","protected":false},"author":3,"featured_media":0,"comment_status":"open","ping_status":"open","sticky":false,"template":"","format":"standard","meta":[],"categories":[9],"tags":[],"yoast_head":"<!-- This site is optimized with the Yoast SEO plugin v15.6.2 - https:\/\/yoast.com\/wordpress\/plugins\/seo\/ -->\n<meta name=\"robots\" content=\"index, follow, max-snippet:-1, max-image-preview:large, max-video-preview:-1\" \/>\n<link rel=\"canonical\" href=\"http:\/\/www.polisrecreio.com.br\/site\/2022\/10\/11\/plano-de-cargos-carreiras-e-vencimentos-da-educacao-basica-de-recreio-e-aprovado-na-camara-com-emendas\/\" \/>\n<meta property=\"og:locale\" content=\"pt_BR\" \/>\n<meta property=\"og:type\" content=\"article\" \/>\n<meta property=\"og:title\" content=\"Plano de Cargos, Carreiras e Vencimentos da Educa\u00e7\u00e3o B\u00e1sica de Recreio \u00e9 aprovado na C\u00e2mara com emendas - P\u00f3lis Recreio\" \/>\n<meta property=\"og:description\" content=\"O Projeto de Lei Complementar 138\/2022 que cria o Plano de Cargos, Carreiras e Vencimentos da Educa\u00e7\u00e3o B\u00e1sica do Munic\u00edpio de Recreio foi aprovado por unanimidade na sess\u00e3o da C\u00e2mara Municipal desta \u00faltima segunda-feira (10), com tr\u00eas emendas dos vereadores.\" \/>\n<meta property=\"og:url\" content=\"http:\/\/www.polisrecreio.com.br\/site\/2022\/10\/11\/plano-de-cargos-carreiras-e-vencimentos-da-educacao-basica-de-recreio-e-aprovado-na-camara-com-emendas\/\" \/>\n<meta property=\"og:site_name\" content=\"P\u00f3lis Recreio\" \/>\n<meta property=\"article:publisher\" content=\"https:\/\/www.facebook.com\/Site-P%c3%b3lis-Recreio-MG-181941708571019\/\" \/>\n<meta property=\"article:published_time\" content=\"2022-10-11T14:39:09+00:00\" \/>\n<meta property=\"article:modified_time\" content=\"2022-10-11T14:40:48+00:00\" \/>\n<meta property=\"og:image\" content=\"http:\/\/www.polisrecreio.com.br\/site\/wp-content\/uploads\/2022\/10\/DSC_0098.jpg\" \/>\n<meta name=\"twitter:card\" content=\"summary_large_image\" \/>\n<meta name=\"twitter:creator\" content=\"@PolisRecreio\" \/>\n<meta name=\"twitter:site\" content=\"@PolisRecreio\" \/>\n<meta name=\"twitter:label1\" content=\"Est. reading time\">\n\t<meta name=\"twitter:data1\" content=\"1 minuto\">\n<script type=\"application\/ld+json\" class=\"yoast-schema-graph\">{\"@context\":\"https:\/\/schema.org\",\"@graph\":[{\"@type\":\"WebSite\",\"@id\":\"https:\/\/www.polisrecreio.com.br\/site\/#website\",\"url\":\"https:\/\/www.polisrecreio.com.br\/site\/\",\"name\":\"P\\u00f3lis Recreio\",\"description\":\"\",\"potentialAction\":[{\"@type\":\"SearchAction\",\"target\":\"https:\/\/www.polisrecreio.com.br\/site\/?s={search_term_string}\",\"query-input\":\"required name=search_term_string\"}],\"inLanguage\":\"pt-BR\"},{\"@type\":\"ImageObject\",\"@id\":\"http:\/\/www.polisrecreio.com.br\/site\/2022\/10\/11\/plano-de-cargos-carreiras-e-vencimentos-da-educacao-basica-de-recreio-e-aprovado-na-camara-com-emendas\/#primaryimage\",\"inLanguage\":\"pt-BR\",\"url\":\"http:\/\/www.polisrecreio.com.br\/site\/wp-content\/uploads\/2022\/10\/DSC_0098.jpg\"},{\"@type\":\"WebPage\",\"@id\":\"http:\/\/www.polisrecreio.com.br\/site\/2022\/10\/11\/plano-de-cargos-carreiras-e-vencimentos-da-educacao-basica-de-recreio-e-aprovado-na-camara-com-emendas\/#webpage\",\"url\":\"http:\/\/www.polisrecreio.com.br\/site\/2022\/10\/11\/plano-de-cargos-carreiras-e-vencimentos-da-educacao-basica-de-recreio-e-aprovado-na-camara-com-emendas\/\",\"name\":\"Plano de Cargos, Carreiras e Vencimentos da Educa\\u00e7\\u00e3o B\\u00e1sica de Recreio \\u00e9 aprovado na C\\u00e2mara com emendas - P\\u00f3lis Recreio\",\"isPartOf\":{\"@id\":\"https:\/\/www.polisrecreio.com.br\/site\/#website\"},\"primaryImageOfPage\":{\"@id\":\"http:\/\/www.polisrecreio.com.br\/site\/2022\/10\/11\/plano-de-cargos-carreiras-e-vencimentos-da-educacao-basica-de-recreio-e-aprovado-na-camara-com-emendas\/#primaryimage\"},\"datePublished\":\"2022-10-11T14:39:09+00:00\",\"dateModified\":\"2022-10-11T14:40:48+00:00\",\"author\":{\"@id\":\"https:\/\/www.polisrecreio.com.br\/site\/#\/schema\/person\/3363c1c78e1e28e1329d97adb387638e\"},\"inLanguage\":\"pt-BR\",\"potentialAction\":[{\"@type\":\"ReadAction\",\"target\":[\"http:\/\/www.polisrecreio.com.br\/site\/2022\/10\/11\/plano-de-cargos-carreiras-e-vencimentos-da-educacao-basica-de-recreio-e-aprovado-na-camara-com-emendas\/\"]}]},{\"@type\":\"Person\",\"@id\":\"https:\/\/www.polisrecreio.com.br\/site\/#\/schema\/person\/3363c1c78e1e28e1329d97adb387638e\",\"name\":\"Leonardo Ribeiro\",\"image\":{\"@type\":\"ImageObject\",\"@id\":\"https:\/\/www.polisrecreio.com.br\/site\/#personlogo\",\"inLanguage\":\"pt-BR\",\"url\":\"https:\/\/secure.gravatar.com\/avatar\/6ba92a37d621e1a83e23710251178a12?s=96&d=mm&r=g\",\"caption\":\"Leonardo Ribeiro\"},\"sameAs\":[\"http:\/\/www.polisrecreio.com.br\"]}]}<\/script>\n<!-- \/ Yoast SEO plugin. -->","_links":{"self":[{"href":"https:\/\/www.polisrecreio.com.br\/site\/wp-json\/wp\/v2\/posts\/24404"}],"collection":[{"href":"https:\/\/www.polisrecreio.com.br\/site\/wp-json\/wp\/v2\/posts"}],"about":[{"href":"https:\/\/www.polisrecreio.com.br\/site\/wp-json\/wp\/v2\/types\/post"}],"author":[{"embeddable":true,"href":"https:\/\/www.polisrecreio.com.br\/site\/wp-json\/wp\/v2\/users\/3"}],"replies":[{"embeddable":true,"href":"https:\/\/www.polisrecreio.com.br\/site\/wp-json\/wp\/v2\/comments?post=24404"}],"version-history":[{"count":1,"href":"https:\/\/www.polisrecreio.com.br\/site\/wp-json\/wp\/v2\/posts\/24404\/revisions"}],"predecessor-version":[{"id":24406,"href":"https:\/\/www.polisrecreio.com.br\/site\/wp-json\/wp\/v2\/posts\/24404\/revisions\/24406"}],"wp:attachment":[{"href":"https:\/\/www.polisrecreio.com.br\/site\/wp-json\/wp\/v2\/media?parent=24404"}],"wp:term":[{"taxonomy":"category","embeddable":true,"href":"https:\/\/www.polisrecreio.com.br\/site\/wp-json\/wp\/v2\/categories?post=24404"},{"taxonomy":"post_tag","embeddable":true,"href":"https:\/\/www.polisrecreio.com.br\/site\/wp-json\/wp\/v2\/tags?post=24404"}],"curies":[{"name":"wp","href":"https:\/\/api.w.org\/{rel}","templated":true}]}}