{"id":24407,"date":"2022-10-12T17:50:03","date_gmt":"2022-10-12T20:50:03","guid":{"rendered":"http:\/\/www.polisrecreio.com.br\/site\/?p=24407"},"modified":"2022-10-12T17:50:03","modified_gmt":"2022-10-12T20:50:03","slug":"festa-das-criancas-de-recreio-e-realizada-em-frente-o-centro-cultural","status":"publish","type":"post","link":"https:\/\/www.polisrecreio.com.br\/site\/2022\/10\/12\/festa-das-criancas-de-recreio-e-realizada-em-frente-o-centro-cultural\/","title":{"rendered":"Festa das Crian\u00e7as de Recreio \u00e9 realizada em frente o Centro Cultural"},"content":{"rendered":"<p style=\"text-align: justify;\">Durante a manh\u00e3 deste dia 12 de outubro foi realizada a Festa das Crian\u00e7as de Recreio, em frente o Centro Cultural Aristides Dorigo.<\/p>\n<p><!--more--><\/p>\n<p><a href=\"http:\/\/www.polisrecreio.com.br\/site\/wp-content\/uploads\/2022\/10\/c5.jpg\"><img loading=\"lazy\" class=\"aligncenter size-full wp-image-24409\" src=\"http:\/\/www.polisrecreio.com.br\/site\/wp-content\/uploads\/2022\/10\/c5.jpg\" alt=\"\" width=\"750\" height=\"490\" srcset=\"https:\/\/www.polisrecreio.com.br\/site\/wp-content\/uploads\/2022\/10\/c5.jpg 750w, https:\/\/www.polisrecreio.com.br\/site\/wp-content\/uploads\/2022\/10\/c5-300x196.jpg 300w\" sizes=\"(max-width: 750px) 100vw, 750px\" \/><\/a><\/p>\n<p style=\"text-align: justify;\">Na programa\u00e7\u00e3o estiveram brincadeiras, jogos, distribui\u00e7\u00e3o de guloseimas e outros. Um grande p\u00fablico participou, inclusive, crian\u00e7as dos distritos que vieram com transporte cedido pela Administra\u00e7\u00e3o Municipal.<\/p>\n<p style=\"text-align: justify;\">A Festa foi organizada pela Prefeitura, por meio das Secretarias de Educa\u00e7\u00e3o &amp; Cultura e de Esportes, com v\u00e1rios apoiadores.<\/p>\n<p><a href=\"http:\/\/www.polisrecreio.com.br\/site\/wp-content\/uploads\/2022\/10\/c2.jpg\"><img loading=\"lazy\" class=\"aligncenter size-full wp-image-24408\" src=\"http:\/\/www.polisrecreio.com.br\/site\/wp-content\/uploads\/2022\/10\/c2.jpg\" alt=\"\" width=\"750\" height=\"490\" srcset=\"https:\/\/www.polisrecreio.com.br\/site\/wp-content\/uploads\/2022\/10\/c2.jpg 750w, https:\/\/www.polisrecreio.com.br\/site\/wp-content\/uploads\/2022\/10\/c2-300x196.jpg 300w\" sizes=\"(max-width: 750px) 100vw, 750px\" \/><\/a><\/p>\n","protected":false},"excerpt":{"rendered":"<p>Durante a manh\u00e3 deste dia 12 de outubro foi realizada a Festa das Crian\u00e7as de Recreio, em frente o Centro Cultural Aristides Dorigo.<\/p>\n","protected":false},"author":3,"featured_media":0,"comment_status":"open","ping_status":"open","sticky":false,"template":"","format":"standard","meta":[],"categories":[6],"tags":[],"yoast_head":"<!-- This site is optimized with the Yoast SEO plugin v15.6.2 - https:\/\/yoast.com\/wordpress\/plugins\/seo\/ -->\n<meta name=\"robots\" content=\"index, follow, max-snippet:-1, max-image-preview:large, max-video-preview:-1\" \/>\n<link rel=\"canonical\" href=\"https:\/\/www.polisrecreio.com.br\/site\/2022\/10\/12\/festa-das-criancas-de-recreio-e-realizada-em-frente-o-centro-cultural\/\" \/>\n<meta property=\"og:locale\" content=\"pt_BR\" \/>\n<meta property=\"og:type\" content=\"article\" \/>\n<meta property=\"og:title\" content=\"Festa das Crian\u00e7as de Recreio \u00e9 realizada em frente o Centro Cultural - P\u00f3lis Recreio\" \/>\n<meta property=\"og:description\" content=\"Durante a manh\u00e3 deste dia 12 de outubro foi realizada a Festa das Crian\u00e7as de Recreio, em frente o Centro Cultural Aristides Dorigo.\" \/>\n<meta property=\"og:url\" content=\"https:\/\/www.polisrecreio.com.br\/site\/2022\/10\/12\/festa-das-criancas-de-recreio-e-realizada-em-frente-o-centro-cultural\/\" \/>\n<meta property=\"og:site_name\" content=\"P\u00f3lis Recreio\" \/>\n<meta property=\"article:publisher\" content=\"https:\/\/www.facebook.com\/Site-P%c3%b3lis-Recreio-MG-181941708571019\/\" \/>\n<meta property=\"article:published_time\" content=\"2022-10-12T20:50:03+00:00\" \/>\n<meta property=\"og:image\" content=\"http:\/\/www.polisrecreio.com.br\/site\/wp-content\/uploads\/2022\/10\/c5.jpg\" \/>\n<meta name=\"twitter:card\" content=\"summary_large_image\" \/>\n<meta name=\"twitter:creator\" content=\"@PolisRecreio\" \/>\n<meta name=\"twitter:site\" content=\"@PolisRecreio\" \/>\n<meta name=\"twitter:label1\" content=\"Est. reading time\">\n\t<meta name=\"twitter:data1\" content=\"1 minuto\">\n<script type=\"application\/ld+json\" class=\"yoast-schema-graph\">{\"@context\":\"https:\/\/schema.org\",\"@graph\":[{\"@type\":\"WebSite\",\"@id\":\"https:\/\/www.polisrecreio.com.br\/site\/#website\",\"url\":\"https:\/\/www.polisrecreio.com.br\/site\/\",\"name\":\"P\\u00f3lis Recreio\",\"description\":\"\",\"potentialAction\":[{\"@type\":\"SearchAction\",\"target\":\"https:\/\/www.polisrecreio.com.br\/site\/?s={search_term_string}\",\"query-input\":\"required name=search_term_string\"}],\"inLanguage\":\"pt-BR\"},{\"@type\":\"ImageObject\",\"@id\":\"https:\/\/www.polisrecreio.com.br\/site\/2022\/10\/12\/festa-das-criancas-de-recreio-e-realizada-em-frente-o-centro-cultural\/#primaryimage\",\"inLanguage\":\"pt-BR\",\"url\":\"http:\/\/www.polisrecreio.com.br\/site\/wp-content\/uploads\/2022\/10\/c5.jpg\"},{\"@type\":\"WebPage\",\"@id\":\"https:\/\/www.polisrecreio.com.br\/site\/2022\/10\/12\/festa-das-criancas-de-recreio-e-realizada-em-frente-o-centro-cultural\/#webpage\",\"url\":\"https:\/\/www.polisrecreio.com.br\/site\/2022\/10\/12\/festa-das-criancas-de-recreio-e-realizada-em-frente-o-centro-cultural\/\",\"name\":\"Festa das Crian\\u00e7as de Recreio \\u00e9 realizada em frente o Centro Cultural - P\\u00f3lis Recreio\",\"isPartOf\":{\"@id\":\"https:\/\/www.polisrecreio.com.br\/site\/#website\"},\"primaryImageOfPage\":{\"@id\":\"https:\/\/www.polisrecreio.com.br\/site\/2022\/10\/12\/festa-das-criancas-de-recreio-e-realizada-em-frente-o-centro-cultural\/#primaryimage\"},\"datePublished\":\"2022-10-12T20:50:03+00:00\",\"dateModified\":\"2022-10-12T20:50:03+00:00\",\"author\":{\"@id\":\"https:\/\/www.polisrecreio.com.br\/site\/#\/schema\/person\/3363c1c78e1e28e1329d97adb387638e\"},\"inLanguage\":\"pt-BR\",\"potentialAction\":[{\"@type\":\"ReadAction\",\"target\":[\"https:\/\/www.polisrecreio.com.br\/site\/2022\/10\/12\/festa-das-criancas-de-recreio-e-realizada-em-frente-o-centro-cultural\/\"]}]},{\"@type\":\"Person\",\"@id\":\"https:\/\/www.polisrecreio.com.br\/site\/#\/schema\/person\/3363c1c78e1e28e1329d97adb387638e\",\"name\":\"Leonardo Ribeiro\",\"image\":{\"@type\":\"ImageObject\",\"@id\":\"https:\/\/www.polisrecreio.com.br\/site\/#personlogo\",\"inLanguage\":\"pt-BR\",\"url\":\"https:\/\/secure.gravatar.com\/avatar\/6ba92a37d621e1a83e23710251178a12?s=96&d=mm&r=g\",\"caption\":\"Leonardo Ribeiro\"},\"sameAs\":[\"http:\/\/www.polisrecreio.com.br\"]}]}<\/script>\n<!-- \/ Yoast SEO plugin. -->","_links":{"self":[{"href":"https:\/\/www.polisrecreio.com.br\/site\/wp-json\/wp\/v2\/posts\/24407"}],"collection":[{"href":"https:\/\/www.polisrecreio.com.br\/site\/wp-json\/wp\/v2\/posts"}],"about":[{"href":"https:\/\/www.polisrecreio.com.br\/site\/wp-json\/wp\/v2\/types\/post"}],"author":[{"embeddable":true,"href":"https:\/\/www.polisrecreio.com.br\/site\/wp-json\/wp\/v2\/users\/3"}],"replies":[{"embeddable":true,"href":"https:\/\/www.polisrecreio.com.br\/site\/wp-json\/wp\/v2\/comments?post=24407"}],"version-history":[{"count":1,"href":"https:\/\/www.polisrecreio.com.br\/site\/wp-json\/wp\/v2\/posts\/24407\/revisions"}],"predecessor-version":[{"id":24410,"href":"https:\/\/www.polisrecreio.com.br\/site\/wp-json\/wp\/v2\/posts\/24407\/revisions\/24410"}],"wp:attachment":[{"href":"https:\/\/www.polisrecreio.com.br\/site\/wp-json\/wp\/v2\/media?parent=24407"}],"wp:term":[{"taxonomy":"category","embeddable":true,"href":"https:\/\/www.polisrecreio.com.br\/site\/wp-json\/wp\/v2\/categories?post=24407"},{"taxonomy":"post_tag","embeddable":true,"href":"https:\/\/www.polisrecreio.com.br\/site\/wp-json\/wp\/v2\/tags?post=24407"}],"curies":[{"name":"wp","href":"https:\/\/api.w.org\/{rel}","templated":true}]}}