{"id":24411,"date":"2022-10-13T20:23:16","date_gmt":"2022-10-13T23:23:16","guid":{"rendered":"http:\/\/www.polisrecreio.com.br\/site\/?p=24411"},"modified":"2022-10-13T20:23:16","modified_gmt":"2022-10-13T23:23:16","slug":"diretores-das-escolas-municipais-de-recreio-passarao-a-ser-escolhidos-por-eleicao","status":"publish","type":"post","link":"https:\/\/www.polisrecreio.com.br\/site\/2022\/10\/13\/diretores-das-escolas-municipais-de-recreio-passarao-a-ser-escolhidos-por-eleicao\/","title":{"rendered":"Diretores das escolas municipais de Recreio passar\u00e3o a ser escolhidos por elei\u00e7\u00e3o"},"content":{"rendered":"<p style=\"text-align: justify;\">De acordo com o Plano de Cargos, Carreiras e Vencimentos da Educa\u00e7\u00e3o B\u00e1sica do Munic\u00edpio de Recreio, aprovado pelos vereadores por unanimidade na \u00faltima segunda-feira (10), os diretores das escolas municipais passar\u00e3o a ser escolhidos atrav\u00e9s de processo democr\u00e1tico, ou seja, por elei\u00e7\u00e3o.<\/p>\n<p><!--more--><\/p>\n<figure id=\"attachment_24129\" aria-describedby=\"caption-attachment-24129\" style=\"width: 750px\" class=\"wp-caption aligncenter\"><a href=\"http:\/\/www.polisrecreio.com.br\/site\/wp-content\/uploads\/2022\/07\/DSC_0134.jpg\"><img loading=\"lazy\" class=\"size-full wp-image-24129\" src=\"http:\/\/www.polisrecreio.com.br\/site\/wp-content\/uploads\/2022\/07\/DSC_0134.jpg\" alt=\"\" width=\"750\" height=\"488\" srcset=\"https:\/\/www.polisrecreio.com.br\/site\/wp-content\/uploads\/2022\/07\/DSC_0134.jpg 750w, https:\/\/www.polisrecreio.com.br\/site\/wp-content\/uploads\/2022\/07\/DSC_0134-300x195.jpg 300w\" sizes=\"(max-width: 750px) 100vw, 750px\" \/><\/a><figcaption id=\"caption-attachment-24129\" class=\"wp-caption-text\">E.M. Jo\u00e3o Damasceno Ferreira.<\/figcaption><\/figure>\n<p style=\"text-align: justify;\">Este processo atende a meta 19 do Plano Nacional de Educa\u00e7\u00e3o e a meta do Plano Decenal Municipal de Educa\u00e7\u00e3o. As regras detalhadas ser\u00e3o disciplinadas em decreto de regulamenta\u00e7\u00e3o a ser editado pelo prefeito em um prazo m\u00e1ximo de 60 dias, contados a partir da publica\u00e7\u00e3o da Lei Municipal do Plano de Cargos, Carreiras e Vencimentos.<\/p>\n<p style=\"text-align: justify;\">O sal\u00e1rio do diretor escolar ser\u00e1 de R$ 3.234,89 (40 horas\/semanais) e o vice-diretor ser\u00e1 de R$ 2.884,22 (30 horas\/semanais). Caso o profissional seja do quadro efetivo, ele poder\u00e1 optar pela gratifica\u00e7\u00e3o de 30% sobre seu vencimento, no caso de diretor, e 25% para vice-diretor.<\/p>\n<p style=\"text-align: justify;\">At\u00e9 o momento, n\u00e3o h\u00e1 informa\u00e7\u00f5es sobre a san\u00e7\u00e3o do Projeto de Lei Complementar aprovado na C\u00e2mara.<\/p>\n","protected":false},"excerpt":{"rendered":"<p>De acordo com o Plano de Cargos, Carreiras e Vencimentos da Educa\u00e7\u00e3o B\u00e1sica do Munic\u00edpio de Recreio, aprovado pelos vereadores por unanimidade na \u00faltima segunda-feira (10), os diretores das escolas municipais passar\u00e3o a ser escolhidos atrav\u00e9s de processo democr\u00e1tico, ou seja, por elei\u00e7\u00e3o.<\/p>\n","protected":false},"author":3,"featured_media":0,"comment_status":"open","ping_status":"open","sticky":false,"template":"","format":"standard","meta":[],"categories":[9],"tags":[],"yoast_head":"<!-- This site is optimized with the Yoast SEO plugin v15.6.2 - https:\/\/yoast.com\/wordpress\/plugins\/seo\/ -->\n<meta name=\"robots\" content=\"index, follow, max-snippet:-1, max-image-preview:large, max-video-preview:-1\" \/>\n<link rel=\"canonical\" href=\"http:\/\/www.polisrecreio.com.br\/site\/2022\/10\/13\/diretores-das-escolas-municipais-de-recreio-passarao-a-ser-escolhidos-por-eleicao\/\" \/>\n<meta property=\"og:locale\" content=\"pt_BR\" \/>\n<meta property=\"og:type\" content=\"article\" \/>\n<meta property=\"og:title\" content=\"Diretores das escolas municipais de Recreio passar\u00e3o a ser escolhidos por elei\u00e7\u00e3o - P\u00f3lis Recreio\" \/>\n<meta property=\"og:description\" content=\"De acordo com o Plano de Cargos, Carreiras e Vencimentos da Educa\u00e7\u00e3o B\u00e1sica do Munic\u00edpio de Recreio, aprovado pelos vereadores por unanimidade na \u00faltima segunda-feira (10), os diretores das escolas municipais passar\u00e3o a ser escolhidos atrav\u00e9s de processo democr\u00e1tico, ou seja, por elei\u00e7\u00e3o.\" \/>\n<meta property=\"og:url\" content=\"http:\/\/www.polisrecreio.com.br\/site\/2022\/10\/13\/diretores-das-escolas-municipais-de-recreio-passarao-a-ser-escolhidos-por-eleicao\/\" \/>\n<meta property=\"og:site_name\" content=\"P\u00f3lis Recreio\" \/>\n<meta property=\"article:publisher\" content=\"https:\/\/www.facebook.com\/Site-P%c3%b3lis-Recreio-MG-181941708571019\/\" \/>\n<meta property=\"article:published_time\" content=\"2022-10-13T23:23:16+00:00\" \/>\n<meta property=\"og:image\" content=\"http:\/\/www.polisrecreio.com.br\/site\/wp-content\/uploads\/2022\/07\/DSC_0134.jpg\" \/>\n<meta name=\"twitter:card\" content=\"summary_large_image\" \/>\n<meta name=\"twitter:creator\" content=\"@PolisRecreio\" \/>\n<meta name=\"twitter:site\" content=\"@PolisRecreio\" \/>\n<meta name=\"twitter:label1\" content=\"Est. reading time\">\n\t<meta name=\"twitter:data1\" content=\"1 minuto\">\n<script type=\"application\/ld+json\" class=\"yoast-schema-graph\">{\"@context\":\"https:\/\/schema.org\",\"@graph\":[{\"@type\":\"WebSite\",\"@id\":\"https:\/\/www.polisrecreio.com.br\/site\/#website\",\"url\":\"https:\/\/www.polisrecreio.com.br\/site\/\",\"name\":\"P\\u00f3lis Recreio\",\"description\":\"\",\"potentialAction\":[{\"@type\":\"SearchAction\",\"target\":\"https:\/\/www.polisrecreio.com.br\/site\/?s={search_term_string}\",\"query-input\":\"required name=search_term_string\"}],\"inLanguage\":\"pt-BR\"},{\"@type\":\"ImageObject\",\"@id\":\"http:\/\/www.polisrecreio.com.br\/site\/2022\/10\/13\/diretores-das-escolas-municipais-de-recreio-passarao-a-ser-escolhidos-por-eleicao\/#primaryimage\",\"inLanguage\":\"pt-BR\",\"url\":\"http:\/\/www.polisrecreio.com.br\/site\/wp-content\/uploads\/2022\/07\/DSC_0134.jpg\"},{\"@type\":\"WebPage\",\"@id\":\"http:\/\/www.polisrecreio.com.br\/site\/2022\/10\/13\/diretores-das-escolas-municipais-de-recreio-passarao-a-ser-escolhidos-por-eleicao\/#webpage\",\"url\":\"http:\/\/www.polisrecreio.com.br\/site\/2022\/10\/13\/diretores-das-escolas-municipais-de-recreio-passarao-a-ser-escolhidos-por-eleicao\/\",\"name\":\"Diretores das escolas municipais de Recreio passar\\u00e3o a ser escolhidos por elei\\u00e7\\u00e3o - P\\u00f3lis Recreio\",\"isPartOf\":{\"@id\":\"https:\/\/www.polisrecreio.com.br\/site\/#website\"},\"primaryImageOfPage\":{\"@id\":\"http:\/\/www.polisrecreio.com.br\/site\/2022\/10\/13\/diretores-das-escolas-municipais-de-recreio-passarao-a-ser-escolhidos-por-eleicao\/#primaryimage\"},\"datePublished\":\"2022-10-13T23:23:16+00:00\",\"dateModified\":\"2022-10-13T23:23:16+00:00\",\"author\":{\"@id\":\"https:\/\/www.polisrecreio.com.br\/site\/#\/schema\/person\/3363c1c78e1e28e1329d97adb387638e\"},\"inLanguage\":\"pt-BR\",\"potentialAction\":[{\"@type\":\"ReadAction\",\"target\":[\"http:\/\/www.polisrecreio.com.br\/site\/2022\/10\/13\/diretores-das-escolas-municipais-de-recreio-passarao-a-ser-escolhidos-por-eleicao\/\"]}]},{\"@type\":\"Person\",\"@id\":\"https:\/\/www.polisrecreio.com.br\/site\/#\/schema\/person\/3363c1c78e1e28e1329d97adb387638e\",\"name\":\"Leonardo Ribeiro\",\"image\":{\"@type\":\"ImageObject\",\"@id\":\"https:\/\/www.polisrecreio.com.br\/site\/#personlogo\",\"inLanguage\":\"pt-BR\",\"url\":\"https:\/\/secure.gravatar.com\/avatar\/6ba92a37d621e1a83e23710251178a12?s=96&d=mm&r=g\",\"caption\":\"Leonardo Ribeiro\"},\"sameAs\":[\"http:\/\/www.polisrecreio.com.br\"]}]}<\/script>\n<!-- \/ Yoast SEO plugin. -->","_links":{"self":[{"href":"https:\/\/www.polisrecreio.com.br\/site\/wp-json\/wp\/v2\/posts\/24411"}],"collection":[{"href":"https:\/\/www.polisrecreio.com.br\/site\/wp-json\/wp\/v2\/posts"}],"about":[{"href":"https:\/\/www.polisrecreio.com.br\/site\/wp-json\/wp\/v2\/types\/post"}],"author":[{"embeddable":true,"href":"https:\/\/www.polisrecreio.com.br\/site\/wp-json\/wp\/v2\/users\/3"}],"replies":[{"embeddable":true,"href":"https:\/\/www.polisrecreio.com.br\/site\/wp-json\/wp\/v2\/comments?post=24411"}],"version-history":[{"count":1,"href":"https:\/\/www.polisrecreio.com.br\/site\/wp-json\/wp\/v2\/posts\/24411\/revisions"}],"predecessor-version":[{"id":24412,"href":"https:\/\/www.polisrecreio.com.br\/site\/wp-json\/wp\/v2\/posts\/24411\/revisions\/24412"}],"wp:attachment":[{"href":"https:\/\/www.polisrecreio.com.br\/site\/wp-json\/wp\/v2\/media?parent=24411"}],"wp:term":[{"taxonomy":"category","embeddable":true,"href":"https:\/\/www.polisrecreio.com.br\/site\/wp-json\/wp\/v2\/categories?post=24411"},{"taxonomy":"post_tag","embeddable":true,"href":"https:\/\/www.polisrecreio.com.br\/site\/wp-json\/wp\/v2\/tags?post=24411"}],"curies":[{"name":"wp","href":"https:\/\/api.w.org\/{rel}","templated":true}]}}