{"id":24413,"date":"2022-10-14T12:18:35","date_gmt":"2022-10-14T15:18:35","guid":{"rendered":"http:\/\/www.polisrecreio.com.br\/site\/?p=24413"},"modified":"2022-10-14T12:18:35","modified_gmt":"2022-10-14T15:18:35","slug":"escolas-olavo-bilac-e-pres-carlos-luz-sao-premiadas-na-2a-edicao-do-premio-escola-transformacao","status":"publish","type":"post","link":"https:\/\/www.polisrecreio.com.br\/site\/2022\/10\/14\/escolas-olavo-bilac-e-pres-carlos-luz-sao-premiadas-na-2a-edicao-do-premio-escola-transformacao\/","title":{"rendered":"Escolas Olavo Bilac e Pres. Carlos Luz s\u00e3o premiadas na 2\u00aa edi\u00e7\u00e3o do Pr\u00eamio Escola Transforma\u00e7\u00e3o"},"content":{"rendered":"<p style=\"text-align: justify;\">N\u00e3o \u00e9 de hoje que as escolas de Recreio da rede estadual, E.E. Olavo Bilac e E.E. Presidente Carlos Luz, s\u00e3o refer\u00eancia para a regi\u00e3o e agora tamb\u00e9m para todo o Estado de Minas Gerais. Elas foram premiadas com recursos financeiros na 2\u00aa edi\u00e7\u00e3o do Pr\u00eamio Escola Transforma\u00e7\u00e3o 2022, criado pelo Governo de Minas, por meio da Secretaria de Educa\u00e7\u00e3o.<\/p>\n<p><!--more--><\/p>\n<p><a href=\"http:\/\/www.polisrecreio.com.br\/site\/wp-content\/uploads\/2022\/10\/ee2.jpg\"><img loading=\"lazy\" class=\"aligncenter size-full wp-image-24414\" src=\"http:\/\/www.polisrecreio.com.br\/site\/wp-content\/uploads\/2022\/10\/ee2.jpg\" alt=\"\" width=\"800\" height=\"411\" srcset=\"https:\/\/www.polisrecreio.com.br\/site\/wp-content\/uploads\/2022\/10\/ee2.jpg 800w, https:\/\/www.polisrecreio.com.br\/site\/wp-content\/uploads\/2022\/10\/ee2-300x154.jpg 300w, https:\/\/www.polisrecreio.com.br\/site\/wp-content\/uploads\/2022\/10\/ee2-768x395.jpg 768w\" sizes=\"(max-width: 800px) 100vw, 800px\" \/><\/a><\/p>\n<p style=\"text-align: justify;\">O objetivo da iniciativa \u00e9 reconhecer\u00a0publicamente as pr\u00e1ticas e experi\u00eancias de sucesso das escolas p\u00fablicas estaduais. Os destaques v\u00e3o para os resultados de desempenho nas avalia\u00e7\u00f5es aplicadas na rede e nos resultados parciais de fluxo escolar nos seguintes n\u00edveis do ensino regular: anos iniciais do ensino fundamental, anos finais do ensino fundamental e ensino m\u00e9dio.<\/p>\n<p style=\"text-align: justify;\">A E.E. Olavo Bilac, localizada no centro de Recreio, ficou entre as 237 unidades de ensino premiadas com R$ 100 mil. J\u00e1, a E.E. Presidente Carlos Luz, do distrito de Concei\u00e7\u00e3o da Boa Vista, conseguiu melhorar o \u00cdndice de Desenvolvimento da Educa\u00e7\u00e3o B\u00e1sica (IDEB) entre 2019 e 2021, ficou entre as 57 do Estado, e ganhou R$ 200 mil. Os recursos que dever\u00e3o ser utilizados no desenvolvimento de projetos pedag\u00f3gicos.<\/p>\n<p style=\"text-align: justify;\">Em 2021, as escolas de Recreio tamb\u00e9m foram premiadas e os projetos est\u00e3o em fase de execu\u00e7\u00e3o neste ano letivo.<\/p>\n<p style=\"text-align: justify;\">A E.E. Olavo Bilac, \u00e9 dirigida por Fernanda Freitas (diretora) e Andreia Britto (vice-diretora); na E.E. Presidente Carlos Luz, a dire\u00e7\u00e3o \u00e9 de V\u00edtor do Bem.<\/p>\n","protected":false},"excerpt":{"rendered":"<p>N\u00e3o \u00e9 de hoje que as escolas de Recreio da rede estadual, E.E. Olavo Bilac e E.E. Presidente Carlos Luz, s\u00e3o refer\u00eancia para a regi\u00e3o e agora tamb\u00e9m para todo o Estado de Minas Gerais. Elas foram premiadas com recursos financeiros na 2\u00aa edi\u00e7\u00e3o do Pr\u00eamio Escola Transforma\u00e7\u00e3o 2022, criado pelo Governo de Minas, por [&hellip;]<\/p>\n","protected":false},"author":3,"featured_media":0,"comment_status":"open","ping_status":"open","sticky":false,"template":"","format":"standard","meta":[],"categories":[9],"tags":[],"yoast_head":"<!-- This site is optimized with the Yoast SEO plugin v15.6.2 - https:\/\/yoast.com\/wordpress\/plugins\/seo\/ -->\n<meta name=\"robots\" content=\"index, follow, max-snippet:-1, max-image-preview:large, max-video-preview:-1\" \/>\n<link rel=\"canonical\" href=\"http:\/\/www.polisrecreio.com.br\/site\/2022\/10\/14\/escolas-olavo-bilac-e-pres-carlos-luz-sao-premiadas-na-2a-edicao-do-premio-escola-transformacao\/\" \/>\n<meta property=\"og:locale\" content=\"pt_BR\" \/>\n<meta property=\"og:type\" content=\"article\" \/>\n<meta property=\"og:title\" content=\"Escolas Olavo Bilac e Pres. Carlos Luz s\u00e3o premiadas na 2\u00aa edi\u00e7\u00e3o do Pr\u00eamio Escola Transforma\u00e7\u00e3o - P\u00f3lis Recreio\" \/>\n<meta property=\"og:description\" content=\"N\u00e3o \u00e9 de hoje que as escolas de Recreio da rede estadual, E.E. Olavo Bilac e E.E. Presidente Carlos Luz, s\u00e3o refer\u00eancia para a regi\u00e3o e agora tamb\u00e9m para todo o Estado de Minas Gerais. Elas foram premiadas com recursos financeiros na 2\u00aa edi\u00e7\u00e3o do Pr\u00eamio Escola Transforma\u00e7\u00e3o 2022, criado pelo Governo de Minas, por [&hellip;]\" \/>\n<meta property=\"og:url\" content=\"http:\/\/www.polisrecreio.com.br\/site\/2022\/10\/14\/escolas-olavo-bilac-e-pres-carlos-luz-sao-premiadas-na-2a-edicao-do-premio-escola-transformacao\/\" \/>\n<meta property=\"og:site_name\" content=\"P\u00f3lis Recreio\" \/>\n<meta property=\"article:publisher\" content=\"https:\/\/www.facebook.com\/Site-P%c3%b3lis-Recreio-MG-181941708571019\/\" \/>\n<meta property=\"article:published_time\" content=\"2022-10-14T15:18:35+00:00\" \/>\n<meta property=\"og:image\" content=\"http:\/\/www.polisrecreio.com.br\/site\/wp-content\/uploads\/2022\/10\/ee2.jpg\" \/>\n<meta name=\"twitter:card\" content=\"summary_large_image\" \/>\n<meta name=\"twitter:creator\" content=\"@PolisRecreio\" \/>\n<meta name=\"twitter:site\" content=\"@PolisRecreio\" \/>\n<meta name=\"twitter:label1\" content=\"Est. reading time\">\n\t<meta name=\"twitter:data1\" content=\"2 minutos\">\n<script type=\"application\/ld+json\" class=\"yoast-schema-graph\">{\"@context\":\"https:\/\/schema.org\",\"@graph\":[{\"@type\":\"WebSite\",\"@id\":\"https:\/\/www.polisrecreio.com.br\/site\/#website\",\"url\":\"https:\/\/www.polisrecreio.com.br\/site\/\",\"name\":\"P\\u00f3lis Recreio\",\"description\":\"\",\"potentialAction\":[{\"@type\":\"SearchAction\",\"target\":\"https:\/\/www.polisrecreio.com.br\/site\/?s={search_term_string}\",\"query-input\":\"required name=search_term_string\"}],\"inLanguage\":\"pt-BR\"},{\"@type\":\"ImageObject\",\"@id\":\"http:\/\/www.polisrecreio.com.br\/site\/2022\/10\/14\/escolas-olavo-bilac-e-pres-carlos-luz-sao-premiadas-na-2a-edicao-do-premio-escola-transformacao\/#primaryimage\",\"inLanguage\":\"pt-BR\",\"url\":\"http:\/\/www.polisrecreio.com.br\/site\/wp-content\/uploads\/2022\/10\/ee2.jpg\"},{\"@type\":\"WebPage\",\"@id\":\"http:\/\/www.polisrecreio.com.br\/site\/2022\/10\/14\/escolas-olavo-bilac-e-pres-carlos-luz-sao-premiadas-na-2a-edicao-do-premio-escola-transformacao\/#webpage\",\"url\":\"http:\/\/www.polisrecreio.com.br\/site\/2022\/10\/14\/escolas-olavo-bilac-e-pres-carlos-luz-sao-premiadas-na-2a-edicao-do-premio-escola-transformacao\/\",\"name\":\"Escolas Olavo Bilac e Pres. Carlos Luz s\\u00e3o premiadas na 2\\u00aa edi\\u00e7\\u00e3o do Pr\\u00eamio Escola Transforma\\u00e7\\u00e3o - P\\u00f3lis Recreio\",\"isPartOf\":{\"@id\":\"https:\/\/www.polisrecreio.com.br\/site\/#website\"},\"primaryImageOfPage\":{\"@id\":\"http:\/\/www.polisrecreio.com.br\/site\/2022\/10\/14\/escolas-olavo-bilac-e-pres-carlos-luz-sao-premiadas-na-2a-edicao-do-premio-escola-transformacao\/#primaryimage\"},\"datePublished\":\"2022-10-14T15:18:35+00:00\",\"dateModified\":\"2022-10-14T15:18:35+00:00\",\"author\":{\"@id\":\"https:\/\/www.polisrecreio.com.br\/site\/#\/schema\/person\/3363c1c78e1e28e1329d97adb387638e\"},\"inLanguage\":\"pt-BR\",\"potentialAction\":[{\"@type\":\"ReadAction\",\"target\":[\"http:\/\/www.polisrecreio.com.br\/site\/2022\/10\/14\/escolas-olavo-bilac-e-pres-carlos-luz-sao-premiadas-na-2a-edicao-do-premio-escola-transformacao\/\"]}]},{\"@type\":\"Person\",\"@id\":\"https:\/\/www.polisrecreio.com.br\/site\/#\/schema\/person\/3363c1c78e1e28e1329d97adb387638e\",\"name\":\"Leonardo Ribeiro\",\"image\":{\"@type\":\"ImageObject\",\"@id\":\"https:\/\/www.polisrecreio.com.br\/site\/#personlogo\",\"inLanguage\":\"pt-BR\",\"url\":\"https:\/\/secure.gravatar.com\/avatar\/6ba92a37d621e1a83e23710251178a12?s=96&d=mm&r=g\",\"caption\":\"Leonardo Ribeiro\"},\"sameAs\":[\"http:\/\/www.polisrecreio.com.br\"]}]}<\/script>\n<!-- \/ Yoast SEO plugin. -->","_links":{"self":[{"href":"https:\/\/www.polisrecreio.com.br\/site\/wp-json\/wp\/v2\/posts\/24413"}],"collection":[{"href":"https:\/\/www.polisrecreio.com.br\/site\/wp-json\/wp\/v2\/posts"}],"about":[{"href":"https:\/\/www.polisrecreio.com.br\/site\/wp-json\/wp\/v2\/types\/post"}],"author":[{"embeddable":true,"href":"https:\/\/www.polisrecreio.com.br\/site\/wp-json\/wp\/v2\/users\/3"}],"replies":[{"embeddable":true,"href":"https:\/\/www.polisrecreio.com.br\/site\/wp-json\/wp\/v2\/comments?post=24413"}],"version-history":[{"count":1,"href":"https:\/\/www.polisrecreio.com.br\/site\/wp-json\/wp\/v2\/posts\/24413\/revisions"}],"predecessor-version":[{"id":24415,"href":"https:\/\/www.polisrecreio.com.br\/site\/wp-json\/wp\/v2\/posts\/24413\/revisions\/24415"}],"wp:attachment":[{"href":"https:\/\/www.polisrecreio.com.br\/site\/wp-json\/wp\/v2\/media?parent=24413"}],"wp:term":[{"taxonomy":"category","embeddable":true,"href":"https:\/\/www.polisrecreio.com.br\/site\/wp-json\/wp\/v2\/categories?post=24413"},{"taxonomy":"post_tag","embeddable":true,"href":"https:\/\/www.polisrecreio.com.br\/site\/wp-json\/wp\/v2\/tags?post=24413"}],"curies":[{"name":"wp","href":"https:\/\/api.w.org\/{rel}","templated":true}]}}