{"id":24422,"date":"2022-10-17T16:46:30","date_gmt":"2022-10-17T19:46:30","guid":{"rendered":"http:\/\/www.polisrecreio.com.br\/site\/?p=24422"},"modified":"2022-10-17T16:46:46","modified_gmt":"2022-10-17T19:46:46","slug":"unidade-de-cuidados-especiais-do-hospital-sao-sebastiao-sera-inaugurada-quinta-feira-20","status":"publish","type":"post","link":"https:\/\/www.polisrecreio.com.br\/site\/2022\/10\/17\/unidade-de-cuidados-especiais-do-hospital-sao-sebastiao-sera-inaugurada-quinta-feira-20\/","title":{"rendered":"Unidade de Cuidados Especiais do Hospital S\u00e3o Sebasti\u00e3o ser\u00e1 inaugurada quinta-feira (20)"},"content":{"rendered":"<p style=\"text-align: justify;\">Na pr\u00f3xima quinta-feira (20), \u00e0s 15h, a Unidade de Cuidados Especiais do Hospital S\u00e3o Sebasti\u00e3o de Recreio ser\u00e1 inaugurada. O novo espa\u00e7o do HSS ser\u00e1 denominado de Unidade Dr. C\u00e9lio Silveira Luz.<\/p>\n<p><!--more--><\/p>\n<figure id=\"attachment_7838\" aria-describedby=\"caption-attachment-7838\" style=\"width: 750px\" class=\"wp-caption aligncenter\"><a href=\"http:\/\/www.polisrecreio.com.br\/site\/wp-content\/uploads\/2017\/11\/HSS1.jpg\"><img loading=\"lazy\" class=\"size-full wp-image-7838\" src=\"http:\/\/www.polisrecreio.com.br\/site\/wp-content\/uploads\/2017\/11\/HSS1.jpg\" alt=\"\" width=\"750\" height=\"500\" srcset=\"https:\/\/www.polisrecreio.com.br\/site\/wp-content\/uploads\/2017\/11\/HSS1.jpg 750w, https:\/\/www.polisrecreio.com.br\/site\/wp-content\/uploads\/2017\/11\/HSS1-300x200.jpg 300w\" sizes=\"(max-width: 750px) 100vw, 750px\" \/><\/a><figcaption id=\"caption-attachment-7838\" class=\"wp-caption-text\">Provedor do HSS, Dr. Luiz Ronaldo.<\/figcaption><\/figure>\n<p style=\"text-align: justify;\">De acordo com o provedor Dr. Luiz Ronaldo Pinheiro dos Santos, todos os equipamentos e mobili\u00e1rios foram doados pela Federa\u00e7\u00e3o das Ind\u00fastrias de Minas Gerais \u201cFIEMG\u201d \u2013 Regional Zona da Mata, presidida pelo empres\u00e1rio recreiense, Heveraldo Lima de Castro.<\/p>\n<p style=\"text-align: justify;\">A denomina\u00e7\u00e3o ser\u00e1 uma homenagem <em>in memoriam<\/em> ao antigo provedor do Hospital.<\/p>\n","protected":false},"excerpt":{"rendered":"<p>Na pr\u00f3xima quinta-feira (20), \u00e0s 15h, a Unidade de Cuidados Especiais do Hospital S\u00e3o Sebasti\u00e3o de Recreio ser\u00e1 inaugurada. O novo espa\u00e7o do HSS ser\u00e1 denominado de Unidade Dr. C\u00e9lio Silveira Luz.<\/p>\n","protected":false},"author":3,"featured_media":0,"comment_status":"open","ping_status":"open","sticky":false,"template":"","format":"standard","meta":[],"categories":[7],"tags":[],"yoast_head":"<!-- This site is optimized with the Yoast SEO plugin v15.6.2 - https:\/\/yoast.com\/wordpress\/plugins\/seo\/ -->\n<meta name=\"robots\" content=\"index, follow, max-snippet:-1, max-image-preview:large, max-video-preview:-1\" \/>\n<link rel=\"canonical\" href=\"https:\/\/www.polisrecreio.com.br\/site\/2022\/10\/17\/unidade-de-cuidados-especiais-do-hospital-sao-sebastiao-sera-inaugurada-quinta-feira-20\/\" \/>\n<meta property=\"og:locale\" content=\"pt_BR\" \/>\n<meta property=\"og:type\" content=\"article\" \/>\n<meta property=\"og:title\" content=\"Unidade de Cuidados Especiais do Hospital S\u00e3o Sebasti\u00e3o ser\u00e1 inaugurada quinta-feira (20) - P\u00f3lis Recreio\" \/>\n<meta property=\"og:description\" content=\"Na pr\u00f3xima quinta-feira (20), \u00e0s 15h, a Unidade de Cuidados Especiais do Hospital S\u00e3o Sebasti\u00e3o de Recreio ser\u00e1 inaugurada. O novo espa\u00e7o do HSS ser\u00e1 denominado de Unidade Dr. C\u00e9lio Silveira Luz.\" \/>\n<meta property=\"og:url\" content=\"https:\/\/www.polisrecreio.com.br\/site\/2022\/10\/17\/unidade-de-cuidados-especiais-do-hospital-sao-sebastiao-sera-inaugurada-quinta-feira-20\/\" \/>\n<meta property=\"og:site_name\" content=\"P\u00f3lis Recreio\" \/>\n<meta property=\"article:publisher\" content=\"https:\/\/www.facebook.com\/Site-P%c3%b3lis-Recreio-MG-181941708571019\/\" \/>\n<meta property=\"article:published_time\" content=\"2022-10-17T19:46:30+00:00\" \/>\n<meta property=\"article:modified_time\" content=\"2022-10-17T19:46:46+00:00\" \/>\n<meta property=\"og:image\" content=\"http:\/\/www.polisrecreio.com.br\/site\/wp-content\/uploads\/2017\/11\/HSS1.jpg\" \/>\n<meta name=\"twitter:card\" content=\"summary_large_image\" \/>\n<meta name=\"twitter:creator\" content=\"@PolisRecreio\" \/>\n<meta name=\"twitter:site\" content=\"@PolisRecreio\" \/>\n<meta name=\"twitter:label1\" content=\"Est. reading time\">\n\t<meta name=\"twitter:data1\" content=\"1 minuto\">\n<script type=\"application\/ld+json\" class=\"yoast-schema-graph\">{\"@context\":\"https:\/\/schema.org\",\"@graph\":[{\"@type\":\"WebSite\",\"@id\":\"https:\/\/www.polisrecreio.com.br\/site\/#website\",\"url\":\"https:\/\/www.polisrecreio.com.br\/site\/\",\"name\":\"P\\u00f3lis Recreio\",\"description\":\"\",\"potentialAction\":[{\"@type\":\"SearchAction\",\"target\":\"https:\/\/www.polisrecreio.com.br\/site\/?s={search_term_string}\",\"query-input\":\"required name=search_term_string\"}],\"inLanguage\":\"pt-BR\"},{\"@type\":\"ImageObject\",\"@id\":\"https:\/\/www.polisrecreio.com.br\/site\/2022\/10\/17\/unidade-de-cuidados-especiais-do-hospital-sao-sebastiao-sera-inaugurada-quinta-feira-20\/#primaryimage\",\"inLanguage\":\"pt-BR\",\"url\":\"http:\/\/www.polisrecreio.com.br\/site\/wp-content\/uploads\/2017\/11\/HSS1.jpg\"},{\"@type\":\"WebPage\",\"@id\":\"https:\/\/www.polisrecreio.com.br\/site\/2022\/10\/17\/unidade-de-cuidados-especiais-do-hospital-sao-sebastiao-sera-inaugurada-quinta-feira-20\/#webpage\",\"url\":\"https:\/\/www.polisrecreio.com.br\/site\/2022\/10\/17\/unidade-de-cuidados-especiais-do-hospital-sao-sebastiao-sera-inaugurada-quinta-feira-20\/\",\"name\":\"Unidade de Cuidados Especiais do Hospital S\\u00e3o Sebasti\\u00e3o ser\\u00e1 inaugurada quinta-feira (20) - P\\u00f3lis Recreio\",\"isPartOf\":{\"@id\":\"https:\/\/www.polisrecreio.com.br\/site\/#website\"},\"primaryImageOfPage\":{\"@id\":\"https:\/\/www.polisrecreio.com.br\/site\/2022\/10\/17\/unidade-de-cuidados-especiais-do-hospital-sao-sebastiao-sera-inaugurada-quinta-feira-20\/#primaryimage\"},\"datePublished\":\"2022-10-17T19:46:30+00:00\",\"dateModified\":\"2022-10-17T19:46:46+00:00\",\"author\":{\"@id\":\"https:\/\/www.polisrecreio.com.br\/site\/#\/schema\/person\/3363c1c78e1e28e1329d97adb387638e\"},\"inLanguage\":\"pt-BR\",\"potentialAction\":[{\"@type\":\"ReadAction\",\"target\":[\"https:\/\/www.polisrecreio.com.br\/site\/2022\/10\/17\/unidade-de-cuidados-especiais-do-hospital-sao-sebastiao-sera-inaugurada-quinta-feira-20\/\"]}]},{\"@type\":\"Person\",\"@id\":\"https:\/\/www.polisrecreio.com.br\/site\/#\/schema\/person\/3363c1c78e1e28e1329d97adb387638e\",\"name\":\"Leonardo Ribeiro\",\"image\":{\"@type\":\"ImageObject\",\"@id\":\"https:\/\/www.polisrecreio.com.br\/site\/#personlogo\",\"inLanguage\":\"pt-BR\",\"url\":\"https:\/\/secure.gravatar.com\/avatar\/6ba92a37d621e1a83e23710251178a12?s=96&d=mm&r=g\",\"caption\":\"Leonardo Ribeiro\"},\"sameAs\":[\"http:\/\/www.polisrecreio.com.br\"]}]}<\/script>\n<!-- \/ Yoast SEO plugin. -->","_links":{"self":[{"href":"https:\/\/www.polisrecreio.com.br\/site\/wp-json\/wp\/v2\/posts\/24422"}],"collection":[{"href":"https:\/\/www.polisrecreio.com.br\/site\/wp-json\/wp\/v2\/posts"}],"about":[{"href":"https:\/\/www.polisrecreio.com.br\/site\/wp-json\/wp\/v2\/types\/post"}],"author":[{"embeddable":true,"href":"https:\/\/www.polisrecreio.com.br\/site\/wp-json\/wp\/v2\/users\/3"}],"replies":[{"embeddable":true,"href":"https:\/\/www.polisrecreio.com.br\/site\/wp-json\/wp\/v2\/comments?post=24422"}],"version-history":[{"count":1,"href":"https:\/\/www.polisrecreio.com.br\/site\/wp-json\/wp\/v2\/posts\/24422\/revisions"}],"predecessor-version":[{"id":24423,"href":"https:\/\/www.polisrecreio.com.br\/site\/wp-json\/wp\/v2\/posts\/24422\/revisions\/24423"}],"wp:attachment":[{"href":"https:\/\/www.polisrecreio.com.br\/site\/wp-json\/wp\/v2\/media?parent=24422"}],"wp:term":[{"taxonomy":"category","embeddable":true,"href":"https:\/\/www.polisrecreio.com.br\/site\/wp-json\/wp\/v2\/categories?post=24422"},{"taxonomy":"post_tag","embeddable":true,"href":"https:\/\/www.polisrecreio.com.br\/site\/wp-json\/wp\/v2\/tags?post=24422"}],"curies":[{"name":"wp","href":"https:\/\/api.w.org\/{rel}","templated":true}]}}