{"id":24424,"date":"2022-10-18T08:04:23","date_gmt":"2022-10-18T11:04:23","guid":{"rendered":"http:\/\/www.polisrecreio.com.br\/site\/?p=24424"},"modified":"2022-10-18T08:04:23","modified_gmt":"2022-10-18T11:04:23","slug":"recreiense-disputa-campeonato-brasileiro-de-kung-fu-em-goiania","status":"publish","type":"post","link":"https:\/\/www.polisrecreio.com.br\/site\/2022\/10\/18\/recreiense-disputa-campeonato-brasileiro-de-kung-fu-em-goiania\/","title":{"rendered":"Recreiense disputa Campeonato Brasileiro de Kung Fu em Goi\u00e2nia"},"content":{"rendered":"<p style=\"text-align: justify;\">O jovem recreiense, Davi Navarro Carneiro, disputou o 32\u00ba Campeonato Brasileiro de Kung Fu Wushu, entre os dias 13 e 15 de outubro, em Goi\u00e2nia (GO), com a participa\u00e7\u00e3o de atletas de todo o pa\u00eds.<\/p>\n<p><!--more--><\/p>\n<p><a href=\"http:\/\/www.polisrecreio.com.br\/site\/wp-content\/uploads\/2022\/10\/310054553_2824186927713055_76035335542223471_n.jpg\"><img loading=\"lazy\" class=\"aligncenter size-full wp-image-24425\" src=\"http:\/\/www.polisrecreio.com.br\/site\/wp-content\/uploads\/2022\/10\/310054553_2824186927713055_76035335542223471_n.jpg\" alt=\"\" width=\"750\" height=\"566\" srcset=\"https:\/\/www.polisrecreio.com.br\/site\/wp-content\/uploads\/2022\/10\/310054553_2824186927713055_76035335542223471_n.jpg 750w, https:\/\/www.polisrecreio.com.br\/site\/wp-content\/uploads\/2022\/10\/310054553_2824186927713055_76035335542223471_n-300x226.jpg 300w\" sizes=\"(max-width: 750px) 100vw, 750px\" \/><\/a><\/p>\n<p style=\"text-align: justify;\">Davi integrou a equipe da Escola Tang Lang de Kung Fu do Shifu Betinho. Ele ficou em 7\u00ba lugar na sua categoria. Os outros integrantes de Leopoldina, Betinho ganhou duas medalhas de bronze, e Ricardo um bronze.<\/p>\n<p style=\"text-align: justify;\"><em>\u201cS\u00f3 tenho a agradecer ao Shifu Betinho por todos os ensinamentos e todos os conselhos. Agradecer tamb\u00e9m ao Ricardo e ao Igor, que sempre me ajudaram e me ensinaram muito. O Igor nos acompanhou pelas transmiss\u00f5es e nos mandava conselhos, sempre ajudando. Gostar\u00edamos de agradecer a todos os apoiadores que patrocinaram e doa\u00e7\u00e3o para que nossa viagem ao Campeonato fosse poss\u00edvel. Obrigado \u00e0 minha fam\u00edlia por todo o apoio, sem voc\u00eas nada disso seria poss\u00edvel. Agora \u00e9 treinar que ano que vem tem mais! Estou muito orgulhoso e feliz de representar a cidade em que moro, treino e trabalho\u201d<\/em>, disse.<\/p>\n<p style=\"text-align: justify;\">A Escola Tang Lang \u00e9 de Leopoldina e todas as sextas-feiras s\u00e3o feitos os treinamentos no Lions Clube, a partir das 18:30h.<\/p>\n<figure id=\"attachment_24428\" aria-describedby=\"caption-attachment-24428\" style=\"width: 750px\" class=\"wp-caption aligncenter\"><a href=\"http:\/\/www.polisrecreio.com.br\/site\/wp-content\/uploads\/2022\/10\/311665985_2824167664381648_8528087249321867554_n.jpg\"><img loading=\"lazy\" class=\"wp-image-24428 size-full\" src=\"http:\/\/www.polisrecreio.com.br\/site\/wp-content\/uploads\/2022\/10\/311665985_2824167664381648_8528087249321867554_n.jpg\" alt=\"\" width=\"750\" height=\"646\" srcset=\"https:\/\/www.polisrecreio.com.br\/site\/wp-content\/uploads\/2022\/10\/311665985_2824167664381648_8528087249321867554_n.jpg 750w, https:\/\/www.polisrecreio.com.br\/site\/wp-content\/uploads\/2022\/10\/311665985_2824167664381648_8528087249321867554_n-300x258.jpg 300w\" sizes=\"(max-width: 750px) 100vw, 750px\" \/><\/a><figcaption id=\"caption-attachment-24428\" class=\"wp-caption-text\">Davi, Betinho e Ricardo.<\/dd>\n<dd><\/figcaption><\/figure>\n<p><a href=\"http:\/\/www.polisrecreio.com.br\/site\/wp-content\/uploads\/2022\/10\/310224377_2825628297568918_4482997495436667427_n.jpg\"><img loading=\"lazy\" class=\"aligncenter size-full wp-image-24426\" src=\"http:\/\/www.polisrecreio.com.br\/site\/wp-content\/uploads\/2022\/10\/310224377_2825628297568918_4482997495436667427_n.jpg\" alt=\"\" width=\"750\" height=\"667\" srcset=\"https:\/\/www.polisrecreio.com.br\/site\/wp-content\/uploads\/2022\/10\/310224377_2825628297568918_4482997495436667427_n.jpg 750w, https:\/\/www.polisrecreio.com.br\/site\/wp-content\/uploads\/2022\/10\/310224377_2825628297568918_4482997495436667427_n-300x267.jpg 300w\" sizes=\"(max-width: 750px) 100vw, 750px\" \/><\/a><\/p>\n<figure id=\"attachment_24427\" aria-describedby=\"caption-attachment-24427\" style=\"width: 750px\" class=\"wp-caption aligncenter\"><a href=\"http:\/\/www.polisrecreio.com.br\/site\/wp-content\/uploads\/2022\/10\/310436789_2825628264235588_6162201444083541224_n.jpg\"><img loading=\"lazy\" class=\"wp-image-24427 size-full\" src=\"http:\/\/www.polisrecreio.com.br\/site\/wp-content\/uploads\/2022\/10\/310436789_2825628264235588_6162201444083541224_n.jpg\" alt=\"\" width=\"750\" height=\"563\" srcset=\"https:\/\/www.polisrecreio.com.br\/site\/wp-content\/uploads\/2022\/10\/310436789_2825628264235588_6162201444083541224_n.jpg 750w, https:\/\/www.polisrecreio.com.br\/site\/wp-content\/uploads\/2022\/10\/310436789_2825628264235588_6162201444083541224_n-300x225.jpg 300w\" sizes=\"(max-width: 750px) 100vw, 750px\" \/><\/a><figcaption id=\"caption-attachment-24427\" class=\"wp-caption-text\">Ricardo, Betinho, Davi e seu pai, Jo\u00e3o.<\/figcaption><\/figure>\n","protected":false},"excerpt":{"rendered":"<p>O jovem recreiense, Davi Navarro Carneiro, disputou o 32\u00ba Campeonato Brasileiro de Kung Fu Wushu, entre os dias 13 e 15 de outubro, em Goi\u00e2nia (GO), com a participa\u00e7\u00e3o de atletas de todo o pa\u00eds.<\/p>\n","protected":false},"author":3,"featured_media":0,"comment_status":"open","ping_status":"open","sticky":false,"template":"","format":"standard","meta":[],"categories":[4],"tags":[],"yoast_head":"<!-- This site is optimized with the Yoast SEO plugin v15.6.2 - https:\/\/yoast.com\/wordpress\/plugins\/seo\/ -->\n<meta name=\"robots\" content=\"index, follow, max-snippet:-1, max-image-preview:large, max-video-preview:-1\" \/>\n<link rel=\"canonical\" href=\"https:\/\/www.polisrecreio.com.br\/site\/2022\/10\/18\/recreiense-disputa-campeonato-brasileiro-de-kung-fu-em-goiania\/\" \/>\n<meta property=\"og:locale\" content=\"pt_BR\" \/>\n<meta property=\"og:type\" content=\"article\" \/>\n<meta property=\"og:title\" content=\"Recreiense disputa Campeonato Brasileiro de Kung Fu em Goi\u00e2nia - P\u00f3lis Recreio\" \/>\n<meta property=\"og:description\" content=\"O jovem recreiense, Davi Navarro Carneiro, disputou o 32\u00ba Campeonato Brasileiro de Kung Fu Wushu, entre os dias 13 e 15 de outubro, em Goi\u00e2nia (GO), com a participa\u00e7\u00e3o de atletas de todo o pa\u00eds.\" \/>\n<meta property=\"og:url\" content=\"https:\/\/www.polisrecreio.com.br\/site\/2022\/10\/18\/recreiense-disputa-campeonato-brasileiro-de-kung-fu-em-goiania\/\" \/>\n<meta property=\"og:site_name\" content=\"P\u00f3lis Recreio\" \/>\n<meta property=\"article:publisher\" content=\"https:\/\/www.facebook.com\/Site-P%c3%b3lis-Recreio-MG-181941708571019\/\" \/>\n<meta property=\"article:published_time\" content=\"2022-10-18T11:04:23+00:00\" \/>\n<meta property=\"og:image\" content=\"http:\/\/www.polisrecreio.com.br\/site\/wp-content\/uploads\/2022\/10\/310054553_2824186927713055_76035335542223471_n.jpg\" \/>\n<meta name=\"twitter:card\" content=\"summary_large_image\" \/>\n<meta name=\"twitter:creator\" content=\"@PolisRecreio\" \/>\n<meta name=\"twitter:site\" content=\"@PolisRecreio\" \/>\n<meta name=\"twitter:label1\" content=\"Est. reading time\">\n\t<meta name=\"twitter:data1\" content=\"2 minutos\">\n<script type=\"application\/ld+json\" class=\"yoast-schema-graph\">{\"@context\":\"https:\/\/schema.org\",\"@graph\":[{\"@type\":\"WebSite\",\"@id\":\"https:\/\/www.polisrecreio.com.br\/site\/#website\",\"url\":\"https:\/\/www.polisrecreio.com.br\/site\/\",\"name\":\"P\\u00f3lis Recreio\",\"description\":\"\",\"potentialAction\":[{\"@type\":\"SearchAction\",\"target\":\"https:\/\/www.polisrecreio.com.br\/site\/?s={search_term_string}\",\"query-input\":\"required name=search_term_string\"}],\"inLanguage\":\"pt-BR\"},{\"@type\":\"ImageObject\",\"@id\":\"https:\/\/www.polisrecreio.com.br\/site\/2022\/10\/18\/recreiense-disputa-campeonato-brasileiro-de-kung-fu-em-goiania\/#primaryimage\",\"inLanguage\":\"pt-BR\",\"url\":\"http:\/\/www.polisrecreio.com.br\/site\/wp-content\/uploads\/2022\/10\/310054553_2824186927713055_76035335542223471_n.jpg\"},{\"@type\":\"WebPage\",\"@id\":\"https:\/\/www.polisrecreio.com.br\/site\/2022\/10\/18\/recreiense-disputa-campeonato-brasileiro-de-kung-fu-em-goiania\/#webpage\",\"url\":\"https:\/\/www.polisrecreio.com.br\/site\/2022\/10\/18\/recreiense-disputa-campeonato-brasileiro-de-kung-fu-em-goiania\/\",\"name\":\"Recreiense disputa Campeonato Brasileiro de Kung Fu em Goi\\u00e2nia - P\\u00f3lis Recreio\",\"isPartOf\":{\"@id\":\"https:\/\/www.polisrecreio.com.br\/site\/#website\"},\"primaryImageOfPage\":{\"@id\":\"https:\/\/www.polisrecreio.com.br\/site\/2022\/10\/18\/recreiense-disputa-campeonato-brasileiro-de-kung-fu-em-goiania\/#primaryimage\"},\"datePublished\":\"2022-10-18T11:04:23+00:00\",\"dateModified\":\"2022-10-18T11:04:23+00:00\",\"author\":{\"@id\":\"https:\/\/www.polisrecreio.com.br\/site\/#\/schema\/person\/3363c1c78e1e28e1329d97adb387638e\"},\"inLanguage\":\"pt-BR\",\"potentialAction\":[{\"@type\":\"ReadAction\",\"target\":[\"https:\/\/www.polisrecreio.com.br\/site\/2022\/10\/18\/recreiense-disputa-campeonato-brasileiro-de-kung-fu-em-goiania\/\"]}]},{\"@type\":\"Person\",\"@id\":\"https:\/\/www.polisrecreio.com.br\/site\/#\/schema\/person\/3363c1c78e1e28e1329d97adb387638e\",\"name\":\"Leonardo Ribeiro\",\"image\":{\"@type\":\"ImageObject\",\"@id\":\"https:\/\/www.polisrecreio.com.br\/site\/#personlogo\",\"inLanguage\":\"pt-BR\",\"url\":\"https:\/\/secure.gravatar.com\/avatar\/6ba92a37d621e1a83e23710251178a12?s=96&d=mm&r=g\",\"caption\":\"Leonardo Ribeiro\"},\"sameAs\":[\"http:\/\/www.polisrecreio.com.br\"]}]}<\/script>\n<!-- \/ Yoast SEO plugin. -->","_links":{"self":[{"href":"https:\/\/www.polisrecreio.com.br\/site\/wp-json\/wp\/v2\/posts\/24424"}],"collection":[{"href":"https:\/\/www.polisrecreio.com.br\/site\/wp-json\/wp\/v2\/posts"}],"about":[{"href":"https:\/\/www.polisrecreio.com.br\/site\/wp-json\/wp\/v2\/types\/post"}],"author":[{"embeddable":true,"href":"https:\/\/www.polisrecreio.com.br\/site\/wp-json\/wp\/v2\/users\/3"}],"replies":[{"embeddable":true,"href":"https:\/\/www.polisrecreio.com.br\/site\/wp-json\/wp\/v2\/comments?post=24424"}],"version-history":[{"count":2,"href":"https:\/\/www.polisrecreio.com.br\/site\/wp-json\/wp\/v2\/posts\/24424\/revisions"}],"predecessor-version":[{"id":24430,"href":"https:\/\/www.polisrecreio.com.br\/site\/wp-json\/wp\/v2\/posts\/24424\/revisions\/24430"}],"wp:attachment":[{"href":"https:\/\/www.polisrecreio.com.br\/site\/wp-json\/wp\/v2\/media?parent=24424"}],"wp:term":[{"taxonomy":"category","embeddable":true,"href":"https:\/\/www.polisrecreio.com.br\/site\/wp-json\/wp\/v2\/categories?post=24424"},{"taxonomy":"post_tag","embeddable":true,"href":"https:\/\/www.polisrecreio.com.br\/site\/wp-json\/wp\/v2\/tags?post=24424"}],"curies":[{"name":"wp","href":"https:\/\/api.w.org\/{rel}","templated":true}]}}