{"id":2573,"date":"2016-08-08T22:01:31","date_gmt":"2016-08-09T01:01:31","guid":{"rendered":"http:\/\/www.polisrecreio.com.br\/site\/?p=2573"},"modified":"2016-08-08T22:01:31","modified_gmt":"2016-08-09T01:01:31","slug":"sem-chuvas-saae-adota-rodizio-no-abastecimento-de-agua-em-recreio","status":"publish","type":"post","link":"https:\/\/www.polisrecreio.com.br\/site\/2016\/08\/08\/sem-chuvas-saae-adota-rodizio-no-abastecimento-de-agua-em-recreio\/","title":{"rendered":"Sem chuvas, SAAE adota rod\u00edzio no abastecimento de \u00e1gua em Recreio"},"content":{"rendered":"<p style=\"text-align: justify;\">H\u00e1 pelo menos dois meses sem chuvas constantes em Recreio, o Servi\u00e7o Aut\u00f4nomo de \u00c1gua e Esgoto \u201cSAAE\u201d resolveu adotar o sistema de rod\u00edzio no abastecimento de \u00e1gua na cidade. Essa \u00e9 a segunda vez este ano que a medida ser\u00e1 tomada.<\/p>\n<p style=\"text-align: justify;\"><!--more--><\/p>\n<figure id=\"attachment_2574\" aria-describedby=\"caption-attachment-2574\" style=\"width: 960px\" class=\"wp-caption aligncenter\"><a href=\"http:\/\/www.polisrecreio.com.br\/site\/wp-content\/uploads\/2016\/08\/13001297_636127736541097_3130323382615311264_n.jpg\"><img loading=\"lazy\" class=\"size-full wp-image-2574\" src=\"http:\/\/www.polisrecreio.com.br\/site\/wp-content\/uploads\/2016\/08\/13001297_636127736541097_3130323382615311264_n.jpg\" alt=\"Manancial de Recreio. Foto: Arquivo.\" width=\"960\" height=\"558\" srcset=\"https:\/\/www.polisrecreio.com.br\/site\/wp-content\/uploads\/2016\/08\/13001297_636127736541097_3130323382615311264_n.jpg 960w, https:\/\/www.polisrecreio.com.br\/site\/wp-content\/uploads\/2016\/08\/13001297_636127736541097_3130323382615311264_n-300x174.jpg 300w\" sizes=\"(max-width: 960px) 100vw, 960px\" \/><\/a><figcaption id=\"caption-attachment-2574\" class=\"wp-caption-text\">Manancial de Recreio. Foto: Arquivo.<\/figcaption><\/figure>\n<p style=\"text-align: justify;\">Em contato com o Site P\u00f3lis, o diretor da empresa respons\u00e1vel pelo fornecimento de \u00e1gua em Recreio, Ronaldo Lu\u00eds Machado Silva, disse que \u201co rod\u00edzio \u00e9 uma medida preventiva. N\u00e3o h\u00e1 risco de ficar sem \u00e1gua, mas precisamos economizar para n\u00e3o faltar\u201d, completou.<\/p>\n<p style=\"text-align: justify;\">Veja como ficar\u00e3o os hor\u00e1rios de abastecimento a partir de amanh\u00e3 (9):<\/p>\n<p style=\"text-align: justify;\">Bairros acima do Largo Santo Ant\u00f4nio (Botafogo): Abastecimento das 8h \u00e0s 16h: Planalto, Alto do Asilo, Canto da F\u00e1brica, Caxias, Arraial do Sap\u00e9, Mandioca e Hermes Machado e media\u00e7\u00f5es.<\/p>\n<p style=\"text-align: justify;\">Bairros abaixo do Largo Santo Ant\u00f4nio (Botafogo): Abastecimento das 23h \u00e0s 8h: Canto dos Ferreira, Cohab Dr. Iraj\u00e1, Botafogo, Grotinha, Rua da Concei\u00e7\u00e3o, Avenida, Cohab Jos\u00e9 Muniz e media\u00e7\u00f5es.<\/p>\n<p style=\"text-align: justify;\">Maiores informa\u00e7\u00f5es poder\u00e3o ser obtidas pelo telefone (32) 3444-1202.<\/p>\n","protected":false},"excerpt":{"rendered":"<p>H\u00e1 pelo menos dois meses sem chuvas constantes em Recreio, o Servi\u00e7o Aut\u00f4nomo de \u00c1gua e Esgoto \u201cSAAE\u201d resolveu adotar o sistema de rod\u00edzio no abastecimento de \u00e1gua na cidade. Essa \u00e9 a segunda vez este ano que a medida ser\u00e1 tomada.<\/p>\n","protected":false},"author":3,"featured_media":2574,"comment_status":"open","ping_status":"open","sticky":false,"template":"","format":"standard","meta":[],"categories":[6],"tags":[],"yoast_head":"<!-- This site is optimized with the Yoast SEO plugin v15.6.2 - https:\/\/yoast.com\/wordpress\/plugins\/seo\/ -->\n<meta name=\"robots\" content=\"index, follow, max-snippet:-1, max-image-preview:large, max-video-preview:-1\" \/>\n<link rel=\"canonical\" href=\"https:\/\/www.polisrecreio.com.br\/site\/2016\/08\/08\/sem-chuvas-saae-adota-rodizio-no-abastecimento-de-agua-em-recreio\/\" \/>\n<meta property=\"og:locale\" content=\"pt_BR\" \/>\n<meta property=\"og:type\" content=\"article\" \/>\n<meta property=\"og:title\" content=\"Sem chuvas, SAAE adota rod\u00edzio no abastecimento de \u00e1gua em Recreio - P\u00f3lis Recreio\" \/>\n<meta property=\"og:description\" content=\"H\u00e1 pelo menos dois meses sem chuvas constantes em Recreio, o Servi\u00e7o Aut\u00f4nomo de \u00c1gua e Esgoto \u201cSAAE\u201d resolveu adotar o sistema de rod\u00edzio no abastecimento de \u00e1gua na cidade. Essa \u00e9 a segunda vez este ano que a medida ser\u00e1 tomada.\" \/>\n<meta property=\"og:url\" content=\"https:\/\/www.polisrecreio.com.br\/site\/2016\/08\/08\/sem-chuvas-saae-adota-rodizio-no-abastecimento-de-agua-em-recreio\/\" \/>\n<meta property=\"og:site_name\" content=\"P\u00f3lis Recreio\" \/>\n<meta property=\"article:publisher\" content=\"https:\/\/www.facebook.com\/Site-P%c3%b3lis-Recreio-MG-181941708571019\/\" \/>\n<meta property=\"article:published_time\" content=\"2016-08-09T01:01:31+00:00\" \/>\n<meta property=\"og:image\" content=\"https:\/\/www.polisrecreio.com.br\/site\/wp-content\/uploads\/2016\/08\/13001297_636127736541097_3130323382615311264_n.jpg\" \/>\n\t<meta property=\"og:image:width\" content=\"960\" \/>\n\t<meta property=\"og:image:height\" content=\"558\" \/>\n<meta name=\"twitter:card\" content=\"summary_large_image\" \/>\n<meta name=\"twitter:creator\" content=\"@PolisRecreio\" \/>\n<meta name=\"twitter:site\" content=\"@PolisRecreio\" \/>\n<meta name=\"twitter:label1\" content=\"Est. reading time\">\n\t<meta name=\"twitter:data1\" content=\"1 minuto\">\n<script type=\"application\/ld+json\" class=\"yoast-schema-graph\">{\"@context\":\"https:\/\/schema.org\",\"@graph\":[{\"@type\":\"WebSite\",\"@id\":\"https:\/\/www.polisrecreio.com.br\/site\/#website\",\"url\":\"https:\/\/www.polisrecreio.com.br\/site\/\",\"name\":\"P\\u00f3lis Recreio\",\"description\":\"\",\"potentialAction\":[{\"@type\":\"SearchAction\",\"target\":\"https:\/\/www.polisrecreio.com.br\/site\/?s={search_term_string}\",\"query-input\":\"required name=search_term_string\"}],\"inLanguage\":\"pt-BR\"},{\"@type\":\"ImageObject\",\"@id\":\"https:\/\/www.polisrecreio.com.br\/site\/2016\/08\/08\/sem-chuvas-saae-adota-rodizio-no-abastecimento-de-agua-em-recreio\/#primaryimage\",\"inLanguage\":\"pt-BR\",\"url\":\"https:\/\/www.polisrecreio.com.br\/site\/wp-content\/uploads\/2016\/08\/13001297_636127736541097_3130323382615311264_n.jpg\",\"width\":960,\"height\":558,\"caption\":\"Manancial de Recreio. Foto: Arquivo.\"},{\"@type\":\"WebPage\",\"@id\":\"https:\/\/www.polisrecreio.com.br\/site\/2016\/08\/08\/sem-chuvas-saae-adota-rodizio-no-abastecimento-de-agua-em-recreio\/#webpage\",\"url\":\"https:\/\/www.polisrecreio.com.br\/site\/2016\/08\/08\/sem-chuvas-saae-adota-rodizio-no-abastecimento-de-agua-em-recreio\/\",\"name\":\"Sem chuvas, SAAE adota rod\\u00edzio no abastecimento de \\u00e1gua em Recreio - P\\u00f3lis Recreio\",\"isPartOf\":{\"@id\":\"https:\/\/www.polisrecreio.com.br\/site\/#website\"},\"primaryImageOfPage\":{\"@id\":\"https:\/\/www.polisrecreio.com.br\/site\/2016\/08\/08\/sem-chuvas-saae-adota-rodizio-no-abastecimento-de-agua-em-recreio\/#primaryimage\"},\"datePublished\":\"2016-08-09T01:01:31+00:00\",\"dateModified\":\"2016-08-09T01:01:31+00:00\",\"author\":{\"@id\":\"https:\/\/www.polisrecreio.com.br\/site\/#\/schema\/person\/3363c1c78e1e28e1329d97adb387638e\"},\"inLanguage\":\"pt-BR\",\"potentialAction\":[{\"@type\":\"ReadAction\",\"target\":[\"https:\/\/www.polisrecreio.com.br\/site\/2016\/08\/08\/sem-chuvas-saae-adota-rodizio-no-abastecimento-de-agua-em-recreio\/\"]}]},{\"@type\":\"Person\",\"@id\":\"https:\/\/www.polisrecreio.com.br\/site\/#\/schema\/person\/3363c1c78e1e28e1329d97adb387638e\",\"name\":\"Leonardo Ribeiro\",\"image\":{\"@type\":\"ImageObject\",\"@id\":\"https:\/\/www.polisrecreio.com.br\/site\/#personlogo\",\"inLanguage\":\"pt-BR\",\"url\":\"https:\/\/secure.gravatar.com\/avatar\/6ba92a37d621e1a83e23710251178a12?s=96&d=mm&r=g\",\"caption\":\"Leonardo Ribeiro\"},\"sameAs\":[\"http:\/\/www.polisrecreio.com.br\"]}]}<\/script>\n<!-- \/ Yoast SEO plugin. -->","_links":{"self":[{"href":"https:\/\/www.polisrecreio.com.br\/site\/wp-json\/wp\/v2\/posts\/2573"}],"collection":[{"href":"https:\/\/www.polisrecreio.com.br\/site\/wp-json\/wp\/v2\/posts"}],"about":[{"href":"https:\/\/www.polisrecreio.com.br\/site\/wp-json\/wp\/v2\/types\/post"}],"author":[{"embeddable":true,"href":"https:\/\/www.polisrecreio.com.br\/site\/wp-json\/wp\/v2\/users\/3"}],"replies":[{"embeddable":true,"href":"https:\/\/www.polisrecreio.com.br\/site\/wp-json\/wp\/v2\/comments?post=2573"}],"version-history":[{"count":1,"href":"https:\/\/www.polisrecreio.com.br\/site\/wp-json\/wp\/v2\/posts\/2573\/revisions"}],"predecessor-version":[{"id":2575,"href":"https:\/\/www.polisrecreio.com.br\/site\/wp-json\/wp\/v2\/posts\/2573\/revisions\/2575"}],"wp:featuredmedia":[{"embeddable":true,"href":"https:\/\/www.polisrecreio.com.br\/site\/wp-json\/wp\/v2\/media\/2574"}],"wp:attachment":[{"href":"https:\/\/www.polisrecreio.com.br\/site\/wp-json\/wp\/v2\/media?parent=2573"}],"wp:term":[{"taxonomy":"category","embeddable":true,"href":"https:\/\/www.polisrecreio.com.br\/site\/wp-json\/wp\/v2\/categories?post=2573"},{"taxonomy":"post_tag","embeddable":true,"href":"https:\/\/www.polisrecreio.com.br\/site\/wp-json\/wp\/v2\/tags?post=2573"}],"curies":[{"name":"wp","href":"https:\/\/api.w.org\/{rel}","templated":true}]}}