{"id":25758,"date":"2023-07-06T08:15:53","date_gmt":"2023-07-06T11:15:53","guid":{"rendered":"http:\/\/www.polisrecreio.com.br\/site\/?p=25758"},"modified":"2023-07-06T08:15:53","modified_gmt":"2023-07-06T11:15:53","slug":"43a-exposicao-de-recreio-banda-etc-samba-a-la-carte-grupo-bombocado-e-fuxico-xaveco-tambem-serao-atracoes","status":"publish","type":"post","link":"https:\/\/www.polisrecreio.com.br\/site\/2023\/07\/06\/43a-exposicao-de-recreio-banda-etc-samba-a-la-carte-grupo-bombocado-e-fuxico-xaveco-tambem-serao-atracoes\/","title":{"rendered":"43\u00aa Exposi\u00e7\u00e3o de Recreio: Banda ETC, Samba a La Carte, Grupo Bombocado e Fuxico &#038; Xaveco tamb\u00e9m ser\u00e3o atra\u00e7\u00f5es"},"content":{"rendered":"<p style=\"text-align: justify;\">No final deste m\u00eas, de 27 a 30, acontece a 43\u00aa Exposi\u00e7\u00e3o de Recreio e novas atra\u00e7\u00f5es est\u00e3o confirmadas: Banda ETC, Samba a La Carte, Grupo Bombocado e Fuxico &amp; Xaveco.<\/p>\n<p><!--more--><\/p>\n<figure id=\"attachment_2719\" aria-describedby=\"caption-attachment-2719\" style=\"width: 800px\" class=\"wp-caption aligncenter\"><a href=\"http:\/\/www.polisrecreio.com.br\/site\/wp-content\/uploads\/2016\/08\/14080074_1181738611887254_5215678225099145587_n.jpg\"><img loading=\"lazy\" class=\"size-full wp-image-2719\" src=\"http:\/\/www.polisrecreio.com.br\/site\/wp-content\/uploads\/2016\/08\/14080074_1181738611887254_5215678225099145587_n.jpg\" alt=\"\" width=\"800\" height=\"450\" srcset=\"https:\/\/www.polisrecreio.com.br\/site\/wp-content\/uploads\/2016\/08\/14080074_1181738611887254_5215678225099145587_n.jpg 800w, https:\/\/www.polisrecreio.com.br\/site\/wp-content\/uploads\/2016\/08\/14080074_1181738611887254_5215678225099145587_n-300x169.jpg 300w\" sizes=\"(max-width: 800px) 100vw, 800px\" \/><\/a><figcaption id=\"caption-attachment-2719\" class=\"wp-caption-text\">Exposi\u00e7\u00e3o de Recreio. Foto: Arquivo.<\/figcaption><\/figure>\n<p style=\"text-align: justify;\">Confira os principais shows:<\/p>\n<ul>\n<li style=\"text-align: justify;\">5\u00aa feira \u2013 Thiago Martins;<\/li>\n<li style=\"text-align: justify;\">6\u00aa feira \u2013 Banda Onze:20;<\/li>\n<li style=\"text-align: justify;\">S\u00e1bado \u2013 Bruninho &amp; Davi;<\/li>\n<li style=\"text-align: justify;\">Domingo \u2013 Jeito Moleque.<\/li>\n<\/ul>\n<p style=\"text-align: justify;\">A programa\u00e7\u00e3o oficial ainda n\u00e3o foi divulgada pela Prefeitura Municipal.<\/p>\n<p>&nbsp;<\/p>\n","protected":false},"excerpt":{"rendered":"<p>No final deste m\u00eas, de 27 a 30, acontece a 43\u00aa Exposi\u00e7\u00e3o de Recreio e novas atra\u00e7\u00f5es est\u00e3o confirmadas: Banda ETC, Samba a La Carte, Grupo Bombocado e Fuxico &amp; Xaveco.<\/p>\n","protected":false},"author":3,"featured_media":0,"comment_status":"open","ping_status":"open","sticky":false,"template":"","format":"standard","meta":[],"categories":[2],"tags":[],"yoast_head":"<!-- This site is optimized with the Yoast SEO plugin v15.6.2 - https:\/\/yoast.com\/wordpress\/plugins\/seo\/ -->\n<meta name=\"robots\" content=\"index, follow, max-snippet:-1, max-image-preview:large, max-video-preview:-1\" \/>\n<link rel=\"canonical\" href=\"http:\/\/www.polisrecreio.com.br\/site\/2023\/07\/06\/43a-exposicao-de-recreio-banda-etc-samba-a-la-carte-grupo-bombocado-e-fuxico-xaveco-tambem-serao-atracoes\/\" \/>\n<meta property=\"og:locale\" content=\"pt_BR\" \/>\n<meta property=\"og:type\" content=\"article\" \/>\n<meta property=\"og:title\" content=\"43\u00aa Exposi\u00e7\u00e3o de Recreio: Banda ETC, Samba a La Carte, Grupo Bombocado e Fuxico &amp; Xaveco tamb\u00e9m ser\u00e3o atra\u00e7\u00f5es - P\u00f3lis Recreio\" \/>\n<meta property=\"og:description\" content=\"No final deste m\u00eas, de 27 a 30, acontece a 43\u00aa Exposi\u00e7\u00e3o de Recreio e novas atra\u00e7\u00f5es est\u00e3o confirmadas: Banda ETC, Samba a La Carte, Grupo Bombocado e Fuxico &amp; Xaveco.\" \/>\n<meta property=\"og:url\" content=\"http:\/\/www.polisrecreio.com.br\/site\/2023\/07\/06\/43a-exposicao-de-recreio-banda-etc-samba-a-la-carte-grupo-bombocado-e-fuxico-xaveco-tambem-serao-atracoes\/\" \/>\n<meta property=\"og:site_name\" content=\"P\u00f3lis Recreio\" \/>\n<meta property=\"article:publisher\" content=\"https:\/\/www.facebook.com\/Site-P%c3%b3lis-Recreio-MG-181941708571019\/\" \/>\n<meta property=\"article:published_time\" content=\"2023-07-06T11:15:53+00:00\" \/>\n<meta property=\"og:image\" content=\"http:\/\/www.polisrecreio.com.br\/site\/wp-content\/uploads\/2016\/08\/14080074_1181738611887254_5215678225099145587_n.jpg\" \/>\n<meta name=\"twitter:card\" content=\"summary_large_image\" \/>\n<meta name=\"twitter:creator\" content=\"@PolisRecreio\" \/>\n<meta name=\"twitter:site\" content=\"@PolisRecreio\" \/>\n<meta name=\"twitter:label1\" content=\"Est. reading time\">\n\t<meta name=\"twitter:data1\" content=\"1 minuto\">\n<script type=\"application\/ld+json\" class=\"yoast-schema-graph\">{\"@context\":\"https:\/\/schema.org\",\"@graph\":[{\"@type\":\"WebSite\",\"@id\":\"https:\/\/www.polisrecreio.com.br\/site\/#website\",\"url\":\"https:\/\/www.polisrecreio.com.br\/site\/\",\"name\":\"P\\u00f3lis Recreio\",\"description\":\"\",\"potentialAction\":[{\"@type\":\"SearchAction\",\"target\":\"https:\/\/www.polisrecreio.com.br\/site\/?s={search_term_string}\",\"query-input\":\"required name=search_term_string\"}],\"inLanguage\":\"pt-BR\"},{\"@type\":\"ImageObject\",\"@id\":\"http:\/\/www.polisrecreio.com.br\/site\/2023\/07\/06\/43a-exposicao-de-recreio-banda-etc-samba-a-la-carte-grupo-bombocado-e-fuxico-xaveco-tambem-serao-atracoes\/#primaryimage\",\"inLanguage\":\"pt-BR\",\"url\":\"http:\/\/www.polisrecreio.com.br\/site\/wp-content\/uploads\/2016\/08\/14080074_1181738611887254_5215678225099145587_n.jpg\"},{\"@type\":\"WebPage\",\"@id\":\"http:\/\/www.polisrecreio.com.br\/site\/2023\/07\/06\/43a-exposicao-de-recreio-banda-etc-samba-a-la-carte-grupo-bombocado-e-fuxico-xaveco-tambem-serao-atracoes\/#webpage\",\"url\":\"http:\/\/www.polisrecreio.com.br\/site\/2023\/07\/06\/43a-exposicao-de-recreio-banda-etc-samba-a-la-carte-grupo-bombocado-e-fuxico-xaveco-tambem-serao-atracoes\/\",\"name\":\"43\\u00aa Exposi\\u00e7\\u00e3o de Recreio: Banda ETC, Samba a La Carte, Grupo Bombocado e Fuxico & Xaveco tamb\\u00e9m ser\\u00e3o atra\\u00e7\\u00f5es - P\\u00f3lis Recreio\",\"isPartOf\":{\"@id\":\"https:\/\/www.polisrecreio.com.br\/site\/#website\"},\"primaryImageOfPage\":{\"@id\":\"http:\/\/www.polisrecreio.com.br\/site\/2023\/07\/06\/43a-exposicao-de-recreio-banda-etc-samba-a-la-carte-grupo-bombocado-e-fuxico-xaveco-tambem-serao-atracoes\/#primaryimage\"},\"datePublished\":\"2023-07-06T11:15:53+00:00\",\"dateModified\":\"2023-07-06T11:15:53+00:00\",\"author\":{\"@id\":\"https:\/\/www.polisrecreio.com.br\/site\/#\/schema\/person\/3363c1c78e1e28e1329d97adb387638e\"},\"inLanguage\":\"pt-BR\",\"potentialAction\":[{\"@type\":\"ReadAction\",\"target\":[\"http:\/\/www.polisrecreio.com.br\/site\/2023\/07\/06\/43a-exposicao-de-recreio-banda-etc-samba-a-la-carte-grupo-bombocado-e-fuxico-xaveco-tambem-serao-atracoes\/\"]}]},{\"@type\":\"Person\",\"@id\":\"https:\/\/www.polisrecreio.com.br\/site\/#\/schema\/person\/3363c1c78e1e28e1329d97adb387638e\",\"name\":\"Leonardo Ribeiro\",\"image\":{\"@type\":\"ImageObject\",\"@id\":\"https:\/\/www.polisrecreio.com.br\/site\/#personlogo\",\"inLanguage\":\"pt-BR\",\"url\":\"https:\/\/secure.gravatar.com\/avatar\/6ba92a37d621e1a83e23710251178a12?s=96&d=mm&r=g\",\"caption\":\"Leonardo Ribeiro\"},\"sameAs\":[\"http:\/\/www.polisrecreio.com.br\"]}]}<\/script>\n<!-- \/ Yoast SEO plugin. -->","_links":{"self":[{"href":"https:\/\/www.polisrecreio.com.br\/site\/wp-json\/wp\/v2\/posts\/25758"}],"collection":[{"href":"https:\/\/www.polisrecreio.com.br\/site\/wp-json\/wp\/v2\/posts"}],"about":[{"href":"https:\/\/www.polisrecreio.com.br\/site\/wp-json\/wp\/v2\/types\/post"}],"author":[{"embeddable":true,"href":"https:\/\/www.polisrecreio.com.br\/site\/wp-json\/wp\/v2\/users\/3"}],"replies":[{"embeddable":true,"href":"https:\/\/www.polisrecreio.com.br\/site\/wp-json\/wp\/v2\/comments?post=25758"}],"version-history":[{"count":1,"href":"https:\/\/www.polisrecreio.com.br\/site\/wp-json\/wp\/v2\/posts\/25758\/revisions"}],"predecessor-version":[{"id":25759,"href":"https:\/\/www.polisrecreio.com.br\/site\/wp-json\/wp\/v2\/posts\/25758\/revisions\/25759"}],"wp:attachment":[{"href":"https:\/\/www.polisrecreio.com.br\/site\/wp-json\/wp\/v2\/media?parent=25758"}],"wp:term":[{"taxonomy":"category","embeddable":true,"href":"https:\/\/www.polisrecreio.com.br\/site\/wp-json\/wp\/v2\/categories?post=25758"},{"taxonomy":"post_tag","embeddable":true,"href":"https:\/\/www.polisrecreio.com.br\/site\/wp-json\/wp\/v2\/tags?post=25758"}],"curies":[{"name":"wp","href":"https:\/\/api.w.org\/{rel}","templated":true}]}}