{"id":2576,"date":"2016-08-09T21:34:27","date_gmt":"2016-08-10T00:34:27","guid":{"rendered":"http:\/\/www.polisrecreio.com.br\/site\/?p=2576"},"modified":"2016-08-09T21:39:14","modified_gmt":"2016-08-10T00:39:14","slug":"38a-exposicao-de-recreio-custara-r-92-mil","status":"publish","type":"post","link":"https:\/\/www.polisrecreio.com.br\/site\/2016\/08\/09\/38a-exposicao-de-recreio-custara-r-92-mil\/","title":{"rendered":"38\u00aa Exposi\u00e7\u00e3o de Recreio custar\u00e1 R$ 92 mil"},"content":{"rendered":"<p style=\"text-align: justify;\">A 38\u00aa Exposi\u00e7\u00e3o de Recreio, entre os dias 18 e 21 de agosto, custar\u00e1 aos cofres p\u00fablicos o valor de R$ 92 mil. O contrato entre a empresa vencedora do processo de licita\u00e7\u00e3o n\u00ba 051\/2016 \u2013 preg\u00e3o presencial n\u00ba 040\/2016 e a Prefeitura Municipal foi publicado hoje (9) no Di\u00e1rio Oficial dos Munic\u00edpios Mineiros.<\/p>\n<p style=\"text-align: justify;\"><!--more--><\/p>\n<p style=\"text-align: justify;\"><a href=\"http:\/\/www.polisrecreio.com.br\/site\/wp-content\/uploads\/2016\/06\/jota-questi-show-multid\u00e3o.jpg\"><img loading=\"lazy\" class=\"aligncenter size-full wp-image-2217\" src=\"http:\/\/www.polisrecreio.com.br\/site\/wp-content\/uploads\/2016\/06\/jota-questi-show-multid\u00e3o.jpg\" alt=\"jota questi show multid\u00e3o\" width=\"800\" height=\"424\" srcset=\"https:\/\/www.polisrecreio.com.br\/site\/wp-content\/uploads\/2016\/06\/jota-questi-show-multid\u00e3o.jpg 800w, https:\/\/www.polisrecreio.com.br\/site\/wp-content\/uploads\/2016\/06\/jota-questi-show-multid\u00e3o-300x159.jpg 300w\" sizes=\"(max-width: 800px) 100vw, 800px\" \/><\/a><\/p>\n<p style=\"text-align: justify;\">A empresa vencedora do processo licitat\u00f3rio, realizado dia 27 de julho, foi a Santos e Souza Solu\u00e7\u00f5es P\u00fablicas Ltda., da cidade de Guarani (MG), com o nome fantasia EXPOTV Minas Estrutura para Evento, a mesma que organizou a Exposi\u00e7\u00e3o de 2015.<\/p>\n<p style=\"text-align: justify;\">Este ano ser\u00e1 a primeira vez, desde 1979, que a EXPO-Recreio ser\u00e1 em agosto. Tradicionalmente a festa era realizada no \u00faltimo final de semana de julho.<\/p>\n<p style=\"text-align: justify;\">Nos pr\u00f3ximos dias, finalmente, a programa\u00e7\u00e3o do evento dever\u00e1 ser divulgada.<\/p>\n","protected":false},"excerpt":{"rendered":"<p>A 38\u00aa Exposi\u00e7\u00e3o de Recreio, entre os dias 18 e 21 de agosto, custar\u00e1 aos cofres p\u00fablicos o valor de R$ 92 mil. O contrato entre a empresa vencedora do processo de licita\u00e7\u00e3o n\u00ba 051\/2016 \u2013 preg\u00e3o presencial n\u00ba 040\/2016 e a Prefeitura Municipal foi publicado hoje (9) no Di\u00e1rio Oficial dos Munic\u00edpios Mineiros.<\/p>\n","protected":false},"author":3,"featured_media":1980,"comment_status":"open","ping_status":"open","sticky":false,"template":"","format":"standard","meta":[],"categories":[2],"tags":[],"yoast_head":"<!-- This site is optimized with the Yoast SEO plugin v15.6.2 - https:\/\/yoast.com\/wordpress\/plugins\/seo\/ -->\n<meta name=\"robots\" content=\"index, follow, max-snippet:-1, max-image-preview:large, max-video-preview:-1\" \/>\n<link rel=\"canonical\" href=\"http:\/\/www.polisrecreio.com.br\/site\/2016\/08\/09\/38a-exposicao-de-recreio-custara-r-92-mil\/\" \/>\n<meta property=\"og:locale\" content=\"pt_BR\" \/>\n<meta property=\"og:type\" content=\"article\" \/>\n<meta property=\"og:title\" content=\"38\u00aa Exposi\u00e7\u00e3o de Recreio custar\u00e1 R$ 92 mil - P\u00f3lis Recreio\" \/>\n<meta property=\"og:description\" content=\"A 38\u00aa Exposi\u00e7\u00e3o de Recreio, entre os dias 18 e 21 de agosto, custar\u00e1 aos cofres p\u00fablicos o valor de R$ 92 mil. O contrato entre a empresa vencedora do processo de licita\u00e7\u00e3o n\u00ba 051\/2016 \u2013 preg\u00e3o presencial n\u00ba 040\/2016 e a Prefeitura Municipal foi publicado hoje (9) no Di\u00e1rio Oficial dos Munic\u00edpios Mineiros.\" \/>\n<meta property=\"og:url\" content=\"http:\/\/www.polisrecreio.com.br\/site\/2016\/08\/09\/38a-exposicao-de-recreio-custara-r-92-mil\/\" \/>\n<meta property=\"og:site_name\" content=\"P\u00f3lis Recreio\" \/>\n<meta property=\"article:publisher\" content=\"https:\/\/www.facebook.com\/Site-P%c3%b3lis-Recreio-MG-181941708571019\/\" \/>\n<meta property=\"article:published_time\" content=\"2016-08-10T00:34:27+00:00\" \/>\n<meta property=\"article:modified_time\" content=\"2016-08-10T00:39:14+00:00\" \/>\n<meta property=\"og:image\" content=\"https:\/\/www.polisrecreio.com.br\/site\/wp-content\/uploads\/2016\/05\/11885284_928761913834335_987257172644745319_n.jpg\" \/>\n\t<meta property=\"og:image:width\" content=\"800\" \/>\n\t<meta property=\"og:image:height\" content=\"509\" \/>\n<meta name=\"twitter:card\" content=\"summary_large_image\" \/>\n<meta name=\"twitter:creator\" content=\"@PolisRecreio\" \/>\n<meta name=\"twitter:site\" content=\"@PolisRecreio\" \/>\n<meta name=\"twitter:label1\" content=\"Est. reading time\">\n\t<meta name=\"twitter:data1\" content=\"1 minuto\">\n<script type=\"application\/ld+json\" class=\"yoast-schema-graph\">{\"@context\":\"https:\/\/schema.org\",\"@graph\":[{\"@type\":\"WebSite\",\"@id\":\"https:\/\/www.polisrecreio.com.br\/site\/#website\",\"url\":\"https:\/\/www.polisrecreio.com.br\/site\/\",\"name\":\"P\\u00f3lis Recreio\",\"description\":\"\",\"potentialAction\":[{\"@type\":\"SearchAction\",\"target\":\"https:\/\/www.polisrecreio.com.br\/site\/?s={search_term_string}\",\"query-input\":\"required name=search_term_string\"}],\"inLanguage\":\"pt-BR\"},{\"@type\":\"ImageObject\",\"@id\":\"http:\/\/www.polisrecreio.com.br\/site\/2016\/08\/09\/38a-exposicao-de-recreio-custara-r-92-mil\/#primaryimage\",\"inLanguage\":\"pt-BR\",\"url\":\"https:\/\/www.polisrecreio.com.br\/site\/wp-content\/uploads\/2016\/05\/11885284_928761913834335_987257172644745319_n.jpg\",\"width\":800,\"height\":509,\"caption\":\"Exposi\\u00e7\\u00e3o de Recreio 2015. Foto: Lindomar ExpotvMinas.\"},{\"@type\":\"WebPage\",\"@id\":\"http:\/\/www.polisrecreio.com.br\/site\/2016\/08\/09\/38a-exposicao-de-recreio-custara-r-92-mil\/#webpage\",\"url\":\"http:\/\/www.polisrecreio.com.br\/site\/2016\/08\/09\/38a-exposicao-de-recreio-custara-r-92-mil\/\",\"name\":\"38\\u00aa Exposi\\u00e7\\u00e3o de Recreio custar\\u00e1 R$ 92 mil - P\\u00f3lis Recreio\",\"isPartOf\":{\"@id\":\"https:\/\/www.polisrecreio.com.br\/site\/#website\"},\"primaryImageOfPage\":{\"@id\":\"http:\/\/www.polisrecreio.com.br\/site\/2016\/08\/09\/38a-exposicao-de-recreio-custara-r-92-mil\/#primaryimage\"},\"datePublished\":\"2016-08-10T00:34:27+00:00\",\"dateModified\":\"2016-08-10T00:39:14+00:00\",\"author\":{\"@id\":\"https:\/\/www.polisrecreio.com.br\/site\/#\/schema\/person\/3363c1c78e1e28e1329d97adb387638e\"},\"inLanguage\":\"pt-BR\",\"potentialAction\":[{\"@type\":\"ReadAction\",\"target\":[\"http:\/\/www.polisrecreio.com.br\/site\/2016\/08\/09\/38a-exposicao-de-recreio-custara-r-92-mil\/\"]}]},{\"@type\":\"Person\",\"@id\":\"https:\/\/www.polisrecreio.com.br\/site\/#\/schema\/person\/3363c1c78e1e28e1329d97adb387638e\",\"name\":\"Leonardo Ribeiro\",\"image\":{\"@type\":\"ImageObject\",\"@id\":\"https:\/\/www.polisrecreio.com.br\/site\/#personlogo\",\"inLanguage\":\"pt-BR\",\"url\":\"https:\/\/secure.gravatar.com\/avatar\/6ba92a37d621e1a83e23710251178a12?s=96&d=mm&r=g\",\"caption\":\"Leonardo Ribeiro\"},\"sameAs\":[\"http:\/\/www.polisrecreio.com.br\"]}]}<\/script>\n<!-- \/ Yoast SEO plugin. -->","_links":{"self":[{"href":"https:\/\/www.polisrecreio.com.br\/site\/wp-json\/wp\/v2\/posts\/2576"}],"collection":[{"href":"https:\/\/www.polisrecreio.com.br\/site\/wp-json\/wp\/v2\/posts"}],"about":[{"href":"https:\/\/www.polisrecreio.com.br\/site\/wp-json\/wp\/v2\/types\/post"}],"author":[{"embeddable":true,"href":"https:\/\/www.polisrecreio.com.br\/site\/wp-json\/wp\/v2\/users\/3"}],"replies":[{"embeddable":true,"href":"https:\/\/www.polisrecreio.com.br\/site\/wp-json\/wp\/v2\/comments?post=2576"}],"version-history":[{"count":5,"href":"https:\/\/www.polisrecreio.com.br\/site\/wp-json\/wp\/v2\/posts\/2576\/revisions"}],"predecessor-version":[{"id":2581,"href":"https:\/\/www.polisrecreio.com.br\/site\/wp-json\/wp\/v2\/posts\/2576\/revisions\/2581"}],"wp:featuredmedia":[{"embeddable":true,"href":"https:\/\/www.polisrecreio.com.br\/site\/wp-json\/wp\/v2\/media\/1980"}],"wp:attachment":[{"href":"https:\/\/www.polisrecreio.com.br\/site\/wp-json\/wp\/v2\/media?parent=2576"}],"wp:term":[{"taxonomy":"category","embeddable":true,"href":"https:\/\/www.polisrecreio.com.br\/site\/wp-json\/wp\/v2\/categories?post=2576"},{"taxonomy":"post_tag","embeddable":true,"href":"https:\/\/www.polisrecreio.com.br\/site\/wp-json\/wp\/v2\/tags?post=2576"}],"curies":[{"name":"wp","href":"https:\/\/api.w.org\/{rel}","templated":true}]}}