{"id":2582,"date":"2016-08-10T17:39:13","date_gmt":"2016-08-10T20:39:13","guid":{"rendered":"http:\/\/www.polisrecreio.com.br\/site\/?p=2582"},"modified":"2016-08-10T18:13:41","modified_gmt":"2016-08-10T21:13:41","slug":"calcamentos-no-planalto-sao-paralisados-e-construtora-e-notificada","status":"publish","type":"post","link":"https:\/\/www.polisrecreio.com.br\/site\/2016\/08\/10\/calcamentos-no-planalto-sao-paralisados-e-construtora-e-notificada\/","title":{"rendered":"Cal\u00e7amentos no Planalto s\u00e3o paralisados e construtora \u00e9 notificada"},"content":{"rendered":"<p style=\"text-align: justify;\">A esperan\u00e7a dos moradores do bairro Planalto de ver conclu\u00eddo os cal\u00e7amentos com blocos sextavados das ruas Augusto Lacerda Machado e Cremilda Martins de Almeida, iniciado em 30 de junho, est\u00e1 sendo prorrogada. A construtora respons\u00e1vel paralisou a obra e essa semana ela foi notificada extrajudicialmente pela Prefeitura Municipal.<\/p>\n<p style=\"text-align: justify;\"><!--more--><\/p>\n<figure id=\"attachment_2583\" aria-describedby=\"caption-attachment-2583\" style=\"width: 800px\" class=\"wp-caption aligncenter\"><a href=\"http:\/\/www.polisrecreio.com.br\/site\/wp-content\/uploads\/2016\/08\/100_4227.jpg\"><img loading=\"lazy\" class=\"size-full wp-image-2583\" src=\"http:\/\/www.polisrecreio.com.br\/site\/wp-content\/uploads\/2016\/08\/100_4227.jpg\" alt=\"Placa informativa da obra no Planalto.\" width=\"800\" height=\"600\" srcset=\"https:\/\/www.polisrecreio.com.br\/site\/wp-content\/uploads\/2016\/08\/100_4227.jpg 800w, https:\/\/www.polisrecreio.com.br\/site\/wp-content\/uploads\/2016\/08\/100_4227-300x225.jpg 300w\" sizes=\"(max-width: 800px) 100vw, 800px\" \/><\/a><figcaption id=\"caption-attachment-2583\" class=\"wp-caption-text\">Placa informativa da obra no Planalto.<\/figcaption><\/figure>\n<p style=\"text-align: justify;\">As pavimenta\u00e7\u00f5es no Planalto t\u00eam investimentos do Governo Federal, com or\u00e7amento de R$ 248.787,55 e a previs\u00e3o de conclus\u00e3o \u00e9 para dia 29 de setembro, por\u00e9m, h\u00e1 mais de 1 m\u00eas que nenhuma atividade relacionada aos servi\u00e7os est\u00e3o sendo realizado no bairro.<\/p>\n<p style=\"text-align: justify;\">No in\u00edcio deste ano as duas vias receberam a instala\u00e7\u00e3o da rede de esgoto, em obra do SAAE. Agora, resta a implanta\u00e7\u00e3o da rede de drenagem pluvial, de responsabilidade da Prefeitura. Na Rua Augusto Lacerda Machado, os meios fios j\u00e1 foram montados, faltando o mesmo ser feito na Cremilda Martins de Almeida.<\/p>\n<figure id=\"attachment_2584\" aria-describedby=\"caption-attachment-2584\" style=\"width: 800px\" class=\"wp-caption aligncenter\"><a href=\"http:\/\/www.polisrecreio.com.br\/site\/wp-content\/uploads\/2016\/08\/100_4228.jpg\"><img loading=\"lazy\" class=\"size-full wp-image-2584\" src=\"http:\/\/www.polisrecreio.com.br\/site\/wp-content\/uploads\/2016\/08\/100_4228.jpg\" alt=\"Rua Cremildas Martins de Almeida e Augusto Lacerda Machado.\" width=\"800\" height=\"600\" srcset=\"https:\/\/www.polisrecreio.com.br\/site\/wp-content\/uploads\/2016\/08\/100_4228.jpg 800w, https:\/\/www.polisrecreio.com.br\/site\/wp-content\/uploads\/2016\/08\/100_4228-300x225.jpg 300w\" sizes=\"(max-width: 800px) 100vw, 800px\" \/><\/a><figcaption id=\"caption-attachment-2584\" class=\"wp-caption-text\">Rua Cremildas Martins de Almeida e Augusto Lacerda Machado.<\/figcaption><\/figure>\n<p style=\"text-align: justify;\">Na notifica\u00e7\u00e3o extrajudicial, a Prefeitura Municipal pede que a empresa Construtora Irm\u00e3os Ltda. \u2013 EPP, da cidade de S\u00e3o Jo\u00e3o do Manhua\u00e7u (MG), vencedora do Processo de Licita\u00e7\u00e3o n\u00ba 034\/2016 &#8211; Tomada de Pre\u00e7o n\u00ba 004\/2016, reinicie as obras que foram paralisadas sem justificativa pr\u00e9via no prazo de 24 horas. O aviso tem a data de 8 de agosto. Caso a construtora n\u00e3o retorne as obras a administra\u00e7\u00e3o municipal aplicar\u00e1 as penalidades elencas na legisla\u00e7\u00e3o pertinente.<\/p>\n","protected":false},"excerpt":{"rendered":"<p>A esperan\u00e7a dos moradores do bairro Planalto de ver conclu\u00eddo os cal\u00e7amentos com blocos sextavados das ruas Augusto Lacerda Machado e Cremilda Martins de Almeida, iniciado em 30 de junho, est\u00e1 sendo prorrogada. A construtora respons\u00e1vel paralisou a obra e essa semana ela foi notificada extrajudicialmente pela Prefeitura Municipal.<\/p>\n","protected":false},"author":3,"featured_media":2583,"comment_status":"open","ping_status":"open","sticky":false,"template":"","format":"standard","meta":[],"categories":[6],"tags":[],"yoast_head":"<!-- This site is optimized with the Yoast SEO plugin v15.6.2 - https:\/\/yoast.com\/wordpress\/plugins\/seo\/ -->\n<meta name=\"robots\" content=\"index, follow, max-snippet:-1, max-image-preview:large, max-video-preview:-1\" \/>\n<link rel=\"canonical\" href=\"https:\/\/www.polisrecreio.com.br\/site\/2016\/08\/10\/calcamentos-no-planalto-sao-paralisados-e-construtora-e-notificada\/\" \/>\n<meta property=\"og:locale\" content=\"pt_BR\" \/>\n<meta property=\"og:type\" content=\"article\" \/>\n<meta property=\"og:title\" content=\"Cal\u00e7amentos no Planalto s\u00e3o paralisados e construtora \u00e9 notificada - P\u00f3lis Recreio\" \/>\n<meta property=\"og:description\" content=\"A esperan\u00e7a dos moradores do bairro Planalto de ver conclu\u00eddo os cal\u00e7amentos com blocos sextavados das ruas Augusto Lacerda Machado e Cremilda Martins de Almeida, iniciado em 30 de junho, est\u00e1 sendo prorrogada. A construtora respons\u00e1vel paralisou a obra e essa semana ela foi notificada extrajudicialmente pela Prefeitura Municipal.\" \/>\n<meta property=\"og:url\" content=\"https:\/\/www.polisrecreio.com.br\/site\/2016\/08\/10\/calcamentos-no-planalto-sao-paralisados-e-construtora-e-notificada\/\" \/>\n<meta property=\"og:site_name\" content=\"P\u00f3lis Recreio\" \/>\n<meta property=\"article:publisher\" content=\"https:\/\/www.facebook.com\/Site-P%c3%b3lis-Recreio-MG-181941708571019\/\" \/>\n<meta property=\"article:published_time\" content=\"2016-08-10T20:39:13+00:00\" \/>\n<meta property=\"article:modified_time\" content=\"2016-08-10T21:13:41+00:00\" \/>\n<meta property=\"og:image\" content=\"https:\/\/www.polisrecreio.com.br\/site\/wp-content\/uploads\/2016\/08\/100_4227.jpg\" \/>\n\t<meta property=\"og:image:width\" content=\"800\" \/>\n\t<meta property=\"og:image:height\" content=\"600\" \/>\n<meta name=\"twitter:card\" content=\"summary_large_image\" \/>\n<meta name=\"twitter:creator\" content=\"@PolisRecreio\" \/>\n<meta name=\"twitter:site\" content=\"@PolisRecreio\" \/>\n<meta name=\"twitter:label1\" content=\"Est. reading time\">\n\t<meta name=\"twitter:data1\" content=\"1 minuto\">\n<script type=\"application\/ld+json\" class=\"yoast-schema-graph\">{\"@context\":\"https:\/\/schema.org\",\"@graph\":[{\"@type\":\"WebSite\",\"@id\":\"https:\/\/www.polisrecreio.com.br\/site\/#website\",\"url\":\"https:\/\/www.polisrecreio.com.br\/site\/\",\"name\":\"P\\u00f3lis Recreio\",\"description\":\"\",\"potentialAction\":[{\"@type\":\"SearchAction\",\"target\":\"https:\/\/www.polisrecreio.com.br\/site\/?s={search_term_string}\",\"query-input\":\"required name=search_term_string\"}],\"inLanguage\":\"pt-BR\"},{\"@type\":\"ImageObject\",\"@id\":\"https:\/\/www.polisrecreio.com.br\/site\/2016\/08\/10\/calcamentos-no-planalto-sao-paralisados-e-construtora-e-notificada\/#primaryimage\",\"inLanguage\":\"pt-BR\",\"url\":\"https:\/\/www.polisrecreio.com.br\/site\/wp-content\/uploads\/2016\/08\/100_4227.jpg\",\"width\":800,\"height\":600,\"caption\":\"Placa informativa da obra no Planalto.\"},{\"@type\":\"WebPage\",\"@id\":\"https:\/\/www.polisrecreio.com.br\/site\/2016\/08\/10\/calcamentos-no-planalto-sao-paralisados-e-construtora-e-notificada\/#webpage\",\"url\":\"https:\/\/www.polisrecreio.com.br\/site\/2016\/08\/10\/calcamentos-no-planalto-sao-paralisados-e-construtora-e-notificada\/\",\"name\":\"Cal\\u00e7amentos no Planalto s\\u00e3o paralisados e construtora \\u00e9 notificada - P\\u00f3lis Recreio\",\"isPartOf\":{\"@id\":\"https:\/\/www.polisrecreio.com.br\/site\/#website\"},\"primaryImageOfPage\":{\"@id\":\"https:\/\/www.polisrecreio.com.br\/site\/2016\/08\/10\/calcamentos-no-planalto-sao-paralisados-e-construtora-e-notificada\/#primaryimage\"},\"datePublished\":\"2016-08-10T20:39:13+00:00\",\"dateModified\":\"2016-08-10T21:13:41+00:00\",\"author\":{\"@id\":\"https:\/\/www.polisrecreio.com.br\/site\/#\/schema\/person\/3363c1c78e1e28e1329d97adb387638e\"},\"inLanguage\":\"pt-BR\",\"potentialAction\":[{\"@type\":\"ReadAction\",\"target\":[\"https:\/\/www.polisrecreio.com.br\/site\/2016\/08\/10\/calcamentos-no-planalto-sao-paralisados-e-construtora-e-notificada\/\"]}]},{\"@type\":\"Person\",\"@id\":\"https:\/\/www.polisrecreio.com.br\/site\/#\/schema\/person\/3363c1c78e1e28e1329d97adb387638e\",\"name\":\"Leonardo Ribeiro\",\"image\":{\"@type\":\"ImageObject\",\"@id\":\"https:\/\/www.polisrecreio.com.br\/site\/#personlogo\",\"inLanguage\":\"pt-BR\",\"url\":\"https:\/\/secure.gravatar.com\/avatar\/6ba92a37d621e1a83e23710251178a12?s=96&d=mm&r=g\",\"caption\":\"Leonardo Ribeiro\"},\"sameAs\":[\"http:\/\/www.polisrecreio.com.br\"]}]}<\/script>\n<!-- \/ Yoast SEO plugin. -->","_links":{"self":[{"href":"https:\/\/www.polisrecreio.com.br\/site\/wp-json\/wp\/v2\/posts\/2582"}],"collection":[{"href":"https:\/\/www.polisrecreio.com.br\/site\/wp-json\/wp\/v2\/posts"}],"about":[{"href":"https:\/\/www.polisrecreio.com.br\/site\/wp-json\/wp\/v2\/types\/post"}],"author":[{"embeddable":true,"href":"https:\/\/www.polisrecreio.com.br\/site\/wp-json\/wp\/v2\/users\/3"}],"replies":[{"embeddable":true,"href":"https:\/\/www.polisrecreio.com.br\/site\/wp-json\/wp\/v2\/comments?post=2582"}],"version-history":[{"count":6,"href":"https:\/\/www.polisrecreio.com.br\/site\/wp-json\/wp\/v2\/posts\/2582\/revisions"}],"predecessor-version":[{"id":2590,"href":"https:\/\/www.polisrecreio.com.br\/site\/wp-json\/wp\/v2\/posts\/2582\/revisions\/2590"}],"wp:featuredmedia":[{"embeddable":true,"href":"https:\/\/www.polisrecreio.com.br\/site\/wp-json\/wp\/v2\/media\/2583"}],"wp:attachment":[{"href":"https:\/\/www.polisrecreio.com.br\/site\/wp-json\/wp\/v2\/media?parent=2582"}],"wp:term":[{"taxonomy":"category","embeddable":true,"href":"https:\/\/www.polisrecreio.com.br\/site\/wp-json\/wp\/v2\/categories?post=2582"},{"taxonomy":"post_tag","embeddable":true,"href":"https:\/\/www.polisrecreio.com.br\/site\/wp-json\/wp\/v2\/tags?post=2582"}],"curies":[{"name":"wp","href":"https:\/\/api.w.org\/{rel}","templated":true}]}}