{"id":25892,"date":"2023-07-26T14:12:19","date_gmt":"2023-07-26T17:12:19","guid":{"rendered":"http:\/\/www.polisrecreio.com.br\/site\/?p=25892"},"modified":"2023-07-26T14:12:48","modified_gmt":"2023-07-26T17:12:48","slug":"shows-da-43a-exposicao-de-recreio-comecam-amanha-27","status":"publish","type":"post","link":"https:\/\/www.polisrecreio.com.br\/site\/2023\/07\/26\/shows-da-43a-exposicao-de-recreio-comecam-amanha-27\/","title":{"rendered":"Shows da 43\u00aa Exposi\u00e7\u00e3o de Recreio come\u00e7am amanh\u00e3 (27)"},"content":{"rendered":"<p style=\"text-align: justify;\">Os shows da 43\u00aa Exposi\u00e7\u00e3o de Recreio come\u00e7am amanh\u00e3 (27). Os principais cantores e bandas desta edi\u00e7\u00e3o ser\u00e3o: Thiago Martins (5\u00aa feira), Banda Onze 20 (6\u00aa feira), Bruninho &amp; Davi (s\u00e1bado) e Jeito Moleque (domingo).<\/p>\n<p><!--more--><\/p>\n<figure id=\"attachment_2719\" aria-describedby=\"caption-attachment-2719\" style=\"width: 800px\" class=\"wp-caption aligncenter\"><a href=\"http:\/\/www.polisrecreio.com.br\/site\/wp-content\/uploads\/2016\/08\/14080074_1181738611887254_5215678225099145587_n.jpg\"><img loading=\"lazy\" class=\"size-full wp-image-2719\" src=\"http:\/\/www.polisrecreio.com.br\/site\/wp-content\/uploads\/2016\/08\/14080074_1181738611887254_5215678225099145587_n.jpg\" alt=\"\" width=\"800\" height=\"450\" srcset=\"https:\/\/www.polisrecreio.com.br\/site\/wp-content\/uploads\/2016\/08\/14080074_1181738611887254_5215678225099145587_n.jpg 800w, https:\/\/www.polisrecreio.com.br\/site\/wp-content\/uploads\/2016\/08\/14080074_1181738611887254_5215678225099145587_n-300x169.jpg 300w\" sizes=\"(max-width: 800px) 100vw, 800px\" \/><\/a><figcaption id=\"caption-attachment-2719\" class=\"wp-caption-text\">Exposi\u00e7\u00e3o. Foto: Arquivo.<\/figcaption><\/figure>\n<p style=\"text-align: justify;\">A festa ainda contar\u00e1 com concursos de Miss e de Calouros, show infantil, sorteio de pr\u00eamios em benef\u00edcio ao Hospital S\u00e3o Sebasti\u00e3o e o tradicional concurso leiteiro.<\/p>\n<p style=\"text-align: justify;\">O evento \u00e9 organizado pela Prefeitura Municipal.<\/p>\n<p><a href=\"http:\/\/www.polisrecreio.com.br\/site\/wp-content\/uploads\/2023\/07\/362931177_612728390964871_8305842348559677310_n.jpg\"><img loading=\"lazy\" class=\"aligncenter size-full wp-image-25881\" src=\"http:\/\/www.polisrecreio.com.br\/site\/wp-content\/uploads\/2023\/07\/362931177_612728390964871_8305842348559677310_n.jpg\" alt=\"\" width=\"1080\" height=\"1350\" srcset=\"https:\/\/www.polisrecreio.com.br\/site\/wp-content\/uploads\/2023\/07\/362931177_612728390964871_8305842348559677310_n.jpg 1080w, https:\/\/www.polisrecreio.com.br\/site\/wp-content\/uploads\/2023\/07\/362931177_612728390964871_8305842348559677310_n-240x300.jpg 240w, https:\/\/www.polisrecreio.com.br\/site\/wp-content\/uploads\/2023\/07\/362931177_612728390964871_8305842348559677310_n-819x1024.jpg 819w, https:\/\/www.polisrecreio.com.br\/site\/wp-content\/uploads\/2023\/07\/362931177_612728390964871_8305842348559677310_n-768x960.jpg 768w\" sizes=\"(max-width: 1080px) 100vw, 1080px\" \/><\/a><\/p>\n<p><strong>Programa\u00e7\u00e3o<\/strong><\/p>\n<p>Quinta (27\/07):<\/p>\n<ul>\n<li>19h: Abertura<\/li>\n<li>21h: Miss Recreio 2023<\/li>\n<li>23h59: Show com Thiago Martins<\/li>\n<li>02h: Show com o Grupo Batuque De 2<\/li>\n<\/ul>\n<p>Sexta (28\/07):<\/p>\n<ul>\n<li>19h: Show De Calouros<\/li>\n<li>22h30: Show com o Grupo Samba A La Carte<\/li>\n<li>23h59: Show com a Banda Onze:20<\/li>\n<li>02h: Show com a Banda ETC<\/li>\n<\/ul>\n<p>S\u00e1bado (29\/07):<\/p>\n<ul>\n<li>19h: Show com MC Gago<\/li>\n<li>20h: Show com o Trio Trilho<\/li>\n<li>22h30: Show com a Banda Urbana Legio<\/li>\n<li>23h59: Show com a dupla Bruninho &amp; Davi<\/li>\n<li>02h: Show com o Grupo Bombocado<\/li>\n<\/ul>\n<p>Domingo (30\/07):<\/p>\n<ul>\n<li>19h: Show Infantil com Fuxico &amp; Xaveco<\/li>\n<li>21h: Sorteio Hospital S\u00e3o Sebasti\u00e3o<\/li>\n<li>21h45: Show com Mix Dancy<\/li>\n<li>22h30: Show com o Grupo Jeito Moleque<\/li>\n<\/ul>\n<p><strong>Concurso Leiteiro<\/strong><\/p>\n<ul>\n<li>26\/07 \u2013 quarta-feira<\/li>\n<\/ul>\n<p>20:00h esgota dos animais<\/p>\n<ul>\n<li>27\/07 \u2013 quinta-feira<\/li>\n<\/ul>\n<p>08:00h 1\u2070 ordenha<\/p>\n<p>20:00h 2\u2070 ordenha<\/p>\n<ul>\n<li>28\/07 \u2013 sexta-feira<\/li>\n<\/ul>\n<p>08:00h 3\u2070 ordenha<\/p>\n<p>20:00h 4\u2070 ordenha<\/p>\n<ul>\n<li>29\/07 \u2013 s\u00e1bado<\/li>\n<\/ul>\n<p>08:00h 5\u2070 ordenha<\/p>\n<p>20:00h 6\u2070 ordenha<\/p>\n<p>22:00h Premia\u00e7\u00f5es<\/p>\n","protected":false},"excerpt":{"rendered":"<p>Os shows da 43\u00aa Exposi\u00e7\u00e3o de Recreio come\u00e7am amanh\u00e3 (27). Os principais cantores e bandas desta edi\u00e7\u00e3o ser\u00e3o: Thiago Martins (5\u00aa feira), Banda Onze 20 (6\u00aa feira), Bruninho &amp; Davi (s\u00e1bado) e Jeito Moleque (domingo).<\/p>\n","protected":false},"author":3,"featured_media":0,"comment_status":"open","ping_status":"open","sticky":false,"template":"","format":"standard","meta":[],"categories":[2],"tags":[],"yoast_head":"<!-- This site is optimized with the Yoast SEO plugin v15.6.2 - https:\/\/yoast.com\/wordpress\/plugins\/seo\/ -->\n<meta name=\"robots\" content=\"index, follow, max-snippet:-1, max-image-preview:large, max-video-preview:-1\" \/>\n<link rel=\"canonical\" href=\"https:\/\/www.polisrecreio.com.br\/site\/2023\/07\/26\/shows-da-43a-exposicao-de-recreio-comecam-amanha-27\/\" \/>\n<meta property=\"og:locale\" content=\"pt_BR\" \/>\n<meta property=\"og:type\" content=\"article\" \/>\n<meta property=\"og:title\" content=\"Shows da 43\u00aa Exposi\u00e7\u00e3o de Recreio come\u00e7am amanh\u00e3 (27) - P\u00f3lis Recreio\" \/>\n<meta property=\"og:description\" content=\"Os shows da 43\u00aa Exposi\u00e7\u00e3o de Recreio come\u00e7am amanh\u00e3 (27). Os principais cantores e bandas desta edi\u00e7\u00e3o ser\u00e3o: Thiago Martins (5\u00aa feira), Banda Onze 20 (6\u00aa feira), Bruninho &amp; Davi (s\u00e1bado) e Jeito Moleque (domingo).\" \/>\n<meta property=\"og:url\" content=\"https:\/\/www.polisrecreio.com.br\/site\/2023\/07\/26\/shows-da-43a-exposicao-de-recreio-comecam-amanha-27\/\" \/>\n<meta property=\"og:site_name\" content=\"P\u00f3lis Recreio\" \/>\n<meta property=\"article:publisher\" content=\"https:\/\/www.facebook.com\/Site-P%c3%b3lis-Recreio-MG-181941708571019\/\" \/>\n<meta property=\"article:published_time\" content=\"2023-07-26T17:12:19+00:00\" \/>\n<meta property=\"article:modified_time\" content=\"2023-07-26T17:12:48+00:00\" \/>\n<meta property=\"og:image\" content=\"http:\/\/www.polisrecreio.com.br\/site\/wp-content\/uploads\/2016\/08\/14080074_1181738611887254_5215678225099145587_n.jpg\" \/>\n<meta name=\"twitter:card\" content=\"summary_large_image\" \/>\n<meta name=\"twitter:creator\" content=\"@PolisRecreio\" \/>\n<meta name=\"twitter:site\" content=\"@PolisRecreio\" \/>\n<meta name=\"twitter:label1\" content=\"Est. reading time\">\n\t<meta name=\"twitter:data1\" content=\"2 minutos\">\n<script type=\"application\/ld+json\" class=\"yoast-schema-graph\">{\"@context\":\"https:\/\/schema.org\",\"@graph\":[{\"@type\":\"WebSite\",\"@id\":\"https:\/\/www.polisrecreio.com.br\/site\/#website\",\"url\":\"https:\/\/www.polisrecreio.com.br\/site\/\",\"name\":\"P\\u00f3lis Recreio\",\"description\":\"\",\"potentialAction\":[{\"@type\":\"SearchAction\",\"target\":\"https:\/\/www.polisrecreio.com.br\/site\/?s={search_term_string}\",\"query-input\":\"required name=search_term_string\"}],\"inLanguage\":\"pt-BR\"},{\"@type\":\"ImageObject\",\"@id\":\"https:\/\/www.polisrecreio.com.br\/site\/2023\/07\/26\/shows-da-43a-exposicao-de-recreio-comecam-amanha-27\/#primaryimage\",\"inLanguage\":\"pt-BR\",\"url\":\"http:\/\/www.polisrecreio.com.br\/site\/wp-content\/uploads\/2016\/08\/14080074_1181738611887254_5215678225099145587_n.jpg\"},{\"@type\":\"WebPage\",\"@id\":\"https:\/\/www.polisrecreio.com.br\/site\/2023\/07\/26\/shows-da-43a-exposicao-de-recreio-comecam-amanha-27\/#webpage\",\"url\":\"https:\/\/www.polisrecreio.com.br\/site\/2023\/07\/26\/shows-da-43a-exposicao-de-recreio-comecam-amanha-27\/\",\"name\":\"Shows da 43\\u00aa Exposi\\u00e7\\u00e3o de Recreio come\\u00e7am amanh\\u00e3 (27) - P\\u00f3lis Recreio\",\"isPartOf\":{\"@id\":\"https:\/\/www.polisrecreio.com.br\/site\/#website\"},\"primaryImageOfPage\":{\"@id\":\"https:\/\/www.polisrecreio.com.br\/site\/2023\/07\/26\/shows-da-43a-exposicao-de-recreio-comecam-amanha-27\/#primaryimage\"},\"datePublished\":\"2023-07-26T17:12:19+00:00\",\"dateModified\":\"2023-07-26T17:12:48+00:00\",\"author\":{\"@id\":\"https:\/\/www.polisrecreio.com.br\/site\/#\/schema\/person\/3363c1c78e1e28e1329d97adb387638e\"},\"inLanguage\":\"pt-BR\",\"potentialAction\":[{\"@type\":\"ReadAction\",\"target\":[\"https:\/\/www.polisrecreio.com.br\/site\/2023\/07\/26\/shows-da-43a-exposicao-de-recreio-comecam-amanha-27\/\"]}]},{\"@type\":\"Person\",\"@id\":\"https:\/\/www.polisrecreio.com.br\/site\/#\/schema\/person\/3363c1c78e1e28e1329d97adb387638e\",\"name\":\"Leonardo Ribeiro\",\"image\":{\"@type\":\"ImageObject\",\"@id\":\"https:\/\/www.polisrecreio.com.br\/site\/#personlogo\",\"inLanguage\":\"pt-BR\",\"url\":\"https:\/\/secure.gravatar.com\/avatar\/6ba92a37d621e1a83e23710251178a12?s=96&d=mm&r=g\",\"caption\":\"Leonardo Ribeiro\"},\"sameAs\":[\"http:\/\/www.polisrecreio.com.br\"]}]}<\/script>\n<!-- \/ Yoast SEO plugin. -->","_links":{"self":[{"href":"https:\/\/www.polisrecreio.com.br\/site\/wp-json\/wp\/v2\/posts\/25892"}],"collection":[{"href":"https:\/\/www.polisrecreio.com.br\/site\/wp-json\/wp\/v2\/posts"}],"about":[{"href":"https:\/\/www.polisrecreio.com.br\/site\/wp-json\/wp\/v2\/types\/post"}],"author":[{"embeddable":true,"href":"https:\/\/www.polisrecreio.com.br\/site\/wp-json\/wp\/v2\/users\/3"}],"replies":[{"embeddable":true,"href":"https:\/\/www.polisrecreio.com.br\/site\/wp-json\/wp\/v2\/comments?post=25892"}],"version-history":[{"count":2,"href":"https:\/\/www.polisrecreio.com.br\/site\/wp-json\/wp\/v2\/posts\/25892\/revisions"}],"predecessor-version":[{"id":25894,"href":"https:\/\/www.polisrecreio.com.br\/site\/wp-json\/wp\/v2\/posts\/25892\/revisions\/25894"}],"wp:attachment":[{"href":"https:\/\/www.polisrecreio.com.br\/site\/wp-json\/wp\/v2\/media?parent=25892"}],"wp:term":[{"taxonomy":"category","embeddable":true,"href":"https:\/\/www.polisrecreio.com.br\/site\/wp-json\/wp\/v2\/categories?post=25892"},{"taxonomy":"post_tag","embeddable":true,"href":"https:\/\/www.polisrecreio.com.br\/site\/wp-json\/wp\/v2\/tags?post=25892"}],"curies":[{"name":"wp","href":"https:\/\/api.w.org\/{rel}","templated":true}]}}