{"id":2591,"date":"2016-08-10T20:39:32","date_gmt":"2016-08-10T23:39:32","guid":{"rendered":"http:\/\/www.polisrecreio.com.br\/site\/?p=2591"},"modified":"2016-08-11T15:21:32","modified_gmt":"2016-08-11T18:21:32","slug":"programacao-da-38a-exposicao-de-recreio-finalmente-e-apresentada","status":"publish","type":"post","link":"https:\/\/www.polisrecreio.com.br\/site\/2016\/08\/10\/programacao-da-38a-exposicao-de-recreio-finalmente-e-apresentada\/","title":{"rendered":"Programa\u00e7\u00e3o da 38\u00aa Exposi\u00e7\u00e3o de Recreio, finalmente, \u00e9 apresentada"},"content":{"rendered":"<p style=\"text-align: justify;\">Depois de muita espera, finalmente, a programa\u00e7\u00e3o da maior festa da cidade foi apresentada. A 38\u00aa Exposi\u00e7\u00e3o de Recreio come\u00e7a dia 18 e vai at\u00e9 21 de agosto.<\/p>\n<p style=\"text-align: justify;\"><!--more--><\/p>\n<p style=\"text-align: justify;\"><a href=\"http:\/\/www.polisrecreio.com.br\/site\/wp-content\/uploads\/2016\/08\/expo.jpg\"><img loading=\"lazy\" class=\"aligncenter size-full wp-image-2592\" src=\"http:\/\/www.polisrecreio.com.br\/site\/wp-content\/uploads\/2016\/08\/expo.jpg\" alt=\"expo\" width=\"800\" height=\"402\" srcset=\"https:\/\/www.polisrecreio.com.br\/site\/wp-content\/uploads\/2016\/08\/expo.jpg 800w, https:\/\/www.polisrecreio.com.br\/site\/wp-content\/uploads\/2016\/08\/expo-300x151.jpg 300w\" sizes=\"(max-width: 800px) 100vw, 800px\" \/><\/a><\/p>\n<p style=\"text-align: justify;\">O evento ir\u00e1 mesclar shows nacionais com shows regionais. Este ano a festa ter\u00e1 espa\u00e7o at\u00e9 para os artistas da terra. O concurso leiteiro, o desfile da Miss EXPO-Recreio 2016 e apresenta\u00e7\u00f5es de dan\u00e7as tamb\u00e9m ser\u00e3o atra\u00e7\u00f5es.<\/p>\n<p style=\"text-align: justify;\">A Exposi\u00e7\u00e3o de 2016 custar\u00e1 aos cofres p\u00fablicos o valor de R$ 92 mil. A produ\u00e7\u00e3o ser\u00e1 da empresa Santos e Souza Solu\u00e7\u00f5es P\u00fablicas Ltda., da cidade de Guarani (MG), com o nome fantasia EXPOTV Minas Estrutura para Evento, vencedora do processo de licita\u00e7\u00e3o n\u00ba 051\/2016 \u2013 preg\u00e3o presencial n\u00ba 040\/2016. A produtora \u00e9 a mesma que organizou a Exposi\u00e7\u00e3o de 2015.<\/p>\n<p style=\"text-align: justify;\"><a href=\"http:\/\/www.polisrecreio.com.br\/site\/wp-content\/uploads\/2016\/08\/13957416_1134361589941032_2133272284_n.jpg\"><img loading=\"lazy\" class=\"aligncenter size-full wp-image-2593\" src=\"http:\/\/www.polisrecreio.com.br\/site\/wp-content\/uploads\/2016\/08\/13957416_1134361589941032_2133272284_n.jpg\" alt=\"13957416_1134361589941032_2133272284_n\" width=\"668\" height=\"960\" srcset=\"https:\/\/www.polisrecreio.com.br\/site\/wp-content\/uploads\/2016\/08\/13957416_1134361589941032_2133272284_n.jpg 668w, https:\/\/www.polisrecreio.com.br\/site\/wp-content\/uploads\/2016\/08\/13957416_1134361589941032_2133272284_n-209x300.jpg 209w\" sizes=\"(max-width: 668px) 100vw, 668px\" \/><\/a><\/p>\n","protected":false},"excerpt":{"rendered":"<p>Depois de muita espera, finalmente, a programa\u00e7\u00e3o da maior festa da cidade foi apresentada. A 38\u00aa Exposi\u00e7\u00e3o de Recreio come\u00e7a dia 18 e vai at\u00e9 21 de agosto.<\/p>\n","protected":false},"author":3,"featured_media":2592,"comment_status":"open","ping_status":"open","sticky":false,"template":"","format":"standard","meta":[],"categories":[2],"tags":[],"yoast_head":"<!-- This site is optimized with the Yoast SEO plugin v15.6.2 - https:\/\/yoast.com\/wordpress\/plugins\/seo\/ -->\n<meta name=\"robots\" content=\"index, follow, max-snippet:-1, max-image-preview:large, max-video-preview:-1\" \/>\n<link rel=\"canonical\" href=\"http:\/\/www.polisrecreio.com.br\/site\/2016\/08\/10\/programacao-da-38a-exposicao-de-recreio-finalmente-e-apresentada\/\" \/>\n<meta property=\"og:locale\" content=\"pt_BR\" \/>\n<meta property=\"og:type\" content=\"article\" \/>\n<meta property=\"og:title\" content=\"Programa\u00e7\u00e3o da 38\u00aa Exposi\u00e7\u00e3o de Recreio, finalmente, \u00e9 apresentada - P\u00f3lis Recreio\" \/>\n<meta property=\"og:description\" content=\"Depois de muita espera, finalmente, a programa\u00e7\u00e3o da maior festa da cidade foi apresentada. A 38\u00aa Exposi\u00e7\u00e3o de Recreio come\u00e7a dia 18 e vai at\u00e9 21 de agosto.\" \/>\n<meta property=\"og:url\" content=\"http:\/\/www.polisrecreio.com.br\/site\/2016\/08\/10\/programacao-da-38a-exposicao-de-recreio-finalmente-e-apresentada\/\" \/>\n<meta property=\"og:site_name\" content=\"P\u00f3lis Recreio\" \/>\n<meta property=\"article:publisher\" content=\"https:\/\/www.facebook.com\/Site-P%c3%b3lis-Recreio-MG-181941708571019\/\" \/>\n<meta property=\"article:published_time\" content=\"2016-08-10T23:39:32+00:00\" \/>\n<meta property=\"article:modified_time\" content=\"2016-08-11T18:21:32+00:00\" \/>\n<meta property=\"og:image\" content=\"https:\/\/www.polisrecreio.com.br\/site\/wp-content\/uploads\/2016\/08\/expo.jpg\" \/>\n\t<meta property=\"og:image:width\" content=\"800\" \/>\n\t<meta property=\"og:image:height\" content=\"402\" \/>\n<meta name=\"twitter:card\" content=\"summary_large_image\" \/>\n<meta name=\"twitter:creator\" content=\"@PolisRecreio\" \/>\n<meta name=\"twitter:site\" content=\"@PolisRecreio\" \/>\n<meta name=\"twitter:label1\" content=\"Est. reading time\">\n\t<meta name=\"twitter:data1\" content=\"1 minuto\">\n<script type=\"application\/ld+json\" class=\"yoast-schema-graph\">{\"@context\":\"https:\/\/schema.org\",\"@graph\":[{\"@type\":\"WebSite\",\"@id\":\"https:\/\/www.polisrecreio.com.br\/site\/#website\",\"url\":\"https:\/\/www.polisrecreio.com.br\/site\/\",\"name\":\"P\\u00f3lis Recreio\",\"description\":\"\",\"potentialAction\":[{\"@type\":\"SearchAction\",\"target\":\"https:\/\/www.polisrecreio.com.br\/site\/?s={search_term_string}\",\"query-input\":\"required name=search_term_string\"}],\"inLanguage\":\"pt-BR\"},{\"@type\":\"ImageObject\",\"@id\":\"http:\/\/www.polisrecreio.com.br\/site\/2016\/08\/10\/programacao-da-38a-exposicao-de-recreio-finalmente-e-apresentada\/#primaryimage\",\"inLanguage\":\"pt-BR\",\"url\":\"https:\/\/www.polisrecreio.com.br\/site\/wp-content\/uploads\/2016\/08\/expo.jpg\",\"width\":800,\"height\":402},{\"@type\":\"WebPage\",\"@id\":\"http:\/\/www.polisrecreio.com.br\/site\/2016\/08\/10\/programacao-da-38a-exposicao-de-recreio-finalmente-e-apresentada\/#webpage\",\"url\":\"http:\/\/www.polisrecreio.com.br\/site\/2016\/08\/10\/programacao-da-38a-exposicao-de-recreio-finalmente-e-apresentada\/\",\"name\":\"Programa\\u00e7\\u00e3o da 38\\u00aa Exposi\\u00e7\\u00e3o de Recreio, finalmente, \\u00e9 apresentada - P\\u00f3lis Recreio\",\"isPartOf\":{\"@id\":\"https:\/\/www.polisrecreio.com.br\/site\/#website\"},\"primaryImageOfPage\":{\"@id\":\"http:\/\/www.polisrecreio.com.br\/site\/2016\/08\/10\/programacao-da-38a-exposicao-de-recreio-finalmente-e-apresentada\/#primaryimage\"},\"datePublished\":\"2016-08-10T23:39:32+00:00\",\"dateModified\":\"2016-08-11T18:21:32+00:00\",\"author\":{\"@id\":\"https:\/\/www.polisrecreio.com.br\/site\/#\/schema\/person\/3363c1c78e1e28e1329d97adb387638e\"},\"inLanguage\":\"pt-BR\",\"potentialAction\":[{\"@type\":\"ReadAction\",\"target\":[\"http:\/\/www.polisrecreio.com.br\/site\/2016\/08\/10\/programacao-da-38a-exposicao-de-recreio-finalmente-e-apresentada\/\"]}]},{\"@type\":\"Person\",\"@id\":\"https:\/\/www.polisrecreio.com.br\/site\/#\/schema\/person\/3363c1c78e1e28e1329d97adb387638e\",\"name\":\"Leonardo Ribeiro\",\"image\":{\"@type\":\"ImageObject\",\"@id\":\"https:\/\/www.polisrecreio.com.br\/site\/#personlogo\",\"inLanguage\":\"pt-BR\",\"url\":\"https:\/\/secure.gravatar.com\/avatar\/6ba92a37d621e1a83e23710251178a12?s=96&d=mm&r=g\",\"caption\":\"Leonardo Ribeiro\"},\"sameAs\":[\"http:\/\/www.polisrecreio.com.br\"]}]}<\/script>\n<!-- \/ Yoast SEO plugin. -->","_links":{"self":[{"href":"https:\/\/www.polisrecreio.com.br\/site\/wp-json\/wp\/v2\/posts\/2591"}],"collection":[{"href":"https:\/\/www.polisrecreio.com.br\/site\/wp-json\/wp\/v2\/posts"}],"about":[{"href":"https:\/\/www.polisrecreio.com.br\/site\/wp-json\/wp\/v2\/types\/post"}],"author":[{"embeddable":true,"href":"https:\/\/www.polisrecreio.com.br\/site\/wp-json\/wp\/v2\/users\/3"}],"replies":[{"embeddable":true,"href":"https:\/\/www.polisrecreio.com.br\/site\/wp-json\/wp\/v2\/comments?post=2591"}],"version-history":[{"count":3,"href":"https:\/\/www.polisrecreio.com.br\/site\/wp-json\/wp\/v2\/posts\/2591\/revisions"}],"predecessor-version":[{"id":2596,"href":"https:\/\/www.polisrecreio.com.br\/site\/wp-json\/wp\/v2\/posts\/2591\/revisions\/2596"}],"wp:featuredmedia":[{"embeddable":true,"href":"https:\/\/www.polisrecreio.com.br\/site\/wp-json\/wp\/v2\/media\/2592"}],"wp:attachment":[{"href":"https:\/\/www.polisrecreio.com.br\/site\/wp-json\/wp\/v2\/media?parent=2591"}],"wp:term":[{"taxonomy":"category","embeddable":true,"href":"https:\/\/www.polisrecreio.com.br\/site\/wp-json\/wp\/v2\/categories?post=2591"},{"taxonomy":"post_tag","embeddable":true,"href":"https:\/\/www.polisrecreio.com.br\/site\/wp-json\/wp\/v2\/tags?post=2591"}],"curies":[{"name":"wp","href":"https:\/\/api.w.org\/{rel}","templated":true}]}}