{"id":2597,"date":"2016-08-11T15:32:32","date_gmt":"2016-08-11T18:32:32","guid":{"rendered":"http:\/\/www.polisrecreio.com.br\/site\/?p=2597"},"modified":"2016-08-11T16:01:55","modified_gmt":"2016-08-11T19:01:55","slug":"com-pouco-dinheiro-expo-recreio-recorre-aos-musicos-da-terra","status":"publish","type":"post","link":"https:\/\/www.polisrecreio.com.br\/site\/2016\/08\/11\/com-pouco-dinheiro-expo-recreio-recorre-aos-musicos-da-terra\/","title":{"rendered":"Com pouco dinheiro, EXPO-Recreio recorre aos m\u00fasicos da terra"},"content":{"rendered":"<p style=\"text-align: justify;\">A 38\u00aa Exposi\u00e7\u00e3o de Recreio, de 18 a 21 de agosto, ser\u00e1 uma das exposi\u00e7\u00f5es com os menores recursos aplicados pela Prefeitura Municipal dos \u00faltimos anos. Com pouco dinheiro, a solu\u00e7\u00e3o foi recorrer aos m\u00fasicos da terra.<\/p>\n<p style=\"text-align: justify;\"><!--more--><\/p>\n<p style=\"text-align: justify;\"><a href=\"http:\/\/www.polisrecreio.com.br\/site\/wp-content\/uploads\/2016\/08\/expo-rec.jpg\"><img loading=\"lazy\" class=\"aligncenter size-full wp-image-2598\" src=\"http:\/\/www.polisrecreio.com.br\/site\/wp-content\/uploads\/2016\/08\/expo-rec.jpg\" alt=\"expo rec\" width=\"800\" height=\"434\" srcset=\"https:\/\/www.polisrecreio.com.br\/site\/wp-content\/uploads\/2016\/08\/expo-rec.jpg 800w, https:\/\/www.polisrecreio.com.br\/site\/wp-content\/uploads\/2016\/08\/expo-rec-300x163.jpg 300w\" sizes=\"(max-width: 800px) 100vw, 800px\" \/><\/a><\/p>\n<p style=\"text-align: justify;\">Nesta edi\u00e7\u00e3o, a maior festa da cidade, vai contar com a apresenta\u00e7\u00e3o de 5 bandas de Recreio, ser\u00e3o elas, Wellington e Tatiana (sertanejo), na quinta-feira; Alexandre.com &amp; Banda (forr\u00f3) e Banda Lava Jato (rock), no s\u00e1bado; Abner Rezende (rock) e Jhonatan Wesley (sertanejo), no domingo. O \u00faltimo ano que teve o mesmo n\u00famero de m\u00fasicos recreienses no palco da EXPO foi em 2013, no ano de 2014 foram 4 e ano passado apenas 1.<\/p>\n<p style=\"text-align: justify;\">Na Exposi\u00e7\u00e3o de 2016 ser\u00e3o gastos R$ 92 mil dos cofres p\u00fablicos. A produtora do evento ser\u00e1 a mesma de 2015, a Santos e Souza Solu\u00e7\u00f5es P\u00fablicas Ltda., da cidade de Guarani (MG), com o nome fantasia EXPOTV Minas Estrutura para Evento, vencedora do processo de licita\u00e7\u00e3o n\u00ba 051\/2016 \u2013 preg\u00e3o presencial n\u00ba 040\/2016. Ano passado a festa custou R$ 147 mil.<\/p>\n","protected":false},"excerpt":{"rendered":"<p>A 38\u00aa Exposi\u00e7\u00e3o de Recreio, de 18 a 21 de agosto, ser\u00e1 uma das exposi\u00e7\u00f5es com os menores recursos aplicados pela Prefeitura Municipal dos \u00faltimos anos. Com pouco dinheiro, a solu\u00e7\u00e3o foi recorrer aos m\u00fasicos da terra.<\/p>\n","protected":false},"author":3,"featured_media":2598,"comment_status":"open","ping_status":"open","sticky":false,"template":"","format":"standard","meta":[],"categories":[2],"tags":[],"yoast_head":"<!-- This site is optimized with the Yoast SEO plugin v15.6.2 - https:\/\/yoast.com\/wordpress\/plugins\/seo\/ -->\n<meta name=\"robots\" content=\"index, follow, max-snippet:-1, max-image-preview:large, max-video-preview:-1\" \/>\n<link rel=\"canonical\" href=\"https:\/\/www.polisrecreio.com.br\/site\/2016\/08\/11\/com-pouco-dinheiro-expo-recreio-recorre-aos-musicos-da-terra\/\" \/>\n<meta property=\"og:locale\" content=\"pt_BR\" \/>\n<meta property=\"og:type\" content=\"article\" \/>\n<meta property=\"og:title\" content=\"Com pouco dinheiro, EXPO-Recreio recorre aos m\u00fasicos da terra - P\u00f3lis Recreio\" \/>\n<meta property=\"og:description\" content=\"A 38\u00aa Exposi\u00e7\u00e3o de Recreio, de 18 a 21 de agosto, ser\u00e1 uma das exposi\u00e7\u00f5es com os menores recursos aplicados pela Prefeitura Municipal dos \u00faltimos anos. Com pouco dinheiro, a solu\u00e7\u00e3o foi recorrer aos m\u00fasicos da terra.\" \/>\n<meta property=\"og:url\" content=\"https:\/\/www.polisrecreio.com.br\/site\/2016\/08\/11\/com-pouco-dinheiro-expo-recreio-recorre-aos-musicos-da-terra\/\" \/>\n<meta property=\"og:site_name\" content=\"P\u00f3lis Recreio\" \/>\n<meta property=\"article:publisher\" content=\"https:\/\/www.facebook.com\/Site-P%c3%b3lis-Recreio-MG-181941708571019\/\" \/>\n<meta property=\"article:published_time\" content=\"2016-08-11T18:32:32+00:00\" \/>\n<meta property=\"article:modified_time\" content=\"2016-08-11T19:01:55+00:00\" \/>\n<meta property=\"og:image\" content=\"https:\/\/www.polisrecreio.com.br\/site\/wp-content\/uploads\/2016\/08\/expo-rec.jpg\" \/>\n\t<meta property=\"og:image:width\" content=\"800\" \/>\n\t<meta property=\"og:image:height\" content=\"434\" \/>\n<meta name=\"twitter:card\" content=\"summary_large_image\" \/>\n<meta name=\"twitter:creator\" content=\"@PolisRecreio\" \/>\n<meta name=\"twitter:site\" content=\"@PolisRecreio\" \/>\n<meta name=\"twitter:label1\" content=\"Est. reading time\">\n\t<meta name=\"twitter:data1\" content=\"1 minuto\">\n<script type=\"application\/ld+json\" class=\"yoast-schema-graph\">{\"@context\":\"https:\/\/schema.org\",\"@graph\":[{\"@type\":\"WebSite\",\"@id\":\"https:\/\/www.polisrecreio.com.br\/site\/#website\",\"url\":\"https:\/\/www.polisrecreio.com.br\/site\/\",\"name\":\"P\\u00f3lis Recreio\",\"description\":\"\",\"potentialAction\":[{\"@type\":\"SearchAction\",\"target\":\"https:\/\/www.polisrecreio.com.br\/site\/?s={search_term_string}\",\"query-input\":\"required name=search_term_string\"}],\"inLanguage\":\"pt-BR\"},{\"@type\":\"ImageObject\",\"@id\":\"https:\/\/www.polisrecreio.com.br\/site\/2016\/08\/11\/com-pouco-dinheiro-expo-recreio-recorre-aos-musicos-da-terra\/#primaryimage\",\"inLanguage\":\"pt-BR\",\"url\":\"https:\/\/www.polisrecreio.com.br\/site\/wp-content\/uploads\/2016\/08\/expo-rec.jpg\",\"width\":800,\"height\":434},{\"@type\":\"WebPage\",\"@id\":\"https:\/\/www.polisrecreio.com.br\/site\/2016\/08\/11\/com-pouco-dinheiro-expo-recreio-recorre-aos-musicos-da-terra\/#webpage\",\"url\":\"https:\/\/www.polisrecreio.com.br\/site\/2016\/08\/11\/com-pouco-dinheiro-expo-recreio-recorre-aos-musicos-da-terra\/\",\"name\":\"Com pouco dinheiro, EXPO-Recreio recorre aos m\\u00fasicos da terra - P\\u00f3lis Recreio\",\"isPartOf\":{\"@id\":\"https:\/\/www.polisrecreio.com.br\/site\/#website\"},\"primaryImageOfPage\":{\"@id\":\"https:\/\/www.polisrecreio.com.br\/site\/2016\/08\/11\/com-pouco-dinheiro-expo-recreio-recorre-aos-musicos-da-terra\/#primaryimage\"},\"datePublished\":\"2016-08-11T18:32:32+00:00\",\"dateModified\":\"2016-08-11T19:01:55+00:00\",\"author\":{\"@id\":\"https:\/\/www.polisrecreio.com.br\/site\/#\/schema\/person\/3363c1c78e1e28e1329d97adb387638e\"},\"inLanguage\":\"pt-BR\",\"potentialAction\":[{\"@type\":\"ReadAction\",\"target\":[\"https:\/\/www.polisrecreio.com.br\/site\/2016\/08\/11\/com-pouco-dinheiro-expo-recreio-recorre-aos-musicos-da-terra\/\"]}]},{\"@type\":\"Person\",\"@id\":\"https:\/\/www.polisrecreio.com.br\/site\/#\/schema\/person\/3363c1c78e1e28e1329d97adb387638e\",\"name\":\"Leonardo Ribeiro\",\"image\":{\"@type\":\"ImageObject\",\"@id\":\"https:\/\/www.polisrecreio.com.br\/site\/#personlogo\",\"inLanguage\":\"pt-BR\",\"url\":\"https:\/\/secure.gravatar.com\/avatar\/6ba92a37d621e1a83e23710251178a12?s=96&d=mm&r=g\",\"caption\":\"Leonardo Ribeiro\"},\"sameAs\":[\"http:\/\/www.polisrecreio.com.br\"]}]}<\/script>\n<!-- \/ Yoast SEO plugin. -->","_links":{"self":[{"href":"https:\/\/www.polisrecreio.com.br\/site\/wp-json\/wp\/v2\/posts\/2597"}],"collection":[{"href":"https:\/\/www.polisrecreio.com.br\/site\/wp-json\/wp\/v2\/posts"}],"about":[{"href":"https:\/\/www.polisrecreio.com.br\/site\/wp-json\/wp\/v2\/types\/post"}],"author":[{"embeddable":true,"href":"https:\/\/www.polisrecreio.com.br\/site\/wp-json\/wp\/v2\/users\/3"}],"replies":[{"embeddable":true,"href":"https:\/\/www.polisrecreio.com.br\/site\/wp-json\/wp\/v2\/comments?post=2597"}],"version-history":[{"count":5,"href":"https:\/\/www.polisrecreio.com.br\/site\/wp-json\/wp\/v2\/posts\/2597\/revisions"}],"predecessor-version":[{"id":2603,"href":"https:\/\/www.polisrecreio.com.br\/site\/wp-json\/wp\/v2\/posts\/2597\/revisions\/2603"}],"wp:featuredmedia":[{"embeddable":true,"href":"https:\/\/www.polisrecreio.com.br\/site\/wp-json\/wp\/v2\/media\/2598"}],"wp:attachment":[{"href":"https:\/\/www.polisrecreio.com.br\/site\/wp-json\/wp\/v2\/media?parent=2597"}],"wp:term":[{"taxonomy":"category","embeddable":true,"href":"https:\/\/www.polisrecreio.com.br\/site\/wp-json\/wp\/v2\/categories?post=2597"},{"taxonomy":"post_tag","embeddable":true,"href":"https:\/\/www.polisrecreio.com.br\/site\/wp-json\/wp\/v2\/tags?post=2597"}],"curies":[{"name":"wp","href":"https:\/\/api.w.org\/{rel}","templated":true}]}}