{"id":26046,"date":"2023-08-31T20:03:34","date_gmt":"2023-08-31T23:03:34","guid":{"rendered":"http:\/\/www.polisrecreio.com.br\/site\/?p=26046"},"modified":"2023-08-31T20:11:39","modified_gmt":"2023-08-31T23:11:39","slug":"sub-11-do-ideal-esta-nas-quartas-de-final-do-regional-da-lec","status":"publish","type":"post","link":"https:\/\/www.polisrecreio.com.br\/site\/2023\/08\/31\/sub-11-do-ideal-esta-nas-quartas-de-final-do-regional-da-lec\/","title":{"rendered":"Sub-11 do Ideal est\u00e1 nas quartas de final do Regional da LEC"},"content":{"rendered":"<div>\n<div>\n<p style=\"text-align: justify;\">A garotada do sub-11 do Ideal est\u00e1 nas quartas de final do Campeonato Regional da Liga Esportiva de Cataguases. A pr\u00f3xima partida ser\u00e1 em Tocantins, s\u00e1bado (2), \u00e0s 16h, contra o Itarar\u00e9.<\/p>\n<\/div>\n<\/div>\n<p><!--more--><\/p>\n<p><a href=\"http:\/\/www.polisrecreio.com.br\/site\/wp-content\/uploads\/2023\/08\/370167372_979134426670798_8732920622149984113_n.jpg\"><img loading=\"lazy\" class=\"aligncenter size-full wp-image-26047\" src=\"http:\/\/www.polisrecreio.com.br\/site\/wp-content\/uploads\/2023\/08\/370167372_979134426670798_8732920622149984113_n.jpg\" alt=\"\" width=\"960\" height=\"540\" srcset=\"https:\/\/www.polisrecreio.com.br\/site\/wp-content\/uploads\/2023\/08\/370167372_979134426670798_8732920622149984113_n.jpg 960w, https:\/\/www.polisrecreio.com.br\/site\/wp-content\/uploads\/2023\/08\/370167372_979134426670798_8732920622149984113_n-300x169.jpg 300w, https:\/\/www.polisrecreio.com.br\/site\/wp-content\/uploads\/2023\/08\/370167372_979134426670798_8732920622149984113_n-768x432.jpg 768w\" sizes=\"(max-width: 960px) 100vw, 960px\" \/><\/a><\/p>\n<p style=\"text-align: justify;\">A competi\u00e7\u00e3o come\u00e7ou com 20 equipes e agora restam apenas 8.<\/p>\n<p style=\"text-align: justify;\">O Ideal decide a vaga para a semifinal no Est\u00e1dio Alcides Campos (Vila), na semana seguinte.<\/p>\n","protected":false},"excerpt":{"rendered":"<p>A garotada do sub-11 do Ideal est\u00e1 nas quartas de final do Campeonato Regional da Liga Esportiva de Cataguases. A pr\u00f3xima partida ser\u00e1 em Tocantins, s\u00e1bado (2), \u00e0s 16h, contra o Itarar\u00e9.<\/p>\n","protected":false},"author":3,"featured_media":0,"comment_status":"open","ping_status":"open","sticky":false,"template":"","format":"standard","meta":[],"categories":[4],"tags":[],"yoast_head":"<!-- This site is optimized with the Yoast SEO plugin v15.6.2 - https:\/\/yoast.com\/wordpress\/plugins\/seo\/ -->\n<meta name=\"robots\" content=\"index, follow, max-snippet:-1, max-image-preview:large, max-video-preview:-1\" \/>\n<link rel=\"canonical\" href=\"http:\/\/www.polisrecreio.com.br\/site\/2023\/08\/31\/sub-11-do-ideal-esta-nas-quartas-de-final-do-regional-da-lec\/\" \/>\n<meta property=\"og:locale\" content=\"pt_BR\" \/>\n<meta property=\"og:type\" content=\"article\" \/>\n<meta property=\"og:title\" content=\"Sub-11 do Ideal est\u00e1 nas quartas de final do Regional da LEC - P\u00f3lis Recreio\" \/>\n<meta property=\"og:description\" content=\"A garotada do sub-11 do Ideal est\u00e1 nas quartas de final do Campeonato Regional da Liga Esportiva de Cataguases. A pr\u00f3xima partida ser\u00e1 em Tocantins, s\u00e1bado (2), \u00e0s 16h, contra o Itarar\u00e9.\" \/>\n<meta property=\"og:url\" content=\"http:\/\/www.polisrecreio.com.br\/site\/2023\/08\/31\/sub-11-do-ideal-esta-nas-quartas-de-final-do-regional-da-lec\/\" \/>\n<meta property=\"og:site_name\" content=\"P\u00f3lis Recreio\" \/>\n<meta property=\"article:publisher\" content=\"https:\/\/www.facebook.com\/Site-P%c3%b3lis-Recreio-MG-181941708571019\/\" \/>\n<meta property=\"article:published_time\" content=\"2023-08-31T23:03:34+00:00\" \/>\n<meta property=\"article:modified_time\" content=\"2023-08-31T23:11:39+00:00\" \/>\n<meta property=\"og:image\" content=\"http:\/\/www.polisrecreio.com.br\/site\/wp-content\/uploads\/2023\/08\/370167372_979134426670798_8732920622149984113_n.jpg\" \/>\n<meta name=\"twitter:card\" content=\"summary_large_image\" \/>\n<meta name=\"twitter:creator\" content=\"@PolisRecreio\" \/>\n<meta name=\"twitter:site\" content=\"@PolisRecreio\" \/>\n<meta name=\"twitter:label1\" content=\"Est. reading time\">\n\t<meta name=\"twitter:data1\" content=\"1 minuto\">\n<script type=\"application\/ld+json\" class=\"yoast-schema-graph\">{\"@context\":\"https:\/\/schema.org\",\"@graph\":[{\"@type\":\"WebSite\",\"@id\":\"https:\/\/www.polisrecreio.com.br\/site\/#website\",\"url\":\"https:\/\/www.polisrecreio.com.br\/site\/\",\"name\":\"P\\u00f3lis Recreio\",\"description\":\"\",\"potentialAction\":[{\"@type\":\"SearchAction\",\"target\":\"https:\/\/www.polisrecreio.com.br\/site\/?s={search_term_string}\",\"query-input\":\"required name=search_term_string\"}],\"inLanguage\":\"pt-BR\"},{\"@type\":\"ImageObject\",\"@id\":\"http:\/\/www.polisrecreio.com.br\/site\/2023\/08\/31\/sub-11-do-ideal-esta-nas-quartas-de-final-do-regional-da-lec\/#primaryimage\",\"inLanguage\":\"pt-BR\",\"url\":\"http:\/\/www.polisrecreio.com.br\/site\/wp-content\/uploads\/2023\/08\/370167372_979134426670798_8732920622149984113_n.jpg\"},{\"@type\":\"WebPage\",\"@id\":\"http:\/\/www.polisrecreio.com.br\/site\/2023\/08\/31\/sub-11-do-ideal-esta-nas-quartas-de-final-do-regional-da-lec\/#webpage\",\"url\":\"http:\/\/www.polisrecreio.com.br\/site\/2023\/08\/31\/sub-11-do-ideal-esta-nas-quartas-de-final-do-regional-da-lec\/\",\"name\":\"Sub-11 do Ideal est\\u00e1 nas quartas de final do Regional da LEC - P\\u00f3lis Recreio\",\"isPartOf\":{\"@id\":\"https:\/\/www.polisrecreio.com.br\/site\/#website\"},\"primaryImageOfPage\":{\"@id\":\"http:\/\/www.polisrecreio.com.br\/site\/2023\/08\/31\/sub-11-do-ideal-esta-nas-quartas-de-final-do-regional-da-lec\/#primaryimage\"},\"datePublished\":\"2023-08-31T23:03:34+00:00\",\"dateModified\":\"2023-08-31T23:11:39+00:00\",\"author\":{\"@id\":\"https:\/\/www.polisrecreio.com.br\/site\/#\/schema\/person\/3363c1c78e1e28e1329d97adb387638e\"},\"inLanguage\":\"pt-BR\",\"potentialAction\":[{\"@type\":\"ReadAction\",\"target\":[\"http:\/\/www.polisrecreio.com.br\/site\/2023\/08\/31\/sub-11-do-ideal-esta-nas-quartas-de-final-do-regional-da-lec\/\"]}]},{\"@type\":\"Person\",\"@id\":\"https:\/\/www.polisrecreio.com.br\/site\/#\/schema\/person\/3363c1c78e1e28e1329d97adb387638e\",\"name\":\"Leonardo Ribeiro\",\"image\":{\"@type\":\"ImageObject\",\"@id\":\"https:\/\/www.polisrecreio.com.br\/site\/#personlogo\",\"inLanguage\":\"pt-BR\",\"url\":\"https:\/\/secure.gravatar.com\/avatar\/6ba92a37d621e1a83e23710251178a12?s=96&d=mm&r=g\",\"caption\":\"Leonardo Ribeiro\"},\"sameAs\":[\"http:\/\/www.polisrecreio.com.br\"]}]}<\/script>\n<!-- \/ Yoast SEO plugin. -->","_links":{"self":[{"href":"https:\/\/www.polisrecreio.com.br\/site\/wp-json\/wp\/v2\/posts\/26046"}],"collection":[{"href":"https:\/\/www.polisrecreio.com.br\/site\/wp-json\/wp\/v2\/posts"}],"about":[{"href":"https:\/\/www.polisrecreio.com.br\/site\/wp-json\/wp\/v2\/types\/post"}],"author":[{"embeddable":true,"href":"https:\/\/www.polisrecreio.com.br\/site\/wp-json\/wp\/v2\/users\/3"}],"replies":[{"embeddable":true,"href":"https:\/\/www.polisrecreio.com.br\/site\/wp-json\/wp\/v2\/comments?post=26046"}],"version-history":[{"count":4,"href":"https:\/\/www.polisrecreio.com.br\/site\/wp-json\/wp\/v2\/posts\/26046\/revisions"}],"predecessor-version":[{"id":26051,"href":"https:\/\/www.polisrecreio.com.br\/site\/wp-json\/wp\/v2\/posts\/26046\/revisions\/26051"}],"wp:attachment":[{"href":"https:\/\/www.polisrecreio.com.br\/site\/wp-json\/wp\/v2\/media?parent=26046"}],"wp:term":[{"taxonomy":"category","embeddable":true,"href":"https:\/\/www.polisrecreio.com.br\/site\/wp-json\/wp\/v2\/categories?post=26046"},{"taxonomy":"post_tag","embeddable":true,"href":"https:\/\/www.polisrecreio.com.br\/site\/wp-json\/wp\/v2\/tags?post=26046"}],"curies":[{"name":"wp","href":"https:\/\/api.w.org\/{rel}","templated":true}]}}