{"id":26069,"date":"2023-09-08T11:14:26","date_gmt":"2023-09-08T14:14:26","guid":{"rendered":"http:\/\/www.polisrecreio.com.br\/site\/?p=26069"},"modified":"2023-09-08T11:14:44","modified_gmt":"2023-09-08T14:14:44","slug":"31-anos-do-hss-festa-comeca-hoje-8-e-vai-ate-domingo","status":"publish","type":"post","link":"https:\/\/www.polisrecreio.com.br\/site\/2023\/09\/08\/31-anos-do-hss-festa-comeca-hoje-8-e-vai-ate-domingo\/","title":{"rendered":"31 anos do HSS: festa come\u00e7a hoje (8) e vai at\u00e9 domingo"},"content":{"rendered":"<p style=\"text-align: justify;\">A Festa do anivers\u00e1rio de 31 anos do Hospital S\u00e3o Sebasti\u00e3o de Recreio come\u00e7a hoje (8) e vai at\u00e9 domingo (10), no Social Country Clube, com diversas atra\u00e7\u00f5es.<\/p>\n<p><!--more--><\/p>\n<p><a href=\"http:\/\/www.polisrecreio.com.br\/site\/wp-content\/uploads\/2023\/09\/h.jpg\"><img loading=\"lazy\" class=\"aligncenter size-full wp-image-26070\" src=\"http:\/\/www.polisrecreio.com.br\/site\/wp-content\/uploads\/2023\/09\/h.jpg\" alt=\"\" width=\"1600\" height=\"1137\" srcset=\"https:\/\/www.polisrecreio.com.br\/site\/wp-content\/uploads\/2023\/09\/h.jpg 1600w, https:\/\/www.polisrecreio.com.br\/site\/wp-content\/uploads\/2023\/09\/h-300x213.jpg 300w, https:\/\/www.polisrecreio.com.br\/site\/wp-content\/uploads\/2023\/09\/h-1024x728.jpg 1024w, https:\/\/www.polisrecreio.com.br\/site\/wp-content\/uploads\/2023\/09\/h-768x546.jpg 768w, https:\/\/www.polisrecreio.com.br\/site\/wp-content\/uploads\/2023\/09\/h-1536x1092.jpg 1536w\" sizes=\"(max-width: 1600px) 100vw, 1600px\" \/><\/a><\/p>\n<p style=\"text-align: justify;\">Confira:<\/p>\n<p style=\"text-align: justify;\">Sexta-feira<\/p>\n<ul>\n<li style=\"text-align: justify;\">19h \u2013 Missa em A\u00e7\u00e3o de Gra\u00e7as com ofert\u00f3rio do material de limpeza ou alimentos<\/li>\n<li style=\"text-align: justify;\">20:30h \u2013 Leil\u00e3o<\/li>\n<li style=\"text-align: justify;\">22h \u2013 Show com Dil Nascimento<\/li>\n<\/ul>\n<p style=\"text-align: justify;\">S\u00e1bado<\/p>\n<ul>\n<li style=\"text-align: justify;\">14h \u2013 Futebol Solid\u00e1rio \u2013 entrada alimento n\u00e3o perec\u00edvel<\/li>\n<li style=\"text-align: justify;\">19h \u2013 Leil\u00e3o<\/li>\n<li style=\"text-align: justify;\">22h \u2013 Show com Sebastian<\/li>\n<\/ul>\n<p style=\"text-align: justify;\">Domingo<\/p>\n<ul>\n<li style=\"text-align: justify;\">9h \u2013 Leil\u00e3o e show com Amigos da Viola<\/li>\n<li style=\"text-align: justify;\">11h \u2013 Desfile carros de boi<\/li>\n<li style=\"text-align: justify;\">12h \u2013 Almo\u00e7o beneficente<\/li>\n<li style=\"text-align: justify;\">15h \u2013 Show com AlexandrePontoCom<\/li>\n<li style=\"text-align: justify;\">17h \u2013 Show com Jana\u00edna Gentil<\/li>\n<li style=\"text-align: justify;\">18h \u2013 Show com Tch\u00ea Malucos<\/li>\n<\/ul>\n<p style=\"text-align: justify;\">O Hospital completou 31 anos de funda\u00e7\u00e3o na \u00faltima quarta-feira (6).<\/p>\n","protected":false},"excerpt":{"rendered":"<p>A Festa do anivers\u00e1rio de 31 anos do Hospital S\u00e3o Sebasti\u00e3o de Recreio come\u00e7a hoje (8) e vai at\u00e9 domingo (10), no Social Country Clube, com diversas atra\u00e7\u00f5es.<\/p>\n","protected":false},"author":3,"featured_media":0,"comment_status":"open","ping_status":"open","sticky":false,"template":"","format":"standard","meta":[],"categories":[6],"tags":[],"yoast_head":"<!-- This site is optimized with the Yoast SEO plugin v15.6.2 - https:\/\/yoast.com\/wordpress\/plugins\/seo\/ -->\n<meta name=\"robots\" content=\"index, follow, max-snippet:-1, max-image-preview:large, max-video-preview:-1\" \/>\n<link rel=\"canonical\" href=\"http:\/\/www.polisrecreio.com.br\/site\/2023\/09\/08\/31-anos-do-hss-festa-comeca-hoje-8-e-vai-ate-domingo\/\" \/>\n<meta property=\"og:locale\" content=\"pt_BR\" \/>\n<meta property=\"og:type\" content=\"article\" \/>\n<meta property=\"og:title\" content=\"31 anos do HSS: festa come\u00e7a hoje (8) e vai at\u00e9 domingo - P\u00f3lis Recreio\" \/>\n<meta property=\"og:description\" content=\"A Festa do anivers\u00e1rio de 31 anos do Hospital S\u00e3o Sebasti\u00e3o de Recreio come\u00e7a hoje (8) e vai at\u00e9 domingo (10), no Social Country Clube, com diversas atra\u00e7\u00f5es.\" \/>\n<meta property=\"og:url\" content=\"http:\/\/www.polisrecreio.com.br\/site\/2023\/09\/08\/31-anos-do-hss-festa-comeca-hoje-8-e-vai-ate-domingo\/\" \/>\n<meta property=\"og:site_name\" content=\"P\u00f3lis Recreio\" \/>\n<meta property=\"article:publisher\" content=\"https:\/\/www.facebook.com\/Site-P%c3%b3lis-Recreio-MG-181941708571019\/\" \/>\n<meta property=\"article:published_time\" content=\"2023-09-08T14:14:26+00:00\" \/>\n<meta property=\"article:modified_time\" content=\"2023-09-08T14:14:44+00:00\" \/>\n<meta property=\"og:image\" content=\"http:\/\/www.polisrecreio.com.br\/site\/wp-content\/uploads\/2023\/09\/h.jpg\" \/>\n<meta name=\"twitter:card\" content=\"summary_large_image\" \/>\n<meta name=\"twitter:creator\" content=\"@PolisRecreio\" \/>\n<meta name=\"twitter:site\" content=\"@PolisRecreio\" \/>\n<meta name=\"twitter:label1\" content=\"Est. reading time\">\n\t<meta name=\"twitter:data1\" content=\"1 minuto\">\n<script type=\"application\/ld+json\" class=\"yoast-schema-graph\">{\"@context\":\"https:\/\/schema.org\",\"@graph\":[{\"@type\":\"WebSite\",\"@id\":\"https:\/\/www.polisrecreio.com.br\/site\/#website\",\"url\":\"https:\/\/www.polisrecreio.com.br\/site\/\",\"name\":\"P\\u00f3lis Recreio\",\"description\":\"\",\"potentialAction\":[{\"@type\":\"SearchAction\",\"target\":\"https:\/\/www.polisrecreio.com.br\/site\/?s={search_term_string}\",\"query-input\":\"required name=search_term_string\"}],\"inLanguage\":\"pt-BR\"},{\"@type\":\"ImageObject\",\"@id\":\"http:\/\/www.polisrecreio.com.br\/site\/2023\/09\/08\/31-anos-do-hss-festa-comeca-hoje-8-e-vai-ate-domingo\/#primaryimage\",\"inLanguage\":\"pt-BR\",\"url\":\"http:\/\/www.polisrecreio.com.br\/site\/wp-content\/uploads\/2023\/09\/h.jpg\"},{\"@type\":\"WebPage\",\"@id\":\"http:\/\/www.polisrecreio.com.br\/site\/2023\/09\/08\/31-anos-do-hss-festa-comeca-hoje-8-e-vai-ate-domingo\/#webpage\",\"url\":\"http:\/\/www.polisrecreio.com.br\/site\/2023\/09\/08\/31-anos-do-hss-festa-comeca-hoje-8-e-vai-ate-domingo\/\",\"name\":\"31 anos do HSS: festa come\\u00e7a hoje (8) e vai at\\u00e9 domingo - P\\u00f3lis Recreio\",\"isPartOf\":{\"@id\":\"https:\/\/www.polisrecreio.com.br\/site\/#website\"},\"primaryImageOfPage\":{\"@id\":\"http:\/\/www.polisrecreio.com.br\/site\/2023\/09\/08\/31-anos-do-hss-festa-comeca-hoje-8-e-vai-ate-domingo\/#primaryimage\"},\"datePublished\":\"2023-09-08T14:14:26+00:00\",\"dateModified\":\"2023-09-08T14:14:44+00:00\",\"author\":{\"@id\":\"https:\/\/www.polisrecreio.com.br\/site\/#\/schema\/person\/3363c1c78e1e28e1329d97adb387638e\"},\"inLanguage\":\"pt-BR\",\"potentialAction\":[{\"@type\":\"ReadAction\",\"target\":[\"http:\/\/www.polisrecreio.com.br\/site\/2023\/09\/08\/31-anos-do-hss-festa-comeca-hoje-8-e-vai-ate-domingo\/\"]}]},{\"@type\":\"Person\",\"@id\":\"https:\/\/www.polisrecreio.com.br\/site\/#\/schema\/person\/3363c1c78e1e28e1329d97adb387638e\",\"name\":\"Leonardo Ribeiro\",\"image\":{\"@type\":\"ImageObject\",\"@id\":\"https:\/\/www.polisrecreio.com.br\/site\/#personlogo\",\"inLanguage\":\"pt-BR\",\"url\":\"https:\/\/secure.gravatar.com\/avatar\/6ba92a37d621e1a83e23710251178a12?s=96&d=mm&r=g\",\"caption\":\"Leonardo Ribeiro\"},\"sameAs\":[\"http:\/\/www.polisrecreio.com.br\"]}]}<\/script>\n<!-- \/ Yoast SEO plugin. -->","_links":{"self":[{"href":"https:\/\/www.polisrecreio.com.br\/site\/wp-json\/wp\/v2\/posts\/26069"}],"collection":[{"href":"https:\/\/www.polisrecreio.com.br\/site\/wp-json\/wp\/v2\/posts"}],"about":[{"href":"https:\/\/www.polisrecreio.com.br\/site\/wp-json\/wp\/v2\/types\/post"}],"author":[{"embeddable":true,"href":"https:\/\/www.polisrecreio.com.br\/site\/wp-json\/wp\/v2\/users\/3"}],"replies":[{"embeddable":true,"href":"https:\/\/www.polisrecreio.com.br\/site\/wp-json\/wp\/v2\/comments?post=26069"}],"version-history":[{"count":1,"href":"https:\/\/www.polisrecreio.com.br\/site\/wp-json\/wp\/v2\/posts\/26069\/revisions"}],"predecessor-version":[{"id":26071,"href":"https:\/\/www.polisrecreio.com.br\/site\/wp-json\/wp\/v2\/posts\/26069\/revisions\/26071"}],"wp:attachment":[{"href":"https:\/\/www.polisrecreio.com.br\/site\/wp-json\/wp\/v2\/media?parent=26069"}],"wp:term":[{"taxonomy":"category","embeddable":true,"href":"https:\/\/www.polisrecreio.com.br\/site\/wp-json\/wp\/v2\/categories?post=26069"},{"taxonomy":"post_tag","embeddable":true,"href":"https:\/\/www.polisrecreio.com.br\/site\/wp-json\/wp\/v2\/tags?post=26069"}],"curies":[{"name":"wp","href":"https:\/\/api.w.org\/{rel}","templated":true}]}}