{"id":26072,"date":"2023-09-11T09:08:37","date_gmt":"2023-09-11T12:08:37","guid":{"rendered":"http:\/\/www.polisrecreio.com.br\/site\/?p=26072"},"modified":"2023-09-11T09:10:04","modified_gmt":"2023-09-11T12:10:04","slug":"sub-11-do-ideal-decide-vaga-para-semifinal-do-regional-nesta-terca-feira-12-na-vila","status":"publish","type":"post","link":"https:\/\/www.polisrecreio.com.br\/site\/2023\/09\/11\/sub-11-do-ideal-decide-vaga-para-semifinal-do-regional-nesta-terca-feira-12-na-vila\/","title":{"rendered":"Sub-11 do Ideal decide vaga para semifinal do Regional nesta ter\u00e7a-feira (12) na Vila"},"content":{"rendered":"<p style=\"text-align: justify;\">O sub-11 do Ideal decide a vaga para semifinal do Campeonato Regional da Liga Esportiva de Cataguases nesta ter\u00e7a-feira (12), a partir das 18h, contra o Itarar\u00e9 (Tocantins), no Est\u00e1dio Alcides Campos (Vila).<\/p>\n<p><!--more--><\/p>\n<p><a href=\"http:\/\/www.polisrecreio.com.br\/site\/wp-content\/uploads\/2023\/09\/WhatsApp-Image-2023-09-10-at-08.26.20.jpeg\"><img loading=\"lazy\" class=\"aligncenter size-full wp-image-26073\" src=\"http:\/\/www.polisrecreio.com.br\/site\/wp-content\/uploads\/2023\/09\/WhatsApp-Image-2023-09-10-at-08.26.20.jpeg\" alt=\"\" width=\"1280\" height=\"960\" srcset=\"https:\/\/www.polisrecreio.com.br\/site\/wp-content\/uploads\/2023\/09\/WhatsApp-Image-2023-09-10-at-08.26.20.jpeg 1280w, https:\/\/www.polisrecreio.com.br\/site\/wp-content\/uploads\/2023\/09\/WhatsApp-Image-2023-09-10-at-08.26.20-300x225.jpeg 300w, https:\/\/www.polisrecreio.com.br\/site\/wp-content\/uploads\/2023\/09\/WhatsApp-Image-2023-09-10-at-08.26.20-1024x768.jpeg 1024w, https:\/\/www.polisrecreio.com.br\/site\/wp-content\/uploads\/2023\/09\/WhatsApp-Image-2023-09-10-at-08.26.20-768x576.jpeg 768w\" sizes=\"(max-width: 1280px) 100vw, 1280px\" \/><\/a><\/p>\n<p style=\"text-align: justify;\">Na primeira partida, os \u201cmeninos da Vila\u201d venceram por 1X0. Agora um empate garante a classifica\u00e7\u00e3o da garotada comandada pelo treinador, Merica.<\/p>\n<p style=\"text-align: justify;\">O Campeonato come\u00e7ou com 20 equipes da regi\u00e3o.<\/p>\n","protected":false},"excerpt":{"rendered":"<p>O sub-11 do Ideal decide a vaga para semifinal do Campeonato Regional da Liga Esportiva de Cataguases nesta ter\u00e7a-feira (12), a partir das 18h, contra o Itarar\u00e9 (Tocantins), no Est\u00e1dio Alcides Campos (Vila).<\/p>\n","protected":false},"author":3,"featured_media":0,"comment_status":"open","ping_status":"open","sticky":false,"template":"","format":"standard","meta":[],"categories":[4],"tags":[],"yoast_head":"<!-- This site is optimized with the Yoast SEO plugin v15.6.2 - https:\/\/yoast.com\/wordpress\/plugins\/seo\/ -->\n<meta name=\"robots\" content=\"index, follow, max-snippet:-1, max-image-preview:large, max-video-preview:-1\" \/>\n<link rel=\"canonical\" href=\"http:\/\/www.polisrecreio.com.br\/site\/2023\/09\/11\/sub-11-do-ideal-decide-vaga-para-semifinal-do-regional-nesta-terca-feira-12-na-vila\/\" \/>\n<meta property=\"og:locale\" content=\"pt_BR\" \/>\n<meta property=\"og:type\" content=\"article\" \/>\n<meta property=\"og:title\" content=\"Sub-11 do Ideal decide vaga para semifinal do Regional nesta ter\u00e7a-feira (12) na Vila - P\u00f3lis Recreio\" \/>\n<meta property=\"og:description\" content=\"O sub-11 do Ideal decide a vaga para semifinal do Campeonato Regional da Liga Esportiva de Cataguases nesta ter\u00e7a-feira (12), a partir das 18h, contra o Itarar\u00e9 (Tocantins), no Est\u00e1dio Alcides Campos (Vila).\" \/>\n<meta property=\"og:url\" content=\"http:\/\/www.polisrecreio.com.br\/site\/2023\/09\/11\/sub-11-do-ideal-decide-vaga-para-semifinal-do-regional-nesta-terca-feira-12-na-vila\/\" \/>\n<meta property=\"og:site_name\" content=\"P\u00f3lis Recreio\" \/>\n<meta property=\"article:publisher\" content=\"https:\/\/www.facebook.com\/Site-P%c3%b3lis-Recreio-MG-181941708571019\/\" \/>\n<meta property=\"article:published_time\" content=\"2023-09-11T12:08:37+00:00\" \/>\n<meta property=\"article:modified_time\" content=\"2023-09-11T12:10:04+00:00\" \/>\n<meta property=\"og:image\" content=\"http:\/\/www.polisrecreio.com.br\/site\/wp-content\/uploads\/2023\/09\/WhatsApp-Image-2023-09-10-at-08.26.20.jpeg\" \/>\n<meta name=\"twitter:card\" content=\"summary_large_image\" \/>\n<meta name=\"twitter:creator\" content=\"@PolisRecreio\" \/>\n<meta name=\"twitter:site\" content=\"@PolisRecreio\" \/>\n<meta name=\"twitter:label1\" content=\"Est. reading time\">\n\t<meta name=\"twitter:data1\" content=\"1 minuto\">\n<script type=\"application\/ld+json\" class=\"yoast-schema-graph\">{\"@context\":\"https:\/\/schema.org\",\"@graph\":[{\"@type\":\"WebSite\",\"@id\":\"https:\/\/www.polisrecreio.com.br\/site\/#website\",\"url\":\"https:\/\/www.polisrecreio.com.br\/site\/\",\"name\":\"P\\u00f3lis Recreio\",\"description\":\"\",\"potentialAction\":[{\"@type\":\"SearchAction\",\"target\":\"https:\/\/www.polisrecreio.com.br\/site\/?s={search_term_string}\",\"query-input\":\"required name=search_term_string\"}],\"inLanguage\":\"pt-BR\"},{\"@type\":\"ImageObject\",\"@id\":\"http:\/\/www.polisrecreio.com.br\/site\/2023\/09\/11\/sub-11-do-ideal-decide-vaga-para-semifinal-do-regional-nesta-terca-feira-12-na-vila\/#primaryimage\",\"inLanguage\":\"pt-BR\",\"url\":\"http:\/\/www.polisrecreio.com.br\/site\/wp-content\/uploads\/2023\/09\/WhatsApp-Image-2023-09-10-at-08.26.20.jpeg\"},{\"@type\":\"WebPage\",\"@id\":\"http:\/\/www.polisrecreio.com.br\/site\/2023\/09\/11\/sub-11-do-ideal-decide-vaga-para-semifinal-do-regional-nesta-terca-feira-12-na-vila\/#webpage\",\"url\":\"http:\/\/www.polisrecreio.com.br\/site\/2023\/09\/11\/sub-11-do-ideal-decide-vaga-para-semifinal-do-regional-nesta-terca-feira-12-na-vila\/\",\"name\":\"Sub-11 do Ideal decide vaga para semifinal do Regional nesta ter\\u00e7a-feira (12) na Vila - P\\u00f3lis Recreio\",\"isPartOf\":{\"@id\":\"https:\/\/www.polisrecreio.com.br\/site\/#website\"},\"primaryImageOfPage\":{\"@id\":\"http:\/\/www.polisrecreio.com.br\/site\/2023\/09\/11\/sub-11-do-ideal-decide-vaga-para-semifinal-do-regional-nesta-terca-feira-12-na-vila\/#primaryimage\"},\"datePublished\":\"2023-09-11T12:08:37+00:00\",\"dateModified\":\"2023-09-11T12:10:04+00:00\",\"author\":{\"@id\":\"https:\/\/www.polisrecreio.com.br\/site\/#\/schema\/person\/3363c1c78e1e28e1329d97adb387638e\"},\"inLanguage\":\"pt-BR\",\"potentialAction\":[{\"@type\":\"ReadAction\",\"target\":[\"http:\/\/www.polisrecreio.com.br\/site\/2023\/09\/11\/sub-11-do-ideal-decide-vaga-para-semifinal-do-regional-nesta-terca-feira-12-na-vila\/\"]}]},{\"@type\":\"Person\",\"@id\":\"https:\/\/www.polisrecreio.com.br\/site\/#\/schema\/person\/3363c1c78e1e28e1329d97adb387638e\",\"name\":\"Leonardo Ribeiro\",\"image\":{\"@type\":\"ImageObject\",\"@id\":\"https:\/\/www.polisrecreio.com.br\/site\/#personlogo\",\"inLanguage\":\"pt-BR\",\"url\":\"https:\/\/secure.gravatar.com\/avatar\/6ba92a37d621e1a83e23710251178a12?s=96&d=mm&r=g\",\"caption\":\"Leonardo Ribeiro\"},\"sameAs\":[\"http:\/\/www.polisrecreio.com.br\"]}]}<\/script>\n<!-- \/ Yoast SEO plugin. -->","_links":{"self":[{"href":"https:\/\/www.polisrecreio.com.br\/site\/wp-json\/wp\/v2\/posts\/26072"}],"collection":[{"href":"https:\/\/www.polisrecreio.com.br\/site\/wp-json\/wp\/v2\/posts"}],"about":[{"href":"https:\/\/www.polisrecreio.com.br\/site\/wp-json\/wp\/v2\/types\/post"}],"author":[{"embeddable":true,"href":"https:\/\/www.polisrecreio.com.br\/site\/wp-json\/wp\/v2\/users\/3"}],"replies":[{"embeddable":true,"href":"https:\/\/www.polisrecreio.com.br\/site\/wp-json\/wp\/v2\/comments?post=26072"}],"version-history":[{"count":2,"href":"https:\/\/www.polisrecreio.com.br\/site\/wp-json\/wp\/v2\/posts\/26072\/revisions"}],"predecessor-version":[{"id":26075,"href":"https:\/\/www.polisrecreio.com.br\/site\/wp-json\/wp\/v2\/posts\/26072\/revisions\/26075"}],"wp:attachment":[{"href":"https:\/\/www.polisrecreio.com.br\/site\/wp-json\/wp\/v2\/media?parent=26072"}],"wp:term":[{"taxonomy":"category","embeddable":true,"href":"https:\/\/www.polisrecreio.com.br\/site\/wp-json\/wp\/v2\/categories?post=26072"},{"taxonomy":"post_tag","embeddable":true,"href":"https:\/\/www.polisrecreio.com.br\/site\/wp-json\/wp\/v2\/tags?post=26072"}],"curies":[{"name":"wp","href":"https:\/\/api.w.org\/{rel}","templated":true}]}}