{"id":2609,"date":"2016-08-12T12:08:56","date_gmt":"2016-08-12T15:08:56","guid":{"rendered":"http:\/\/www.polisrecreio.com.br\/site\/?p=2609"},"modified":"2016-08-12T12:13:17","modified_gmt":"2016-08-12T15:13:17","slug":"epidemiologia-age-rapido-e-retira-pneus-depositados-no-patio-de-exposicao","status":"publish","type":"post","link":"https:\/\/www.polisrecreio.com.br\/site\/2016\/08\/12\/epidemiologia-age-rapido-e-retira-pneus-depositados-no-patio-de-exposicao\/","title":{"rendered":"Epidemiologia age r\u00e1pido e retira pneus depositados no p\u00e1tio de exposi\u00e7\u00e3o"},"content":{"rendered":"<p style=\"text-align: justify;\">Durante a manh\u00e3 de hoje (11), a equipe da vigil\u00e2ncia epidemiol\u00f3gica do Munic\u00edpio esteve no p\u00e1tio de exposi\u00e7\u00e3o retirando os pneus e outros objetos que foram depositados pelo setor de obras atr\u00e1s de uma barraca dentro do p\u00e1tio. Os materiais estavam em um local sem cobertura e prop\u00edcios a focos do Aedes Aegypti, transmissor da dengue, do zika v\u00edrus e da febre chinkungunya.<\/p>\n<p style=\"text-align: justify;\"><!--more--><\/p>\n<p style=\"text-align: justify;\"><a href=\"http:\/\/www.polisrecreio.com.br\/site\/wp-content\/uploads\/2016\/08\/13962494_1039306526147176_2298666524927541723_n.jpg\"><img loading=\"lazy\" class=\"aligncenter size-full wp-image-2610\" src=\"http:\/\/www.polisrecreio.com.br\/site\/wp-content\/uploads\/2016\/08\/13962494_1039306526147176_2298666524927541723_n.jpg\" alt=\"13962494_1039306526147176_2298666524927541723_n\" width=\"800\" height=\"583\" srcset=\"https:\/\/www.polisrecreio.com.br\/site\/wp-content\/uploads\/2016\/08\/13962494_1039306526147176_2298666524927541723_n.jpg 800w, https:\/\/www.polisrecreio.com.br\/site\/wp-content\/uploads\/2016\/08\/13962494_1039306526147176_2298666524927541723_n-300x219.jpg 300w\" sizes=\"(max-width: 800px) 100vw, 800px\" \/><\/a><\/p>\n<p style=\"text-align: justify;\">Os pneus de m\u00e1quinas pesadas e demais objetos haviam sido retirados de dentro do espa\u00e7o que abriga a mostra do artesanato durante a EXPO e depositados atr\u00e1s de uma barraca que fica ao lado do palco, na divisa com a antiga rinha de galo, onde atualmente funciona uma confec\u00e7\u00e3o. Alguns pneus j\u00e1 estavam cheios d\u2019\u00e1gua, depois da chuva da quarta-feira (10). Al\u00e9m de retirar os objetos que poderiam servir de focos do mosquito da dengue, os agentes jogaram larvicida em alguns. O fato\u00a0havia sido destaque no Site P\u00f3lis ontem, depois de preocupa\u00e7\u00f5es dos moradores pr\u00f3ximos ao p\u00e1tio.<\/p>\n<p>\u201cAgora, os pneus, ao todo 13, dever\u00e3o ser encaminhados para o Eco Ponto do Munic\u00edpio, que fica na Rua Carrano (Avenida) e, os demais objetos colocados em local coberto. Essa responsabilidade \u00e9 do setor de obras\u201d, disse Alessandra Campos, chefe de turma da equipe da epidemiologia de Recreio.<\/p>\n<figure id=\"attachment_2611\" aria-describedby=\"caption-attachment-2611\" style=\"width: 800px\" class=\"wp-caption aligncenter\"><a href=\"http:\/\/www.polisrecreio.com.br\/site\/wp-content\/uploads\/2016\/08\/13891855_1039306609480501_6008767149247222301_n.jpg\"><img loading=\"lazy\" class=\"wp-image-2611 size-full\" src=\"http:\/\/www.polisrecreio.com.br\/site\/wp-content\/uploads\/2016\/08\/13891855_1039306609480501_6008767149247222301_n.jpg\" alt=\"13891855_1039306609480501_6008767149247222301_n\" width=\"800\" height=\"697\" srcset=\"https:\/\/www.polisrecreio.com.br\/site\/wp-content\/uploads\/2016\/08\/13891855_1039306609480501_6008767149247222301_n.jpg 800w, https:\/\/www.polisrecreio.com.br\/site\/wp-content\/uploads\/2016\/08\/13891855_1039306609480501_6008767149247222301_n-300x261.jpg 300w\" sizes=\"(max-width: 800px) 100vw, 800px\" \/><\/a><figcaption id=\"caption-attachment-2611\" class=\"wp-caption-text\">Pneus sendo retirados.<\/figcaption><\/figure>\n<figure id=\"attachment_2612\" aria-describedby=\"caption-attachment-2612\" style=\"width: 800px\" class=\"wp-caption aligncenter\"><a href=\"http:\/\/www.polisrecreio.com.br\/site\/wp-content\/uploads\/2016\/08\/13892317_1039306582813837_1036597234650708357_n.jpg\"><img loading=\"lazy\" class=\"wp-image-2612 size-full\" src=\"http:\/\/www.polisrecreio.com.br\/site\/wp-content\/uploads\/2016\/08\/13892317_1039306582813837_1036597234650708357_n.jpg\" alt=\"13892317_1039306582813837_1036597234650708357_n\" width=\"800\" height=\"611\" srcset=\"https:\/\/www.polisrecreio.com.br\/site\/wp-content\/uploads\/2016\/08\/13892317_1039306582813837_1036597234650708357_n.jpg 800w, https:\/\/www.polisrecreio.com.br\/site\/wp-content\/uploads\/2016\/08\/13892317_1039306582813837_1036597234650708357_n-300x229.jpg 300w\" sizes=\"(max-width: 800px) 100vw, 800px\" \/><\/a><figcaption id=\"caption-attachment-2612\" class=\"wp-caption-text\">Pneus sendo retirados.<\/figcaption><\/figure>\n<figure id=\"attachment_2613\" aria-describedby=\"caption-attachment-2613\" style=\"width: 800px\" class=\"wp-caption aligncenter\"><a href=\"http:\/\/www.polisrecreio.com.br\/site\/wp-content\/uploads\/2016\/08\/13906618_1039306486147180_7502859953376708660_n.jpg\"><img loading=\"lazy\" class=\"wp-image-2613 size-full\" src=\"http:\/\/www.polisrecreio.com.br\/site\/wp-content\/uploads\/2016\/08\/13906618_1039306486147180_7502859953376708660_n.jpg\" alt=\"13906618_1039306486147180_7502859953376708660_n\" width=\"800\" height=\"600\" srcset=\"https:\/\/www.polisrecreio.com.br\/site\/wp-content\/uploads\/2016\/08\/13906618_1039306486147180_7502859953376708660_n.jpg 800w, https:\/\/www.polisrecreio.com.br\/site\/wp-content\/uploads\/2016\/08\/13906618_1039306486147180_7502859953376708660_n-300x225.jpg 300w\" sizes=\"(max-width: 800px) 100vw, 800px\" \/><\/a><figcaption id=\"caption-attachment-2613\" class=\"wp-caption-text\">Equipe trabalhando.<\/figcaption><\/figure>\n<p><strong>Cohab Dr. Iraj\u00e1 Jos\u00e9 Fernandes vai receber combate \u00e0 dengue<\/strong><\/p>\n<p style=\"text-align: justify;\">Nesse s\u00e1bado (13), a partir das 8h, a equipe da epidemiologia estar\u00e1 visitando a Cohab Dr. Iraj\u00e1 Jos\u00e9 Fernandes, no bairro Jos\u00e9 Taranto Luz, com o objetivo de exterminar poss\u00edveis focos do mosquito transmissor da dengue e orientando a comunidade sobre os riscos da doen\u00e7a.<\/p>\n","protected":false},"excerpt":{"rendered":"<p>Durante a manh\u00e3 de hoje (11), a equipe da vigil\u00e2ncia epidemiol\u00f3gica do Munic\u00edpio esteve no p\u00e1tio de exposi\u00e7\u00e3o retirando os pneus e outros objetos que foram depositados pelo setor de obras atr\u00e1s de uma barraca dentro do p\u00e1tio. Os materiais estavam em um local sem cobertura e prop\u00edcios a focos do Aedes Aegypti, transmissor da [&hellip;]<\/p>\n","protected":false},"author":3,"featured_media":2613,"comment_status":"open","ping_status":"open","sticky":false,"template":"","format":"standard","meta":[],"categories":[7],"tags":[],"yoast_head":"<!-- This site is optimized with the Yoast SEO plugin v15.6.2 - https:\/\/yoast.com\/wordpress\/plugins\/seo\/ -->\n<meta name=\"robots\" content=\"index, follow, max-snippet:-1, max-image-preview:large, max-video-preview:-1\" \/>\n<link rel=\"canonical\" href=\"https:\/\/www.polisrecreio.com.br\/site\/2016\/08\/12\/epidemiologia-age-rapido-e-retira-pneus-depositados-no-patio-de-exposicao\/\" \/>\n<meta property=\"og:locale\" content=\"pt_BR\" \/>\n<meta property=\"og:type\" content=\"article\" \/>\n<meta property=\"og:title\" content=\"Epidemiologia age r\u00e1pido e retira pneus depositados no p\u00e1tio de exposi\u00e7\u00e3o - P\u00f3lis Recreio\" \/>\n<meta property=\"og:description\" content=\"Durante a manh\u00e3 de hoje (11), a equipe da vigil\u00e2ncia epidemiol\u00f3gica do Munic\u00edpio esteve no p\u00e1tio de exposi\u00e7\u00e3o retirando os pneus e outros objetos que foram depositados pelo setor de obras atr\u00e1s de uma barraca dentro do p\u00e1tio. Os materiais estavam em um local sem cobertura e prop\u00edcios a focos do Aedes Aegypti, transmissor da [&hellip;]\" \/>\n<meta property=\"og:url\" content=\"https:\/\/www.polisrecreio.com.br\/site\/2016\/08\/12\/epidemiologia-age-rapido-e-retira-pneus-depositados-no-patio-de-exposicao\/\" \/>\n<meta property=\"og:site_name\" content=\"P\u00f3lis Recreio\" \/>\n<meta property=\"article:publisher\" content=\"https:\/\/www.facebook.com\/Site-P%c3%b3lis-Recreio-MG-181941708571019\/\" \/>\n<meta property=\"article:published_time\" content=\"2016-08-12T15:08:56+00:00\" \/>\n<meta property=\"article:modified_time\" content=\"2016-08-12T15:13:17+00:00\" \/>\n<meta property=\"og:image\" content=\"https:\/\/www.polisrecreio.com.br\/site\/wp-content\/uploads\/2016\/08\/13906618_1039306486147180_7502859953376708660_n.jpg\" \/>\n\t<meta property=\"og:image:width\" content=\"800\" \/>\n\t<meta property=\"og:image:height\" content=\"600\" \/>\n<meta name=\"twitter:card\" content=\"summary_large_image\" \/>\n<meta name=\"twitter:creator\" content=\"@PolisRecreio\" \/>\n<meta name=\"twitter:site\" content=\"@PolisRecreio\" \/>\n<meta name=\"twitter:label1\" content=\"Est. reading time\">\n\t<meta name=\"twitter:data1\" content=\"2 minutos\">\n<script type=\"application\/ld+json\" class=\"yoast-schema-graph\">{\"@context\":\"https:\/\/schema.org\",\"@graph\":[{\"@type\":\"WebSite\",\"@id\":\"https:\/\/www.polisrecreio.com.br\/site\/#website\",\"url\":\"https:\/\/www.polisrecreio.com.br\/site\/\",\"name\":\"P\\u00f3lis Recreio\",\"description\":\"\",\"potentialAction\":[{\"@type\":\"SearchAction\",\"target\":\"https:\/\/www.polisrecreio.com.br\/site\/?s={search_term_string}\",\"query-input\":\"required name=search_term_string\"}],\"inLanguage\":\"pt-BR\"},{\"@type\":\"ImageObject\",\"@id\":\"https:\/\/www.polisrecreio.com.br\/site\/2016\/08\/12\/epidemiologia-age-rapido-e-retira-pneus-depositados-no-patio-de-exposicao\/#primaryimage\",\"inLanguage\":\"pt-BR\",\"url\":\"https:\/\/www.polisrecreio.com.br\/site\/wp-content\/uploads\/2016\/08\/13906618_1039306486147180_7502859953376708660_n.jpg\",\"width\":800,\"height\":600},{\"@type\":\"WebPage\",\"@id\":\"https:\/\/www.polisrecreio.com.br\/site\/2016\/08\/12\/epidemiologia-age-rapido-e-retira-pneus-depositados-no-patio-de-exposicao\/#webpage\",\"url\":\"https:\/\/www.polisrecreio.com.br\/site\/2016\/08\/12\/epidemiologia-age-rapido-e-retira-pneus-depositados-no-patio-de-exposicao\/\",\"name\":\"Epidemiologia age r\\u00e1pido e retira pneus depositados no p\\u00e1tio de exposi\\u00e7\\u00e3o - P\\u00f3lis Recreio\",\"isPartOf\":{\"@id\":\"https:\/\/www.polisrecreio.com.br\/site\/#website\"},\"primaryImageOfPage\":{\"@id\":\"https:\/\/www.polisrecreio.com.br\/site\/2016\/08\/12\/epidemiologia-age-rapido-e-retira-pneus-depositados-no-patio-de-exposicao\/#primaryimage\"},\"datePublished\":\"2016-08-12T15:08:56+00:00\",\"dateModified\":\"2016-08-12T15:13:17+00:00\",\"author\":{\"@id\":\"https:\/\/www.polisrecreio.com.br\/site\/#\/schema\/person\/3363c1c78e1e28e1329d97adb387638e\"},\"inLanguage\":\"pt-BR\",\"potentialAction\":[{\"@type\":\"ReadAction\",\"target\":[\"https:\/\/www.polisrecreio.com.br\/site\/2016\/08\/12\/epidemiologia-age-rapido-e-retira-pneus-depositados-no-patio-de-exposicao\/\"]}]},{\"@type\":\"Person\",\"@id\":\"https:\/\/www.polisrecreio.com.br\/site\/#\/schema\/person\/3363c1c78e1e28e1329d97adb387638e\",\"name\":\"Leonardo Ribeiro\",\"image\":{\"@type\":\"ImageObject\",\"@id\":\"https:\/\/www.polisrecreio.com.br\/site\/#personlogo\",\"inLanguage\":\"pt-BR\",\"url\":\"https:\/\/secure.gravatar.com\/avatar\/6ba92a37d621e1a83e23710251178a12?s=96&d=mm&r=g\",\"caption\":\"Leonardo Ribeiro\"},\"sameAs\":[\"http:\/\/www.polisrecreio.com.br\"]}]}<\/script>\n<!-- \/ Yoast SEO plugin. -->","_links":{"self":[{"href":"https:\/\/www.polisrecreio.com.br\/site\/wp-json\/wp\/v2\/posts\/2609"}],"collection":[{"href":"https:\/\/www.polisrecreio.com.br\/site\/wp-json\/wp\/v2\/posts"}],"about":[{"href":"https:\/\/www.polisrecreio.com.br\/site\/wp-json\/wp\/v2\/types\/post"}],"author":[{"embeddable":true,"href":"https:\/\/www.polisrecreio.com.br\/site\/wp-json\/wp\/v2\/users\/3"}],"replies":[{"embeddable":true,"href":"https:\/\/www.polisrecreio.com.br\/site\/wp-json\/wp\/v2\/comments?post=2609"}],"version-history":[{"count":6,"href":"https:\/\/www.polisrecreio.com.br\/site\/wp-json\/wp\/v2\/posts\/2609\/revisions"}],"predecessor-version":[{"id":2619,"href":"https:\/\/www.polisrecreio.com.br\/site\/wp-json\/wp\/v2\/posts\/2609\/revisions\/2619"}],"wp:featuredmedia":[{"embeddable":true,"href":"https:\/\/www.polisrecreio.com.br\/site\/wp-json\/wp\/v2\/media\/2613"}],"wp:attachment":[{"href":"https:\/\/www.polisrecreio.com.br\/site\/wp-json\/wp\/v2\/media?parent=2609"}],"wp:term":[{"taxonomy":"category","embeddable":true,"href":"https:\/\/www.polisrecreio.com.br\/site\/wp-json\/wp\/v2\/categories?post=2609"},{"taxonomy":"post_tag","embeddable":true,"href":"https:\/\/www.polisrecreio.com.br\/site\/wp-json\/wp\/v2\/tags?post=2609"}],"curies":[{"name":"wp","href":"https:\/\/api.w.org\/{rel}","templated":true}]}}