{"id":26096,"date":"2023-09-15T08:49:26","date_gmt":"2023-09-15T11:49:26","guid":{"rendered":"http:\/\/www.polisrecreio.com.br\/site\/?p=26096"},"modified":"2023-09-15T08:54:31","modified_gmt":"2023-09-15T11:54:31","slug":"enquanto-calcamento-nao-chega-segue-a-aflicao-dos-moradores-da-rua-manoel-leite-pinho","status":"publish","type":"post","link":"https:\/\/www.polisrecreio.com.br\/site\/2023\/09\/15\/enquanto-calcamento-nao-chega-segue-a-aflicao-dos-moradores-da-rua-manoel-leite-pinho\/","title":{"rendered":"Enquanto cal\u00e7amento n\u00e3o chega, segue a afli\u00e7\u00e3o dos moradores da Rua Manoel Leite Pinho"},"content":{"rendered":"<p style=\"text-align: justify;\">A cada chuva que cai em Recreio, a situa\u00e7\u00e3o da Rua Manoel Leite Pinho (morro da Erus) fica mais insustent\u00e1vel. Enquanto a recomposi\u00e7\u00e3o do cal\u00e7amento no acesso pela Rua Gon\u00e7alves Neto n\u00e3o chega, segue a afli\u00e7\u00e3o dos moradores.<\/p>\n<p><!--more--><\/p>\n<figure id=\"attachment_26098\" aria-describedby=\"caption-attachment-26098\" style=\"width: 750px\" class=\"wp-caption aligncenter\"><a href=\"http:\/\/www.polisrecreio.com.br\/site\/wp-content\/uploads\/2023\/09\/rua.jpg\"><img loading=\"lazy\" class=\"wp-image-26098\" src=\"http:\/\/www.polisrecreio.com.br\/site\/wp-content\/uploads\/2023\/09\/rua.jpg\" alt=\"\" width=\"750\" height=\"641\" srcset=\"https:\/\/www.polisrecreio.com.br\/site\/wp-content\/uploads\/2023\/09\/rua.jpg 585w, https:\/\/www.polisrecreio.com.br\/site\/wp-content\/uploads\/2023\/09\/rua-300x256.jpg 300w\" sizes=\"(max-width: 750px) 100vw, 750px\" \/><\/a><figcaption id=\"caption-attachment-26098\" class=\"wp-caption-text\">Foto: Reprodu\u00e7\u00e3o Facebook.<\/figcaption><\/figure>\n<p style=\"text-align: justify;\">De acordo com informa\u00e7\u00f5es, no in\u00edcio deste m\u00eas a Prefeitura Municipal licitou pela terceira vez a obra de cal\u00e7amento da via. Os processos anteriores foram cancelados. Desta vez a empresa vencedora foi a Mendes Constru\u00e7\u00f5es Ltda. (CNPJ: 28.585.882\/0001-13). O valor global foi de R$ 140.739,32. (Veja abaixo).<\/p>\n<p style=\"text-align: justify;\">De agosto de 2022 at\u00e9 hoje: tiraram o cal\u00e7amento de p\u00e9 de moleque, fizeram nova rede de esgoto, seria asfaltada, cancelou o asfalto, passou para cal\u00e7amento sextavado, cancelou o contrato com a empresa e agora licitou a empresa. N\u00e3o h\u00e1 informa\u00e7\u00f5es sobre o in\u00edcio das obras.<\/p>\n<figure id=\"attachment_26097\" aria-describedby=\"caption-attachment-26097\" style=\"width: 750px\" class=\"wp-caption aligncenter\"><a href=\"http:\/\/www.polisrecreio.com.br\/site\/wp-content\/uploads\/2023\/09\/rua2.jpg\"><img loading=\"lazy\" class=\"wp-image-26097\" src=\"http:\/\/www.polisrecreio.com.br\/site\/wp-content\/uploads\/2023\/09\/rua2.jpg\" alt=\"\" width=\"750\" height=\"788\" srcset=\"https:\/\/www.polisrecreio.com.br\/site\/wp-content\/uploads\/2023\/09\/rua2.jpg 476w, https:\/\/www.polisrecreio.com.br\/site\/wp-content\/uploads\/2023\/09\/rua2-286x300.jpg 286w\" sizes=\"(max-width: 750px) 100vw, 750px\" \/><\/a><figcaption id=\"caption-attachment-26097\" class=\"wp-caption-text\">Foto: Reprodu\u00e7\u00e3o Facebook.<\/figcaption><\/figure>\n<p><a href=\"http:\/\/www.polisrecreio.com.br\/site\/wp-content\/uploads\/2023\/09\/WhatsApp-Image-2023-09-13-at-10.06.46.jpeg\"><img loading=\"lazy\" class=\"aligncenter wp-image-26100\" src=\"http:\/\/www.polisrecreio.com.br\/site\/wp-content\/uploads\/2023\/09\/WhatsApp-Image-2023-09-13-at-10.06.46.jpeg\" alt=\"\" width=\"750\" height=\"623\" srcset=\"https:\/\/www.polisrecreio.com.br\/site\/wp-content\/uploads\/2023\/09\/WhatsApp-Image-2023-09-13-at-10.06.46.jpeg 371w, https:\/\/www.polisrecreio.com.br\/site\/wp-content\/uploads\/2023\/09\/WhatsApp-Image-2023-09-13-at-10.06.46-300x249.jpeg 300w\" sizes=\"(max-width: 750px) 100vw, 750px\" \/><\/a><\/p>\n","protected":false},"excerpt":{"rendered":"<p>A cada chuva que cai em Recreio, a situa\u00e7\u00e3o da Rua Manoel Leite Pinho (morro da Erus) fica mais insustent\u00e1vel. Enquanto a recomposi\u00e7\u00e3o do cal\u00e7amento no acesso pela Rua Gon\u00e7alves Neto n\u00e3o chega, segue a afli\u00e7\u00e3o dos moradores.<\/p>\n","protected":false},"author":3,"featured_media":0,"comment_status":"open","ping_status":"open","sticky":false,"template":"","format":"standard","meta":[],"categories":[6],"tags":[],"yoast_head":"<!-- This site is optimized with the Yoast SEO plugin v15.6.2 - https:\/\/yoast.com\/wordpress\/plugins\/seo\/ -->\n<meta name=\"robots\" content=\"index, follow, max-snippet:-1, max-image-preview:large, max-video-preview:-1\" \/>\n<link rel=\"canonical\" href=\"http:\/\/www.polisrecreio.com.br\/site\/2023\/09\/15\/enquanto-calcamento-nao-chega-segue-a-aflicao-dos-moradores-da-rua-manoel-leite-pinho\/\" \/>\n<meta property=\"og:locale\" content=\"pt_BR\" \/>\n<meta property=\"og:type\" content=\"article\" \/>\n<meta property=\"og:title\" content=\"Enquanto cal\u00e7amento n\u00e3o chega, segue a afli\u00e7\u00e3o dos moradores da Rua Manoel Leite Pinho - P\u00f3lis Recreio\" \/>\n<meta property=\"og:description\" content=\"A cada chuva que cai em Recreio, a situa\u00e7\u00e3o da Rua Manoel Leite Pinho (morro da Erus) fica mais insustent\u00e1vel. Enquanto a recomposi\u00e7\u00e3o do cal\u00e7amento no acesso pela Rua Gon\u00e7alves Neto n\u00e3o chega, segue a afli\u00e7\u00e3o dos moradores.\" \/>\n<meta property=\"og:url\" content=\"http:\/\/www.polisrecreio.com.br\/site\/2023\/09\/15\/enquanto-calcamento-nao-chega-segue-a-aflicao-dos-moradores-da-rua-manoel-leite-pinho\/\" \/>\n<meta property=\"og:site_name\" content=\"P\u00f3lis Recreio\" \/>\n<meta property=\"article:publisher\" content=\"https:\/\/www.facebook.com\/Site-P%c3%b3lis-Recreio-MG-181941708571019\/\" \/>\n<meta property=\"article:published_time\" content=\"2023-09-15T11:49:26+00:00\" \/>\n<meta property=\"article:modified_time\" content=\"2023-09-15T11:54:31+00:00\" \/>\n<meta property=\"og:image\" content=\"http:\/\/www.polisrecreio.com.br\/site\/wp-content\/uploads\/2023\/09\/rua.jpg\" \/>\n<meta name=\"twitter:card\" content=\"summary_large_image\" \/>\n<meta name=\"twitter:creator\" content=\"@PolisRecreio\" \/>\n<meta name=\"twitter:site\" content=\"@PolisRecreio\" \/>\n<meta name=\"twitter:label1\" content=\"Est. reading time\">\n\t<meta name=\"twitter:data1\" content=\"2 minutos\">\n<script type=\"application\/ld+json\" class=\"yoast-schema-graph\">{\"@context\":\"https:\/\/schema.org\",\"@graph\":[{\"@type\":\"WebSite\",\"@id\":\"https:\/\/www.polisrecreio.com.br\/site\/#website\",\"url\":\"https:\/\/www.polisrecreio.com.br\/site\/\",\"name\":\"P\\u00f3lis Recreio\",\"description\":\"\",\"potentialAction\":[{\"@type\":\"SearchAction\",\"target\":\"https:\/\/www.polisrecreio.com.br\/site\/?s={search_term_string}\",\"query-input\":\"required name=search_term_string\"}],\"inLanguage\":\"pt-BR\"},{\"@type\":\"ImageObject\",\"@id\":\"http:\/\/www.polisrecreio.com.br\/site\/2023\/09\/15\/enquanto-calcamento-nao-chega-segue-a-aflicao-dos-moradores-da-rua-manoel-leite-pinho\/#primaryimage\",\"inLanguage\":\"pt-BR\",\"url\":\"http:\/\/www.polisrecreio.com.br\/site\/wp-content\/uploads\/2023\/09\/rua.jpg\"},{\"@type\":\"WebPage\",\"@id\":\"http:\/\/www.polisrecreio.com.br\/site\/2023\/09\/15\/enquanto-calcamento-nao-chega-segue-a-aflicao-dos-moradores-da-rua-manoel-leite-pinho\/#webpage\",\"url\":\"http:\/\/www.polisrecreio.com.br\/site\/2023\/09\/15\/enquanto-calcamento-nao-chega-segue-a-aflicao-dos-moradores-da-rua-manoel-leite-pinho\/\",\"name\":\"Enquanto cal\\u00e7amento n\\u00e3o chega, segue a afli\\u00e7\\u00e3o dos moradores da Rua Manoel Leite Pinho - P\\u00f3lis Recreio\",\"isPartOf\":{\"@id\":\"https:\/\/www.polisrecreio.com.br\/site\/#website\"},\"primaryImageOfPage\":{\"@id\":\"http:\/\/www.polisrecreio.com.br\/site\/2023\/09\/15\/enquanto-calcamento-nao-chega-segue-a-aflicao-dos-moradores-da-rua-manoel-leite-pinho\/#primaryimage\"},\"datePublished\":\"2023-09-15T11:49:26+00:00\",\"dateModified\":\"2023-09-15T11:54:31+00:00\",\"author\":{\"@id\":\"https:\/\/www.polisrecreio.com.br\/site\/#\/schema\/person\/3363c1c78e1e28e1329d97adb387638e\"},\"inLanguage\":\"pt-BR\",\"potentialAction\":[{\"@type\":\"ReadAction\",\"target\":[\"http:\/\/www.polisrecreio.com.br\/site\/2023\/09\/15\/enquanto-calcamento-nao-chega-segue-a-aflicao-dos-moradores-da-rua-manoel-leite-pinho\/\"]}]},{\"@type\":\"Person\",\"@id\":\"https:\/\/www.polisrecreio.com.br\/site\/#\/schema\/person\/3363c1c78e1e28e1329d97adb387638e\",\"name\":\"Leonardo Ribeiro\",\"image\":{\"@type\":\"ImageObject\",\"@id\":\"https:\/\/www.polisrecreio.com.br\/site\/#personlogo\",\"inLanguage\":\"pt-BR\",\"url\":\"https:\/\/secure.gravatar.com\/avatar\/6ba92a37d621e1a83e23710251178a12?s=96&d=mm&r=g\",\"caption\":\"Leonardo Ribeiro\"},\"sameAs\":[\"http:\/\/www.polisrecreio.com.br\"]}]}<\/script>\n<!-- \/ Yoast SEO plugin. -->","_links":{"self":[{"href":"https:\/\/www.polisrecreio.com.br\/site\/wp-json\/wp\/v2\/posts\/26096"}],"collection":[{"href":"https:\/\/www.polisrecreio.com.br\/site\/wp-json\/wp\/v2\/posts"}],"about":[{"href":"https:\/\/www.polisrecreio.com.br\/site\/wp-json\/wp\/v2\/types\/post"}],"author":[{"embeddable":true,"href":"https:\/\/www.polisrecreio.com.br\/site\/wp-json\/wp\/v2\/users\/3"}],"replies":[{"embeddable":true,"href":"https:\/\/www.polisrecreio.com.br\/site\/wp-json\/wp\/v2\/comments?post=26096"}],"version-history":[{"count":5,"href":"https:\/\/www.polisrecreio.com.br\/site\/wp-json\/wp\/v2\/posts\/26096\/revisions"}],"predecessor-version":[{"id":26104,"href":"https:\/\/www.polisrecreio.com.br\/site\/wp-json\/wp\/v2\/posts\/26096\/revisions\/26104"}],"wp:attachment":[{"href":"https:\/\/www.polisrecreio.com.br\/site\/wp-json\/wp\/v2\/media?parent=26096"}],"wp:term":[{"taxonomy":"category","embeddable":true,"href":"https:\/\/www.polisrecreio.com.br\/site\/wp-json\/wp\/v2\/categories?post=26096"},{"taxonomy":"post_tag","embeddable":true,"href":"https:\/\/www.polisrecreio.com.br\/site\/wp-json\/wp\/v2\/tags?post=26096"}],"curies":[{"name":"wp","href":"https:\/\/api.w.org\/{rel}","templated":true}]}}