{"id":2620,"date":"2016-08-12T16:41:14","date_gmt":"2016-08-12T19:41:14","guid":{"rendered":"http:\/\/www.polisrecreio.com.br\/site\/?p=2620"},"modified":"2016-08-12T16:41:14","modified_gmt":"2016-08-12T19:41:14","slug":"recreio-e-c-perde-invencibilidade-no-sub-17-da-lec","status":"publish","type":"post","link":"https:\/\/www.polisrecreio.com.br\/site\/2016\/08\/12\/recreio-e-c-perde-invencibilidade-no-sub-17-da-lec\/","title":{"rendered":"Recreio E.C perde invencibilidade no sub-17 da LEC"},"content":{"rendered":"<p style=\"text-align: justify;\">A garotada do Recreio Esporte Clube perdeu a invencibilidade no Campeonato Regional sub-17 da Liga Esportiva de Cataguases. A primeira derrota na competi\u00e7\u00e3o aconteceu ontem (11) em Santo Ant\u00f4nio do Aventureiro.<\/p>\n<p style=\"text-align: justify;\"><!--more--><\/p>\n<figure id=\"attachment_2545\" aria-describedby=\"caption-attachment-2545\" style=\"width: 800px\" class=\"wp-caption aligncenter\"><a href=\"http:\/\/www.polisrecreio.com.br\/site\/wp-content\/uploads\/2016\/08\/rec.jpg\"><img loading=\"lazy\" class=\"size-full wp-image-2545\" src=\"http:\/\/www.polisrecreio.com.br\/site\/wp-content\/uploads\/2016\/08\/rec.jpg\" alt=\"Recreio Esporte Clube, sub-17.\" width=\"800\" height=\"475\" srcset=\"https:\/\/www.polisrecreio.com.br\/site\/wp-content\/uploads\/2016\/08\/rec.jpg 800w, https:\/\/www.polisrecreio.com.br\/site\/wp-content\/uploads\/2016\/08\/rec-300x178.jpg 300w\" sizes=\"(max-width: 800px) 100vw, 800px\" \/><\/a><figcaption id=\"caption-attachment-2545\" class=\"wp-caption-text\">Recreio Esporte Clube, sub-17.<\/figcaption><\/figure>\n<p style=\"text-align: justify;\">O REC jogou contra a Sele\u00e7\u00e3o de Santo Ant\u00f4nio do Aventureiro pela primeira rodada do returno da primeira fase do Campeonato e o placar foi de 2X0 para a equipe da casa. Mesmo com a derrota os recreienses est\u00e3o na zona de classifica\u00e7\u00e3o para as quartas de finais. A lideran\u00e7a do grupo B agora \u00e9 do Democrata (Al\u00e9m Para\u00edba), com os mesmos 7 pontos do Recreio, por\u00e9m o time de Al\u00e9m Para\u00edba tem melhor saldo de gols. Na sequ\u00eancia da classifica\u00e7\u00e3o est\u00e3o a Sele\u00e7\u00e3o de Santo Ant\u00f4nio do Aventureiro e em \u00faltimo o Venancense (Comendador Ven\u00e2ncio \u2013 Itaperuna \u2013 RJ).<\/p>\n<p style=\"text-align: justify;\">Os pr\u00f3ximos jogos do alvinegro recreiense ser\u00e1 contra o Democrata, dia 20, e depois dia 27, encerrando a primeira fase frente ao Venancense. Os dois jogos ser\u00e3o no Est\u00e1dio Euvaldo Lodi, \u00e0s 15h.<\/p>\n","protected":false},"excerpt":{"rendered":"<p>A garotada do Recreio Esporte Clube perdeu a invencibilidade no Campeonato Regional sub-17 da Liga Esportiva de Cataguases. A primeira derrota na competi\u00e7\u00e3o aconteceu ontem (11) em Santo Ant\u00f4nio do Aventureiro.<\/p>\n","protected":false},"author":3,"featured_media":2545,"comment_status":"open","ping_status":"open","sticky":false,"template":"","format":"standard","meta":[],"categories":[4],"tags":[],"yoast_head":"<!-- This site is optimized with the Yoast SEO plugin v15.6.2 - https:\/\/yoast.com\/wordpress\/plugins\/seo\/ -->\n<meta name=\"robots\" content=\"index, follow, max-snippet:-1, max-image-preview:large, max-video-preview:-1\" \/>\n<link rel=\"canonical\" href=\"https:\/\/www.polisrecreio.com.br\/site\/2016\/08\/12\/recreio-e-c-perde-invencibilidade-no-sub-17-da-lec\/\" \/>\n<meta property=\"og:locale\" content=\"pt_BR\" \/>\n<meta property=\"og:type\" content=\"article\" \/>\n<meta property=\"og:title\" content=\"Recreio E.C perde invencibilidade no sub-17 da LEC - P\u00f3lis Recreio\" \/>\n<meta property=\"og:description\" content=\"A garotada do Recreio Esporte Clube perdeu a invencibilidade no Campeonato Regional sub-17 da Liga Esportiva de Cataguases. A primeira derrota na competi\u00e7\u00e3o aconteceu ontem (11) em Santo Ant\u00f4nio do Aventureiro.\" \/>\n<meta property=\"og:url\" content=\"https:\/\/www.polisrecreio.com.br\/site\/2016\/08\/12\/recreio-e-c-perde-invencibilidade-no-sub-17-da-lec\/\" \/>\n<meta property=\"og:site_name\" content=\"P\u00f3lis Recreio\" \/>\n<meta property=\"article:publisher\" content=\"https:\/\/www.facebook.com\/Site-P%c3%b3lis-Recreio-MG-181941708571019\/\" \/>\n<meta property=\"article:published_time\" content=\"2016-08-12T19:41:14+00:00\" \/>\n<meta property=\"og:image\" content=\"https:\/\/www.polisrecreio.com.br\/site\/wp-content\/uploads\/2016\/08\/rec.jpg\" \/>\n\t<meta property=\"og:image:width\" content=\"800\" \/>\n\t<meta property=\"og:image:height\" content=\"475\" \/>\n<meta name=\"twitter:card\" content=\"summary_large_image\" \/>\n<meta name=\"twitter:creator\" content=\"@PolisRecreio\" \/>\n<meta name=\"twitter:site\" content=\"@PolisRecreio\" \/>\n<meta name=\"twitter:label1\" content=\"Est. reading time\">\n\t<meta name=\"twitter:data1\" content=\"1 minuto\">\n<script type=\"application\/ld+json\" class=\"yoast-schema-graph\">{\"@context\":\"https:\/\/schema.org\",\"@graph\":[{\"@type\":\"WebSite\",\"@id\":\"https:\/\/www.polisrecreio.com.br\/site\/#website\",\"url\":\"https:\/\/www.polisrecreio.com.br\/site\/\",\"name\":\"P\\u00f3lis Recreio\",\"description\":\"\",\"potentialAction\":[{\"@type\":\"SearchAction\",\"target\":\"https:\/\/www.polisrecreio.com.br\/site\/?s={search_term_string}\",\"query-input\":\"required name=search_term_string\"}],\"inLanguage\":\"pt-BR\"},{\"@type\":\"ImageObject\",\"@id\":\"https:\/\/www.polisrecreio.com.br\/site\/2016\/08\/12\/recreio-e-c-perde-invencibilidade-no-sub-17-da-lec\/#primaryimage\",\"inLanguage\":\"pt-BR\",\"url\":\"https:\/\/www.polisrecreio.com.br\/site\/wp-content\/uploads\/2016\/08\/rec.jpg\",\"width\":800,\"height\":475,\"caption\":\"Recreio Esporte Clube, sub-17.\"},{\"@type\":\"WebPage\",\"@id\":\"https:\/\/www.polisrecreio.com.br\/site\/2016\/08\/12\/recreio-e-c-perde-invencibilidade-no-sub-17-da-lec\/#webpage\",\"url\":\"https:\/\/www.polisrecreio.com.br\/site\/2016\/08\/12\/recreio-e-c-perde-invencibilidade-no-sub-17-da-lec\/\",\"name\":\"Recreio E.C perde invencibilidade no sub-17 da LEC - P\\u00f3lis Recreio\",\"isPartOf\":{\"@id\":\"https:\/\/www.polisrecreio.com.br\/site\/#website\"},\"primaryImageOfPage\":{\"@id\":\"https:\/\/www.polisrecreio.com.br\/site\/2016\/08\/12\/recreio-e-c-perde-invencibilidade-no-sub-17-da-lec\/#primaryimage\"},\"datePublished\":\"2016-08-12T19:41:14+00:00\",\"dateModified\":\"2016-08-12T19:41:14+00:00\",\"author\":{\"@id\":\"https:\/\/www.polisrecreio.com.br\/site\/#\/schema\/person\/3363c1c78e1e28e1329d97adb387638e\"},\"inLanguage\":\"pt-BR\",\"potentialAction\":[{\"@type\":\"ReadAction\",\"target\":[\"https:\/\/www.polisrecreio.com.br\/site\/2016\/08\/12\/recreio-e-c-perde-invencibilidade-no-sub-17-da-lec\/\"]}]},{\"@type\":\"Person\",\"@id\":\"https:\/\/www.polisrecreio.com.br\/site\/#\/schema\/person\/3363c1c78e1e28e1329d97adb387638e\",\"name\":\"Leonardo Ribeiro\",\"image\":{\"@type\":\"ImageObject\",\"@id\":\"https:\/\/www.polisrecreio.com.br\/site\/#personlogo\",\"inLanguage\":\"pt-BR\",\"url\":\"https:\/\/secure.gravatar.com\/avatar\/6ba92a37d621e1a83e23710251178a12?s=96&d=mm&r=g\",\"caption\":\"Leonardo Ribeiro\"},\"sameAs\":[\"http:\/\/www.polisrecreio.com.br\"]}]}<\/script>\n<!-- \/ Yoast SEO plugin. -->","_links":{"self":[{"href":"https:\/\/www.polisrecreio.com.br\/site\/wp-json\/wp\/v2\/posts\/2620"}],"collection":[{"href":"https:\/\/www.polisrecreio.com.br\/site\/wp-json\/wp\/v2\/posts"}],"about":[{"href":"https:\/\/www.polisrecreio.com.br\/site\/wp-json\/wp\/v2\/types\/post"}],"author":[{"embeddable":true,"href":"https:\/\/www.polisrecreio.com.br\/site\/wp-json\/wp\/v2\/users\/3"}],"replies":[{"embeddable":true,"href":"https:\/\/www.polisrecreio.com.br\/site\/wp-json\/wp\/v2\/comments?post=2620"}],"version-history":[{"count":1,"href":"https:\/\/www.polisrecreio.com.br\/site\/wp-json\/wp\/v2\/posts\/2620\/revisions"}],"predecessor-version":[{"id":2621,"href":"https:\/\/www.polisrecreio.com.br\/site\/wp-json\/wp\/v2\/posts\/2620\/revisions\/2621"}],"wp:featuredmedia":[{"embeddable":true,"href":"https:\/\/www.polisrecreio.com.br\/site\/wp-json\/wp\/v2\/media\/2545"}],"wp:attachment":[{"href":"https:\/\/www.polisrecreio.com.br\/site\/wp-json\/wp\/v2\/media?parent=2620"}],"wp:term":[{"taxonomy":"category","embeddable":true,"href":"https:\/\/www.polisrecreio.com.br\/site\/wp-json\/wp\/v2\/categories?post=2620"},{"taxonomy":"post_tag","embeddable":true,"href":"https:\/\/www.polisrecreio.com.br\/site\/wp-json\/wp\/v2\/tags?post=2620"}],"curies":[{"name":"wp","href":"https:\/\/api.w.org\/{rel}","templated":true}]}}