{"id":2622,"date":"2016-08-12T18:36:01","date_gmt":"2016-08-12T21:36:01","guid":{"rendered":"http:\/\/www.polisrecreio.com.br\/site\/?p=2622"},"modified":"2016-08-12T19:10:00","modified_gmt":"2016-08-12T22:10:00","slug":"pm-visita-escolas-de-recreio-e-conversa-com-mais-400-estudantes","status":"publish","type":"post","link":"https:\/\/www.polisrecreio.com.br\/site\/2016\/08\/12\/pm-visita-escolas-de-recreio-e-conversa-com-mais-400-estudantes\/","title":{"rendered":"PM visita escolas de Recreio e conversa com mais 400 estudantes"},"content":{"rendered":"<p style=\"text-align: justify;\">Esta semana, a Pol\u00edcia Militar de Minas Gerais atrav\u00e9s do destacamento do Munic\u00edpio, come\u00e7ou um importante trabalho de parceria com as escolas de Recreio. Durante dois dias os militares, sargento Vin\u00edcius e os soldados, Zamperlim e Ronny, conversaram com mais 400 estudantes sobre \u201cdrogas\u201d.<\/p>\n<p style=\"text-align: justify;\"><!--more--><\/p>\n<figure id=\"attachment_2623\" aria-describedby=\"caption-attachment-2623\" style=\"width: 800px\" class=\"wp-caption aligncenter\"><a href=\"http:\/\/www.polisrecreio.com.br\/site\/wp-content\/uploads\/2016\/08\/1.jpg\"><img loading=\"lazy\" class=\"size-full wp-image-2623\" src=\"http:\/\/www.polisrecreio.com.br\/site\/wp-content\/uploads\/2016\/08\/1.jpg\" alt=\"Palestra da PM sobre &quot;drogas&quot;.\" width=\"800\" height=\"504\" srcset=\"https:\/\/www.polisrecreio.com.br\/site\/wp-content\/uploads\/2016\/08\/1.jpg 800w, https:\/\/www.polisrecreio.com.br\/site\/wp-content\/uploads\/2016\/08\/1-300x189.jpg 300w\" sizes=\"(max-width: 800px) 100vw, 800px\" \/><\/a><figcaption id=\"caption-attachment-2623\" class=\"wp-caption-text\">Palestra da PM sobre &#8220;drogas&#8221;.<\/figcaption><\/figure>\n<p style=\"text-align: justify;\">As conversas por meio de palestra come\u00e7aram na quarta-feira (10), na Escola Estadual Olavo Bilac, na parte da manh\u00e3, com participa\u00e7\u00e3o de mais de 200 alunos. Na parte da tarde, os militares estiveram no distrito de Concei\u00e7\u00e3o da Boa Vista, na Escola Estadual Presidente Carlos Luz, com quase 50 alunos. A semana de palestras encerrou no dia seguinte, na Escola Municipal Jo\u00e3o Damasceno Ferreira, onde mais de 150 alunos participaram.<\/p>\n<figure id=\"attachment_2624\" aria-describedby=\"caption-attachment-2624\" style=\"width: 800px\" class=\"wp-caption aligncenter\"><a href=\"http:\/\/www.polisrecreio.com.br\/site\/wp-content\/uploads\/2016\/08\/6.jpg\"><img loading=\"lazy\" class=\"size-full wp-image-2624\" src=\"http:\/\/www.polisrecreio.com.br\/site\/wp-content\/uploads\/2016\/08\/6.jpg\" alt=\"Soldado Zamperlim.\" width=\"800\" height=\"532\" srcset=\"https:\/\/www.polisrecreio.com.br\/site\/wp-content\/uploads\/2016\/08\/6.jpg 800w, https:\/\/www.polisrecreio.com.br\/site\/wp-content\/uploads\/2016\/08\/6-300x200.jpg 300w\" sizes=\"(max-width: 800px) 100vw, 800px\" \/><\/a><figcaption id=\"caption-attachment-2624\" class=\"wp-caption-text\">Soldado Zamperlim.<\/figcaption><\/figure>\n<p style=\"text-align: justify;\">Durante as comunica\u00e7\u00f5es, o soldado Zamperlim, mostrou para as crian\u00e7as e os adolescentes os riscos do consumo de drogas e como a PM trabalha para evitar a propaga\u00e7\u00e3o deste mal que assola a vida de v\u00e1rias fam\u00edlias recreienses. Al\u00e9m dos militares, participaram da a\u00e7\u00e3o inovadora, representantes religiosos, o conselho tutelar municipal e a jornalista S\u00f4nia Lara.<\/p>\n<p style=\"text-align: justify;\">Segundo o sargento Vin\u00edcius, \u201ca ideia \u00e9 continuar visitando as escolas, pois, s\u00f3 assim estaremos mais pr\u00f3ximos destes meninos e meninas que ser\u00e3o o futuro de Recreio\u201d, completou.<\/p>\n<figure id=\"attachment_2625\" aria-describedby=\"caption-attachment-2625\" style=\"width: 800px\" class=\"wp-caption aligncenter\"><a href=\"http:\/\/www.polisrecreio.com.br\/site\/wp-content\/uploads\/2016\/08\/2.jpg\"><img loading=\"lazy\" class=\"wp-image-2625 size-full\" src=\"http:\/\/www.polisrecreio.com.br\/site\/wp-content\/uploads\/2016\/08\/2.jpg\" alt=\"2\" width=\"800\" height=\"600\" srcset=\"https:\/\/www.polisrecreio.com.br\/site\/wp-content\/uploads\/2016\/08\/2.jpg 800w, https:\/\/www.polisrecreio.com.br\/site\/wp-content\/uploads\/2016\/08\/2-300x225.jpg 300w\" sizes=\"(max-width: 800px) 100vw, 800px\" \/><\/a><figcaption id=\"caption-attachment-2625\" class=\"wp-caption-text\">Jornalista S\u00f4nia Lara.<\/figcaption><\/figure>\n<figure id=\"attachment_2626\" aria-describedby=\"caption-attachment-2626\" style=\"width: 800px\" class=\"wp-caption aligncenter\"><a href=\"http:\/\/www.polisrecreio.com.br\/site\/wp-content\/uploads\/2016\/08\/3.jpg\"><img loading=\"lazy\" class=\"wp-image-2626 size-full\" src=\"http:\/\/www.polisrecreio.com.br\/site\/wp-content\/uploads\/2016\/08\/3.jpg\" alt=\"3\" width=\"800\" height=\"600\" srcset=\"https:\/\/www.polisrecreio.com.br\/site\/wp-content\/uploads\/2016\/08\/3.jpg 800w, https:\/\/www.polisrecreio.com.br\/site\/wp-content\/uploads\/2016\/08\/3-300x225.jpg 300w\" sizes=\"(max-width: 800px) 100vw, 800px\" \/><\/a><figcaption id=\"caption-attachment-2626\" class=\"wp-caption-text\">Representante religioso.<\/figcaption><\/figure>\n<figure id=\"attachment_2627\" aria-describedby=\"caption-attachment-2627\" style=\"width: 800px\" class=\"wp-caption aligncenter\"><a href=\"http:\/\/www.polisrecreio.com.br\/site\/wp-content\/uploads\/2016\/08\/4.jpg\"><img loading=\"lazy\" class=\"wp-image-2627 size-full\" src=\"http:\/\/www.polisrecreio.com.br\/site\/wp-content\/uploads\/2016\/08\/4.jpg\" alt=\"4\" width=\"800\" height=\"600\" srcset=\"https:\/\/www.polisrecreio.com.br\/site\/wp-content\/uploads\/2016\/08\/4.jpg 800w, https:\/\/www.polisrecreio.com.br\/site\/wp-content\/uploads\/2016\/08\/4-300x225.jpg 300w\" sizes=\"(max-width: 800px) 100vw, 800px\" \/><\/a><figcaption id=\"caption-attachment-2627\" class=\"wp-caption-text\">Diretor da E.E Olavo Bilac, Ruan Ferreira.<\/dd>\n<dd class=\"wp-caption-dd\"><\/figcaption><\/figure>\n<figure id=\"attachment_2628\" aria-describedby=\"caption-attachment-2628\" style=\"width: 800px\" class=\"wp-caption aligncenter\"><a href=\"http:\/\/www.polisrecreio.com.br\/site\/wp-content\/uploads\/2016\/08\/9.jpg\"><img loading=\"lazy\" class=\"size-full wp-image-2628\" src=\"http:\/\/www.polisrecreio.com.br\/site\/wp-content\/uploads\/2016\/08\/9.jpg\" alt=\"Diretor da E.M Jo\u00e3o D. Ferreira, Cynthia Carvalho.\" width=\"800\" height=\"532\" srcset=\"https:\/\/www.polisrecreio.com.br\/site\/wp-content\/uploads\/2016\/08\/9.jpg 800w, https:\/\/www.polisrecreio.com.br\/site\/wp-content\/uploads\/2016\/08\/9-300x200.jpg 300w\" sizes=\"(max-width: 800px) 100vw, 800px\" \/><\/a><figcaption id=\"caption-attachment-2628\" class=\"wp-caption-text\">Diretor da E.M Jo\u00e3o D. Ferreira, Cynthia Carvalho.<\/figcaption><\/figure>\n<figure id=\"attachment_2629\" aria-describedby=\"caption-attachment-2629\" style=\"width: 800px\" class=\"wp-caption aligncenter\"><a href=\"http:\/\/www.polisrecreio.com.br\/site\/wp-content\/uploads\/2016\/08\/5.jpg\"><img loading=\"lazy\" class=\"size-full wp-image-2629\" src=\"http:\/\/www.polisrecreio.com.br\/site\/wp-content\/uploads\/2016\/08\/5.jpg\" alt=\"E.E Presidente Carlos Luz.\" width=\"800\" height=\"600\" srcset=\"https:\/\/www.polisrecreio.com.br\/site\/wp-content\/uploads\/2016\/08\/5.jpg 800w, https:\/\/www.polisrecreio.com.br\/site\/wp-content\/uploads\/2016\/08\/5-300x225.jpg 300w\" sizes=\"(max-width: 800px) 100vw, 800px\" \/><\/a><figcaption id=\"caption-attachment-2629\" class=\"wp-caption-text\">E.E Presidente Carlos Luz.<\/figcaption><\/figure>\n<figure id=\"attachment_2631\" aria-describedby=\"caption-attachment-2631\" style=\"width: 800px\" class=\"wp-caption aligncenter\"><a href=\"http:\/\/www.polisrecreio.com.br\/site\/wp-content\/uploads\/2016\/08\/8.jpg\"><img loading=\"lazy\" class=\"size-full wp-image-2631\" src=\"http:\/\/www.polisrecreio.com.br\/site\/wp-content\/uploads\/2016\/08\/8.jpg\" alt=\"E.M Jo\u00e3o Damasceno Ferreira.\" width=\"800\" height=\"532\" srcset=\"https:\/\/www.polisrecreio.com.br\/site\/wp-content\/uploads\/2016\/08\/8.jpg 800w, https:\/\/www.polisrecreio.com.br\/site\/wp-content\/uploads\/2016\/08\/8-300x200.jpg 300w\" sizes=\"(max-width: 800px) 100vw, 800px\" \/><\/a><figcaption id=\"caption-attachment-2631\" class=\"wp-caption-text\">E.M Jo\u00e3o Damasceno Ferreira.<\/figcaption><\/figure>\n<figure id=\"attachment_2623\" aria-describedby=\"caption-attachment-2623\" style=\"width: 800px\" class=\"wp-caption aligncenter\"><a href=\"http:\/\/www.polisrecreio.com.br\/site\/wp-content\/uploads\/2016\/08\/1.jpg\"><img loading=\"lazy\" class=\"size-full wp-image-2623\" src=\"http:\/\/www.polisrecreio.com.br\/site\/wp-content\/uploads\/2016\/08\/1.jpg\" alt=\"E.E Olavo Bilac.\" width=\"800\" height=\"504\" srcset=\"https:\/\/www.polisrecreio.com.br\/site\/wp-content\/uploads\/2016\/08\/1.jpg 800w, https:\/\/www.polisrecreio.com.br\/site\/wp-content\/uploads\/2016\/08\/1-300x189.jpg 300w\" sizes=\"(max-width: 800px) 100vw, 800px\" \/><\/a><figcaption id=\"caption-attachment-2623\" class=\"wp-caption-text\">E.E Olavo Bilac.<\/figcaption><\/figure>\n<p>&nbsp;<\/p>\n","protected":false},"excerpt":{"rendered":"<p>Esta semana, a Pol\u00edcia Militar de Minas Gerais atrav\u00e9s do destacamento do Munic\u00edpio, come\u00e7ou um importante trabalho de parceria com as escolas de Recreio. Durante dois dias os militares, sargento Vin\u00edcius e os soldados, Zamperlim e Ronny, conversaram com mais 400 estudantes sobre \u201cdrogas\u201d.<\/p>\n","protected":false},"author":3,"featured_media":2623,"comment_status":"open","ping_status":"open","sticky":false,"template":"","format":"standard","meta":[],"categories":[9],"tags":[],"yoast_head":"<!-- This site is optimized with the Yoast SEO plugin v15.6.2 - https:\/\/yoast.com\/wordpress\/plugins\/seo\/ -->\n<meta name=\"robots\" content=\"index, follow, max-snippet:-1, max-image-preview:large, max-video-preview:-1\" \/>\n<link rel=\"canonical\" href=\"https:\/\/www.polisrecreio.com.br\/site\/2016\/08\/12\/pm-visita-escolas-de-recreio-e-conversa-com-mais-400-estudantes\/\" \/>\n<meta property=\"og:locale\" content=\"pt_BR\" \/>\n<meta property=\"og:type\" content=\"article\" \/>\n<meta property=\"og:title\" content=\"PM visita escolas de Recreio e conversa com mais 400 estudantes - P\u00f3lis Recreio\" \/>\n<meta property=\"og:description\" content=\"Esta semana, a Pol\u00edcia Militar de Minas Gerais atrav\u00e9s do destacamento do Munic\u00edpio, come\u00e7ou um importante trabalho de parceria com as escolas de Recreio. Durante dois dias os militares, sargento Vin\u00edcius e os soldados, Zamperlim e Ronny, conversaram com mais 400 estudantes sobre \u201cdrogas\u201d.\" \/>\n<meta property=\"og:url\" content=\"https:\/\/www.polisrecreio.com.br\/site\/2016\/08\/12\/pm-visita-escolas-de-recreio-e-conversa-com-mais-400-estudantes\/\" \/>\n<meta property=\"og:site_name\" content=\"P\u00f3lis Recreio\" \/>\n<meta property=\"article:publisher\" content=\"https:\/\/www.facebook.com\/Site-P%c3%b3lis-Recreio-MG-181941708571019\/\" \/>\n<meta property=\"article:published_time\" content=\"2016-08-12T21:36:01+00:00\" \/>\n<meta property=\"article:modified_time\" content=\"2016-08-12T22:10:00+00:00\" \/>\n<meta property=\"og:image\" content=\"https:\/\/www.polisrecreio.com.br\/site\/wp-content\/uploads\/2016\/08\/1.jpg\" \/>\n\t<meta property=\"og:image:width\" content=\"800\" \/>\n\t<meta property=\"og:image:height\" content=\"504\" \/>\n<meta name=\"twitter:card\" content=\"summary_large_image\" \/>\n<meta name=\"twitter:creator\" content=\"@PolisRecreio\" \/>\n<meta name=\"twitter:site\" content=\"@PolisRecreio\" \/>\n<meta name=\"twitter:label1\" content=\"Est. reading time\">\n\t<meta name=\"twitter:data1\" content=\"2 minutos\">\n<script type=\"application\/ld+json\" class=\"yoast-schema-graph\">{\"@context\":\"https:\/\/schema.org\",\"@graph\":[{\"@type\":\"WebSite\",\"@id\":\"https:\/\/www.polisrecreio.com.br\/site\/#website\",\"url\":\"https:\/\/www.polisrecreio.com.br\/site\/\",\"name\":\"P\\u00f3lis Recreio\",\"description\":\"\",\"potentialAction\":[{\"@type\":\"SearchAction\",\"target\":\"https:\/\/www.polisrecreio.com.br\/site\/?s={search_term_string}\",\"query-input\":\"required name=search_term_string\"}],\"inLanguage\":\"pt-BR\"},{\"@type\":\"ImageObject\",\"@id\":\"https:\/\/www.polisrecreio.com.br\/site\/2016\/08\/12\/pm-visita-escolas-de-recreio-e-conversa-com-mais-400-estudantes\/#primaryimage\",\"inLanguage\":\"pt-BR\",\"url\":\"https:\/\/www.polisrecreio.com.br\/site\/wp-content\/uploads\/2016\/08\/1.jpg\",\"width\":800,\"height\":504,\"caption\":\"E.E Olavo Bilac.\"},{\"@type\":\"WebPage\",\"@id\":\"https:\/\/www.polisrecreio.com.br\/site\/2016\/08\/12\/pm-visita-escolas-de-recreio-e-conversa-com-mais-400-estudantes\/#webpage\",\"url\":\"https:\/\/www.polisrecreio.com.br\/site\/2016\/08\/12\/pm-visita-escolas-de-recreio-e-conversa-com-mais-400-estudantes\/\",\"name\":\"PM visita escolas de Recreio e conversa com mais 400 estudantes - P\\u00f3lis Recreio\",\"isPartOf\":{\"@id\":\"https:\/\/www.polisrecreio.com.br\/site\/#website\"},\"primaryImageOfPage\":{\"@id\":\"https:\/\/www.polisrecreio.com.br\/site\/2016\/08\/12\/pm-visita-escolas-de-recreio-e-conversa-com-mais-400-estudantes\/#primaryimage\"},\"datePublished\":\"2016-08-12T21:36:01+00:00\",\"dateModified\":\"2016-08-12T22:10:00+00:00\",\"author\":{\"@id\":\"https:\/\/www.polisrecreio.com.br\/site\/#\/schema\/person\/3363c1c78e1e28e1329d97adb387638e\"},\"inLanguage\":\"pt-BR\",\"potentialAction\":[{\"@type\":\"ReadAction\",\"target\":[\"https:\/\/www.polisrecreio.com.br\/site\/2016\/08\/12\/pm-visita-escolas-de-recreio-e-conversa-com-mais-400-estudantes\/\"]}]},{\"@type\":\"Person\",\"@id\":\"https:\/\/www.polisrecreio.com.br\/site\/#\/schema\/person\/3363c1c78e1e28e1329d97adb387638e\",\"name\":\"Leonardo Ribeiro\",\"image\":{\"@type\":\"ImageObject\",\"@id\":\"https:\/\/www.polisrecreio.com.br\/site\/#personlogo\",\"inLanguage\":\"pt-BR\",\"url\":\"https:\/\/secure.gravatar.com\/avatar\/6ba92a37d621e1a83e23710251178a12?s=96&d=mm&r=g\",\"caption\":\"Leonardo Ribeiro\"},\"sameAs\":[\"http:\/\/www.polisrecreio.com.br\"]}]}<\/script>\n<!-- \/ Yoast SEO plugin. -->","_links":{"self":[{"href":"https:\/\/www.polisrecreio.com.br\/site\/wp-json\/wp\/v2\/posts\/2622"}],"collection":[{"href":"https:\/\/www.polisrecreio.com.br\/site\/wp-json\/wp\/v2\/posts"}],"about":[{"href":"https:\/\/www.polisrecreio.com.br\/site\/wp-json\/wp\/v2\/types\/post"}],"author":[{"embeddable":true,"href":"https:\/\/www.polisrecreio.com.br\/site\/wp-json\/wp\/v2\/users\/3"}],"replies":[{"embeddable":true,"href":"https:\/\/www.polisrecreio.com.br\/site\/wp-json\/wp\/v2\/comments?post=2622"}],"version-history":[{"count":7,"href":"https:\/\/www.polisrecreio.com.br\/site\/wp-json\/wp\/v2\/posts\/2622\/revisions"}],"predecessor-version":[{"id":2637,"href":"https:\/\/www.polisrecreio.com.br\/site\/wp-json\/wp\/v2\/posts\/2622\/revisions\/2637"}],"wp:featuredmedia":[{"embeddable":true,"href":"https:\/\/www.polisrecreio.com.br\/site\/wp-json\/wp\/v2\/media\/2623"}],"wp:attachment":[{"href":"https:\/\/www.polisrecreio.com.br\/site\/wp-json\/wp\/v2\/media?parent=2622"}],"wp:term":[{"taxonomy":"category","embeddable":true,"href":"https:\/\/www.polisrecreio.com.br\/site\/wp-json\/wp\/v2\/categories?post=2622"},{"taxonomy":"post_tag","embeddable":true,"href":"https:\/\/www.polisrecreio.com.br\/site\/wp-json\/wp\/v2\/tags?post=2622"}],"curies":[{"name":"wp","href":"https:\/\/api.w.org\/{rel}","templated":true}]}}