{"id":26292,"date":"2023-11-13T16:15:35","date_gmt":"2023-11-13T19:15:35","guid":{"rendered":"http:\/\/www.polisrecreio.com.br\/site\/?p=26292"},"modified":"2023-11-13T16:15:35","modified_gmt":"2023-11-13T19:15:35","slug":"todas-as-cidades-de-mg-podem-ficar-ate-5oc-mais-quentes-ate-sexta-feira-17","status":"publish","type":"post","link":"https:\/\/www.polisrecreio.com.br\/site\/2023\/11\/13\/todas-as-cidades-de-mg-podem-ficar-ate-5oc-mais-quentes-ate-sexta-feira-17\/","title":{"rendered":"Todas as cidades de MG podem ficar at\u00e9 5\u00baC mais quentes at\u00e9 sexta-feira (17)"},"content":{"rendered":"<p style=\"text-align: justify;\">Todas as cidades de Minas Gerais est\u00e3o em alerta para\u00a0onda de calor\u00a0com temperaturas at\u00e9 5\u00baC acima da m\u00e9dia at\u00e9 sexta-feira (17), segundo notificou o Instituto Nacional de Meteorologia (Inmet). O alerta \u00e9 vermelho, de \u201cgrande perigo\u201d, e indica risco \u00e0 sa\u00fade.<\/p>\n<p><!--more--><\/p>\n<figure id=\"attachment_26293\" aria-describedby=\"caption-attachment-26293\" style=\"width: 675px\" class=\"wp-caption aligncenter\"><a href=\"http:\/\/www.polisrecreio.com.br\/site\/wp-content\/uploads\/2023\/11\/1_sol_01-29579278.jpg\"><img loading=\"lazy\" class=\"size-full wp-image-26293\" src=\"http:\/\/www.polisrecreio.com.br\/site\/wp-content\/uploads\/2023\/11\/1_sol_01-29579278.jpg\" alt=\"\" width=\"675\" height=\"448\" srcset=\"https:\/\/www.polisrecreio.com.br\/site\/wp-content\/uploads\/2023\/11\/1_sol_01-29579278.jpg 675w, https:\/\/www.polisrecreio.com.br\/site\/wp-content\/uploads\/2023\/11\/1_sol_01-29579278-300x199.jpg 300w\" sizes=\"(max-width: 675px) 100vw, 675px\" \/><\/a><figcaption id=\"caption-attachment-26293\" class=\"wp-caption-text\">A onda de calor est\u00e1 relacionada com o fen\u00f4meno El Ni\u00f1o e as emiss\u00f5es de gases de efeito estufa &#8211; (cr\u00e9dito: Ed Alves\/CB\/D.A Press)<\/figcaption><\/figure>\n<p style=\"text-align: justify;\">De acordo com a Defesa Civil Estadual, a temperatura deve ficar acima dos 40\u00baC nas regi\u00f5es Norte, Noroeste e Tri\u00e2ngulo Mineiro j\u00e1 nesta segunda-feira (13 de novembro). A sensa\u00e7\u00e3o de secura vai ser intensificada por \u00edndices de umidade relativa do ar abaixo de 30% em todo o Estado.<\/p>\n<p style=\"text-align: justify;\">Recomenda\u00e7\u00f5es da Defesa Civil:<\/p>\n<p style=\"text-align: justify;\">&#8211; Hidrate-se durante o dia;<br \/>\n&#8211; Prefira alimentos leves e frescos, como saladas, frutas, carnes grelhadas;<br \/>\n&#8211; Evite frituras;<br \/>\n&#8211; Durma em local arejado e umedecido por aparelhos umidificadores, ou ainda coloque uma bacia com \u00e1gua;<br \/>\n&#8211; Evite atividades f\u00edsicas ao ar livre e exposi\u00e7\u00e3o ao sol entre as 10 e 17 horas;<br \/>\n&#8211; Evite banhos com \u00e1gua muito quente, para n\u00e3o potencializar o ressecamento da pele, se necess\u00e1rio use hidratante;<br \/>\n&#8211; Em caso de problemas respirat\u00f3rios procure um especialista;<br \/>\n&#8211; N\u00e3o provoque queimadas em lotes vagos, matas ou florestas. Em caso de inc\u00eandio avise imediatamente o Corpo de Bombeiros (193), a Defesa Civil (199) ou a Pol\u00edcia Militar (190).<\/p>\n<p><em>Com informa\u00e7\u00f5es: Jornal O Tempo.<\/em><\/p>\n<p>&nbsp;<\/p>\n","protected":false},"excerpt":{"rendered":"<p>Todas as cidades de Minas Gerais est\u00e3o em alerta para\u00a0onda de calor\u00a0com temperaturas at\u00e9 5\u00baC acima da m\u00e9dia at\u00e9 sexta-feira (17), segundo notificou o Instituto Nacional de Meteorologia (Inmet). O alerta \u00e9 vermelho, de \u201cgrande perigo\u201d, e indica risco \u00e0 sa\u00fade.<\/p>\n","protected":false},"author":3,"featured_media":0,"comment_status":"open","ping_status":"open","sticky":false,"template":"","format":"standard","meta":[],"categories":[5],"tags":[],"yoast_head":"<!-- This site is optimized with the Yoast SEO plugin v15.6.2 - https:\/\/yoast.com\/wordpress\/plugins\/seo\/ -->\n<meta name=\"robots\" content=\"index, follow, max-snippet:-1, max-image-preview:large, max-video-preview:-1\" \/>\n<link rel=\"canonical\" href=\"http:\/\/www.polisrecreio.com.br\/site\/2023\/11\/13\/todas-as-cidades-de-mg-podem-ficar-ate-5oc-mais-quentes-ate-sexta-feira-17\/\" \/>\n<meta property=\"og:locale\" content=\"pt_BR\" \/>\n<meta property=\"og:type\" content=\"article\" \/>\n<meta property=\"og:title\" content=\"Todas as cidades de MG podem ficar at\u00e9 5\u00baC mais quentes at\u00e9 sexta-feira (17) - P\u00f3lis Recreio\" \/>\n<meta property=\"og:description\" content=\"Todas as cidades de Minas Gerais est\u00e3o em alerta para\u00a0onda de calor\u00a0com temperaturas at\u00e9 5\u00baC acima da m\u00e9dia at\u00e9 sexta-feira (17), segundo notificou o Instituto Nacional de Meteorologia (Inmet). O alerta \u00e9 vermelho, de \u201cgrande perigo\u201d, e indica risco \u00e0 sa\u00fade.\" \/>\n<meta property=\"og:url\" content=\"http:\/\/www.polisrecreio.com.br\/site\/2023\/11\/13\/todas-as-cidades-de-mg-podem-ficar-ate-5oc-mais-quentes-ate-sexta-feira-17\/\" \/>\n<meta property=\"og:site_name\" content=\"P\u00f3lis Recreio\" \/>\n<meta property=\"article:publisher\" content=\"https:\/\/www.facebook.com\/Site-P%c3%b3lis-Recreio-MG-181941708571019\/\" \/>\n<meta property=\"article:published_time\" content=\"2023-11-13T19:15:35+00:00\" \/>\n<meta property=\"og:image\" content=\"http:\/\/www.polisrecreio.com.br\/site\/wp-content\/uploads\/2023\/11\/1_sol_01-29579278.jpg\" \/>\n<meta name=\"twitter:card\" content=\"summary_large_image\" \/>\n<meta name=\"twitter:creator\" content=\"@PolisRecreio\" \/>\n<meta name=\"twitter:site\" content=\"@PolisRecreio\" \/>\n<meta name=\"twitter:label1\" content=\"Est. reading time\">\n\t<meta name=\"twitter:data1\" content=\"2 minutos\">\n<script type=\"application\/ld+json\" class=\"yoast-schema-graph\">{\"@context\":\"https:\/\/schema.org\",\"@graph\":[{\"@type\":\"WebSite\",\"@id\":\"https:\/\/www.polisrecreio.com.br\/site\/#website\",\"url\":\"https:\/\/www.polisrecreio.com.br\/site\/\",\"name\":\"P\\u00f3lis Recreio\",\"description\":\"\",\"potentialAction\":[{\"@type\":\"SearchAction\",\"target\":\"https:\/\/www.polisrecreio.com.br\/site\/?s={search_term_string}\",\"query-input\":\"required name=search_term_string\"}],\"inLanguage\":\"pt-BR\"},{\"@type\":\"ImageObject\",\"@id\":\"http:\/\/www.polisrecreio.com.br\/site\/2023\/11\/13\/todas-as-cidades-de-mg-podem-ficar-ate-5oc-mais-quentes-ate-sexta-feira-17\/#primaryimage\",\"inLanguage\":\"pt-BR\",\"url\":\"http:\/\/www.polisrecreio.com.br\/site\/wp-content\/uploads\/2023\/11\/1_sol_01-29579278.jpg\"},{\"@type\":\"WebPage\",\"@id\":\"http:\/\/www.polisrecreio.com.br\/site\/2023\/11\/13\/todas-as-cidades-de-mg-podem-ficar-ate-5oc-mais-quentes-ate-sexta-feira-17\/#webpage\",\"url\":\"http:\/\/www.polisrecreio.com.br\/site\/2023\/11\/13\/todas-as-cidades-de-mg-podem-ficar-ate-5oc-mais-quentes-ate-sexta-feira-17\/\",\"name\":\"Todas as cidades de MG podem ficar at\\u00e9 5\\u00baC mais quentes at\\u00e9 sexta-feira (17) - P\\u00f3lis Recreio\",\"isPartOf\":{\"@id\":\"https:\/\/www.polisrecreio.com.br\/site\/#website\"},\"primaryImageOfPage\":{\"@id\":\"http:\/\/www.polisrecreio.com.br\/site\/2023\/11\/13\/todas-as-cidades-de-mg-podem-ficar-ate-5oc-mais-quentes-ate-sexta-feira-17\/#primaryimage\"},\"datePublished\":\"2023-11-13T19:15:35+00:00\",\"dateModified\":\"2023-11-13T19:15:35+00:00\",\"author\":{\"@id\":\"https:\/\/www.polisrecreio.com.br\/site\/#\/schema\/person\/3363c1c78e1e28e1329d97adb387638e\"},\"inLanguage\":\"pt-BR\",\"potentialAction\":[{\"@type\":\"ReadAction\",\"target\":[\"http:\/\/www.polisrecreio.com.br\/site\/2023\/11\/13\/todas-as-cidades-de-mg-podem-ficar-ate-5oc-mais-quentes-ate-sexta-feira-17\/\"]}]},{\"@type\":\"Person\",\"@id\":\"https:\/\/www.polisrecreio.com.br\/site\/#\/schema\/person\/3363c1c78e1e28e1329d97adb387638e\",\"name\":\"Leonardo Ribeiro\",\"image\":{\"@type\":\"ImageObject\",\"@id\":\"https:\/\/www.polisrecreio.com.br\/site\/#personlogo\",\"inLanguage\":\"pt-BR\",\"url\":\"https:\/\/secure.gravatar.com\/avatar\/6ba92a37d621e1a83e23710251178a12?s=96&d=mm&r=g\",\"caption\":\"Leonardo Ribeiro\"},\"sameAs\":[\"http:\/\/www.polisrecreio.com.br\"]}]}<\/script>\n<!-- \/ Yoast SEO plugin. -->","_links":{"self":[{"href":"https:\/\/www.polisrecreio.com.br\/site\/wp-json\/wp\/v2\/posts\/26292"}],"collection":[{"href":"https:\/\/www.polisrecreio.com.br\/site\/wp-json\/wp\/v2\/posts"}],"about":[{"href":"https:\/\/www.polisrecreio.com.br\/site\/wp-json\/wp\/v2\/types\/post"}],"author":[{"embeddable":true,"href":"https:\/\/www.polisrecreio.com.br\/site\/wp-json\/wp\/v2\/users\/3"}],"replies":[{"embeddable":true,"href":"https:\/\/www.polisrecreio.com.br\/site\/wp-json\/wp\/v2\/comments?post=26292"}],"version-history":[{"count":1,"href":"https:\/\/www.polisrecreio.com.br\/site\/wp-json\/wp\/v2\/posts\/26292\/revisions"}],"predecessor-version":[{"id":26294,"href":"https:\/\/www.polisrecreio.com.br\/site\/wp-json\/wp\/v2\/posts\/26292\/revisions\/26294"}],"wp:attachment":[{"href":"https:\/\/www.polisrecreio.com.br\/site\/wp-json\/wp\/v2\/media?parent=26292"}],"wp:term":[{"taxonomy":"category","embeddable":true,"href":"https:\/\/www.polisrecreio.com.br\/site\/wp-json\/wp\/v2\/categories?post=26292"},{"taxonomy":"post_tag","embeddable":true,"href":"https:\/\/www.polisrecreio.com.br\/site\/wp-json\/wp\/v2\/tags?post=26292"}],"curies":[{"name":"wp","href":"https:\/\/api.w.org\/{rel}","templated":true}]}}