{"id":26296,"date":"2023-11-14T09:41:10","date_gmt":"2023-11-14T12:41:10","guid":{"rendered":"http:\/\/www.polisrecreio.com.br\/site\/?p=26296"},"modified":"2023-11-14T09:45:47","modified_gmt":"2023-11-14T12:45:47","slug":"3o-encontro-de-bandas-fanfarras-de-recreio-reuniu-grupos-de-quatro-cidades-da-regiao","status":"publish","type":"post","link":"https:\/\/www.polisrecreio.com.br\/site\/2023\/11\/14\/3o-encontro-de-bandas-fanfarras-de-recreio-reuniu-grupos-de-quatro-cidades-da-regiao\/","title":{"rendered":"3\u00ba Encontro de Bandas &#038; Fanfarras de Recreio reuniu grupos de quatro cidades da regi\u00e3o"},"content":{"rendered":"<p style=\"text-align: justify;\">No \u00faltimo s\u00e1bado (11), 9 grupos de quatro cidades da regi\u00e3o participaram do 3\u00ba Encontro de Bandas &amp; Fanfarras de Recreio. Este ano o evento superou o recorde de participantes dos anos anteriores, conforme os organizadores.<\/p>\n<p><!--more--><\/p>\n<p><a href=\"http:\/\/www.polisrecreio.com.br\/site\/wp-content\/uploads\/2023\/11\/4.jpg\"><img loading=\"lazy\" class=\"aligncenter size-full wp-image-26302\" src=\"http:\/\/www.polisrecreio.com.br\/site\/wp-content\/uploads\/2023\/11\/4.jpg\" alt=\"\" width=\"750\" height=\"563\" srcset=\"https:\/\/www.polisrecreio.com.br\/site\/wp-content\/uploads\/2023\/11\/4.jpg 750w, https:\/\/www.polisrecreio.com.br\/site\/wp-content\/uploads\/2023\/11\/4-300x225.jpg 300w\" sizes=\"(max-width: 750px) 100vw, 750px\" \/><\/a><\/p>\n<p style=\"text-align: justify;\">O desfile iniciou no Largo Santo Ant\u00f4nio (Pracinha do Botafogo) em dire\u00e7\u00e3o \u00e0 Pra\u00e7a dos Ferrovi\u00e1rios, local onde aconteceram as apresenta\u00e7\u00f5es.<\/p>\n<p style=\"text-align: justify;\">Participaram do Encontro:<\/p>\n<ol style=\"text-align: justify;\">\n<li>Corpora\u00e7\u00e3o Musical AD Cristo Vive (Recreio)<\/li>\n<li>Fanfarra Vilmano Francisco Vieira (Recreio)<\/li>\n<li>Fanfarra Professora Lelu (Concei\u00e7\u00e3o da Boa Vista \u2013 Recreio)<\/li>\n<li>Fanfarra Marcial Dragons (Leopoldina)<\/li>\n<li>Banda Marcial F\u00eanix (Leopoldina)<\/li>\n<li>Fanfarra Elite (Leopoldina)<\/li>\n<li>Fanfarra Marcial P\u00e9gasus (Leopoldina)<\/li>\n<li>Fanfan\u00e1ticos Castelinho (Al\u00e9m Para\u00edba)<\/li>\n<li>Banda Fama Black &#8211; Capit\u00e3o Godoy (Volta Grande)<\/li>\n<\/ol>\n<p style=\"text-align: justify;\">O evento \u00e9 organizado pelos professores, L\u00e9o do P\u00f3lis e Ruan Ferreira, e contou com apoio da Prefeitura Municipal de Recreio e da Pol\u00edcia Militar de Minas Gerais.<\/p>\n<p><a href=\"http:\/\/www.polisrecreio.com.br\/site\/wp-content\/uploads\/2023\/11\/WhatsApp-Image-2023-11-11-at-18.23.02.jpg\"><img loading=\"lazy\" class=\"aligncenter size-full wp-image-26301\" src=\"http:\/\/www.polisrecreio.com.br\/site\/wp-content\/uploads\/2023\/11\/WhatsApp-Image-2023-11-11-at-18.23.02.jpg\" alt=\"\" width=\"750\" height=\"563\" srcset=\"https:\/\/www.polisrecreio.com.br\/site\/wp-content\/uploads\/2023\/11\/WhatsApp-Image-2023-11-11-at-18.23.02.jpg 750w, https:\/\/www.polisrecreio.com.br\/site\/wp-content\/uploads\/2023\/11\/WhatsApp-Image-2023-11-11-at-18.23.02-300x225.jpg 300w\" sizes=\"(max-width: 750px) 100vw, 750px\" \/><\/a><\/p>\n<p><a href=\"http:\/\/www.polisrecreio.com.br\/site\/wp-content\/uploads\/2023\/11\/1.jpg\"><img loading=\"lazy\" class=\"aligncenter size-full wp-image-26298\" src=\"http:\/\/www.polisrecreio.com.br\/site\/wp-content\/uploads\/2023\/11\/1.jpg\" alt=\"\" width=\"1440\" height=\"1081\" srcset=\"https:\/\/www.polisrecreio.com.br\/site\/wp-content\/uploads\/2023\/11\/1.jpg 1440w, https:\/\/www.polisrecreio.com.br\/site\/wp-content\/uploads\/2023\/11\/1-300x225.jpg 300w, https:\/\/www.polisrecreio.com.br\/site\/wp-content\/uploads\/2023\/11\/1-1024x769.jpg 1024w, https:\/\/www.polisrecreio.com.br\/site\/wp-content\/uploads\/2023\/11\/1-768x577.jpg 768w\" sizes=\"(max-width: 1440px) 100vw, 1440px\" \/><\/a><\/p>\n<p><a href=\"http:\/\/www.polisrecreio.com.br\/site\/wp-content\/uploads\/2023\/11\/7.jpg\"><img loading=\"lazy\" class=\"aligncenter size-full wp-image-26306\" src=\"http:\/\/www.polisrecreio.com.br\/site\/wp-content\/uploads\/2023\/11\/7.jpg\" alt=\"\" width=\"750\" height=\"563\" srcset=\"https:\/\/www.polisrecreio.com.br\/site\/wp-content\/uploads\/2023\/11\/7.jpg 750w, https:\/\/www.polisrecreio.com.br\/site\/wp-content\/uploads\/2023\/11\/7-300x225.jpg 300w\" sizes=\"(max-width: 750px) 100vw, 750px\" \/><\/a><\/p>\n<p><a href=\"http:\/\/www.polisrecreio.com.br\/site\/wp-content\/uploads\/2023\/11\/2.jpg\"><img loading=\"lazy\" class=\"aligncenter size-full wp-image-26303\" src=\"http:\/\/www.polisrecreio.com.br\/site\/wp-content\/uploads\/2023\/11\/2.jpg\" alt=\"\" width=\"750\" height=\"563\" srcset=\"https:\/\/www.polisrecreio.com.br\/site\/wp-content\/uploads\/2023\/11\/2.jpg 750w, https:\/\/www.polisrecreio.com.br\/site\/wp-content\/uploads\/2023\/11\/2-300x225.jpg 300w\" sizes=\"(max-width: 750px) 100vw, 750px\" \/><\/a><\/p>\n<p><a href=\"http:\/\/www.polisrecreio.com.br\/site\/wp-content\/uploads\/2023\/11\/6.jpg\"><img loading=\"lazy\" class=\"aligncenter size-full wp-image-26304\" src=\"http:\/\/www.polisrecreio.com.br\/site\/wp-content\/uploads\/2023\/11\/6.jpg\" alt=\"\" width=\"750\" height=\"563\" srcset=\"https:\/\/www.polisrecreio.com.br\/site\/wp-content\/uploads\/2023\/11\/6.jpg 750w, https:\/\/www.polisrecreio.com.br\/site\/wp-content\/uploads\/2023\/11\/6-300x225.jpg 300w\" sizes=\"(max-width: 750px) 100vw, 750px\" \/><\/a><\/p>\n<p><a href=\"http:\/\/www.polisrecreio.com.br\/site\/wp-content\/uploads\/2023\/11\/WhatsApp-Image-2023-11-11-at-19.09.25-1.jpg\"><img loading=\"lazy\" class=\"aligncenter size-full wp-image-26299\" src=\"http:\/\/www.polisrecreio.com.br\/site\/wp-content\/uploads\/2023\/11\/WhatsApp-Image-2023-11-11-at-19.09.25-1.jpg\" alt=\"\" width=\"750\" height=\"563\" srcset=\"https:\/\/www.polisrecreio.com.br\/site\/wp-content\/uploads\/2023\/11\/WhatsApp-Image-2023-11-11-at-19.09.25-1.jpg 750w, https:\/\/www.polisrecreio.com.br\/site\/wp-content\/uploads\/2023\/11\/WhatsApp-Image-2023-11-11-at-19.09.25-1-300x225.jpg 300w\" sizes=\"(max-width: 750px) 100vw, 750px\" \/><\/a><\/p>\n<p><a href=\"http:\/\/www.polisrecreio.com.br\/site\/wp-content\/uploads\/2023\/11\/9.jpg\"><img loading=\"lazy\" class=\"aligncenter size-full wp-image-26305\" src=\"http:\/\/www.polisrecreio.com.br\/site\/wp-content\/uploads\/2023\/11\/9.jpg\" alt=\"\" width=\"750\" height=\"621\" srcset=\"https:\/\/www.polisrecreio.com.br\/site\/wp-content\/uploads\/2023\/11\/9.jpg 750w, https:\/\/www.polisrecreio.com.br\/site\/wp-content\/uploads\/2023\/11\/9-300x248.jpg 300w\" sizes=\"(max-width: 750px) 100vw, 750px\" \/><\/a><\/p>\n<p><a href=\"http:\/\/www.polisrecreio.com.br\/site\/wp-content\/uploads\/2023\/11\/Design-sem-nome-1.jpg\"><img loading=\"lazy\" class=\"aligncenter size-full wp-image-26310\" src=\"http:\/\/www.polisrecreio.com.br\/site\/wp-content\/uploads\/2023\/11\/Design-sem-nome-1.jpg\" alt=\"\" width=\"750\" height=\"500\" srcset=\"https:\/\/www.polisrecreio.com.br\/site\/wp-content\/uploads\/2023\/11\/Design-sem-nome-1.jpg 750w, https:\/\/www.polisrecreio.com.br\/site\/wp-content\/uploads\/2023\/11\/Design-sem-nome-1-300x200.jpg 300w\" sizes=\"(max-width: 750px) 100vw, 750px\" \/><\/a><\/p>\n<p><a href=\"http:\/\/www.polisrecreio.com.br\/site\/wp-content\/uploads\/2023\/11\/WhatsApp-Image-2023-11-11-at-16.52.33-1.jpeg\"><img loading=\"lazy\" class=\"aligncenter size-full wp-image-26309\" src=\"http:\/\/www.polisrecreio.com.br\/site\/wp-content\/uploads\/2023\/11\/WhatsApp-Image-2023-11-11-at-16.52.33-1.jpeg\" alt=\"\" width=\"1024\" height=\"768\" srcset=\"https:\/\/www.polisrecreio.com.br\/site\/wp-content\/uploads\/2023\/11\/WhatsApp-Image-2023-11-11-at-16.52.33-1.jpeg 1024w, https:\/\/www.polisrecreio.com.br\/site\/wp-content\/uploads\/2023\/11\/WhatsApp-Image-2023-11-11-at-16.52.33-1-300x225.jpeg 300w, https:\/\/www.polisrecreio.com.br\/site\/wp-content\/uploads\/2023\/11\/WhatsApp-Image-2023-11-11-at-16.52.33-1-768x576.jpeg 768w\" sizes=\"(max-width: 1024px) 100vw, 1024px\" \/><\/a><\/p>\n<p><a href=\"http:\/\/www.polisrecreio.com.br\/site\/wp-content\/uploads\/2023\/11\/WhatsApp-Image-2023-11-11-at-16.52.33.jpeg\"><img loading=\"lazy\" class=\"aligncenter size-full wp-image-26308\" src=\"http:\/\/www.polisrecreio.com.br\/site\/wp-content\/uploads\/2023\/11\/WhatsApp-Image-2023-11-11-at-16.52.33.jpeg\" alt=\"\" width=\"1024\" height=\"768\" srcset=\"https:\/\/www.polisrecreio.com.br\/site\/wp-content\/uploads\/2023\/11\/WhatsApp-Image-2023-11-11-at-16.52.33.jpeg 1024w, https:\/\/www.polisrecreio.com.br\/site\/wp-content\/uploads\/2023\/11\/WhatsApp-Image-2023-11-11-at-16.52.33-300x225.jpeg 300w, https:\/\/www.polisrecreio.com.br\/site\/wp-content\/uploads\/2023\/11\/WhatsApp-Image-2023-11-11-at-16.52.33-768x576.jpeg 768w\" sizes=\"(max-width: 1024px) 100vw, 1024px\" \/><\/a><\/p>\n<p><a href=\"http:\/\/www.polisrecreio.com.br\/site\/wp-content\/uploads\/2023\/11\/WhatsApp-Image-2023-11-11-at-16.51.55-1.jpeg\"><img loading=\"lazy\" class=\"aligncenter size-full wp-image-26307\" src=\"http:\/\/www.polisrecreio.com.br\/site\/wp-content\/uploads\/2023\/11\/WhatsApp-Image-2023-11-11-at-16.51.55-1.jpeg\" alt=\"\" width=\"1024\" height=\"768\" srcset=\"https:\/\/www.polisrecreio.com.br\/site\/wp-content\/uploads\/2023\/11\/WhatsApp-Image-2023-11-11-at-16.51.55-1.jpeg 1024w, https:\/\/www.polisrecreio.com.br\/site\/wp-content\/uploads\/2023\/11\/WhatsApp-Image-2023-11-11-at-16.51.55-1-300x225.jpeg 300w, https:\/\/www.polisrecreio.com.br\/site\/wp-content\/uploads\/2023\/11\/WhatsApp-Image-2023-11-11-at-16.51.55-1-768x576.jpeg 768w\" sizes=\"(max-width: 1024px) 100vw, 1024px\" \/><\/a><\/p>\n<p><a href=\"http:\/\/www.polisrecreio.com.br\/site\/wp-content\/uploads\/2023\/11\/WhatsApp-Image-2023-11-11-at-19.59.17.jpeg\"><img loading=\"lazy\" class=\"aligncenter size-full wp-image-26297\" src=\"http:\/\/www.polisrecreio.com.br\/site\/wp-content\/uploads\/2023\/11\/WhatsApp-Image-2023-11-11-at-19.59.17.jpeg\" alt=\"\" width=\"1600\" height=\"1200\" srcset=\"https:\/\/www.polisrecreio.com.br\/site\/wp-content\/uploads\/2023\/11\/WhatsApp-Image-2023-11-11-at-19.59.17.jpeg 1600w, https:\/\/www.polisrecreio.com.br\/site\/wp-content\/uploads\/2023\/11\/WhatsApp-Image-2023-11-11-at-19.59.17-300x225.jpeg 300w, https:\/\/www.polisrecreio.com.br\/site\/wp-content\/uploads\/2023\/11\/WhatsApp-Image-2023-11-11-at-19.59.17-1024x768.jpeg 1024w, https:\/\/www.polisrecreio.com.br\/site\/wp-content\/uploads\/2023\/11\/WhatsApp-Image-2023-11-11-at-19.59.17-768x576.jpeg 768w, https:\/\/www.polisrecreio.com.br\/site\/wp-content\/uploads\/2023\/11\/WhatsApp-Image-2023-11-11-at-19.59.17-1536x1152.jpeg 1536w\" sizes=\"(max-width: 1600px) 100vw, 1600px\" \/><\/a><\/p>\n","protected":false},"excerpt":{"rendered":"<p>No \u00faltimo s\u00e1bado (11), 9 grupos de quatro cidades da regi\u00e3o participaram do 3\u00ba Encontro de Bandas &amp; Fanfarras de Recreio. Este ano o evento superou o recorde de participantes dos anos anteriores, conforme os organizadores.<\/p>\n","protected":false},"author":3,"featured_media":0,"comment_status":"open","ping_status":"open","sticky":false,"template":"","format":"standard","meta":[],"categories":[2],"tags":[],"yoast_head":"<!-- This site is optimized with the Yoast SEO plugin v15.6.2 - https:\/\/yoast.com\/wordpress\/plugins\/seo\/ -->\n<meta name=\"robots\" content=\"index, follow, max-snippet:-1, max-image-preview:large, max-video-preview:-1\" \/>\n<link rel=\"canonical\" href=\"http:\/\/www.polisrecreio.com.br\/site\/2023\/11\/14\/3o-encontro-de-bandas-fanfarras-de-recreio-reuniu-grupos-de-quatro-cidades-da-regiao\/\" \/>\n<meta property=\"og:locale\" content=\"pt_BR\" \/>\n<meta property=\"og:type\" content=\"article\" \/>\n<meta property=\"og:title\" content=\"3\u00ba Encontro de Bandas &amp; Fanfarras de Recreio reuniu grupos de quatro cidades da regi\u00e3o - P\u00f3lis Recreio\" \/>\n<meta property=\"og:description\" content=\"No \u00faltimo s\u00e1bado (11), 9 grupos de quatro cidades da regi\u00e3o participaram do 3\u00ba Encontro de Bandas &amp; Fanfarras de Recreio. Este ano o evento superou o recorde de participantes dos anos anteriores, conforme os organizadores.\" \/>\n<meta property=\"og:url\" content=\"http:\/\/www.polisrecreio.com.br\/site\/2023\/11\/14\/3o-encontro-de-bandas-fanfarras-de-recreio-reuniu-grupos-de-quatro-cidades-da-regiao\/\" \/>\n<meta property=\"og:site_name\" content=\"P\u00f3lis Recreio\" \/>\n<meta property=\"article:publisher\" content=\"https:\/\/www.facebook.com\/Site-P%c3%b3lis-Recreio-MG-181941708571019\/\" \/>\n<meta property=\"article:published_time\" content=\"2023-11-14T12:41:10+00:00\" \/>\n<meta property=\"article:modified_time\" content=\"2023-11-14T12:45:47+00:00\" \/>\n<meta property=\"og:image\" content=\"http:\/\/www.polisrecreio.com.br\/site\/wp-content\/uploads\/2023\/11\/4.jpg\" \/>\n<meta name=\"twitter:card\" content=\"summary_large_image\" \/>\n<meta name=\"twitter:creator\" content=\"@PolisRecreio\" \/>\n<meta name=\"twitter:site\" content=\"@PolisRecreio\" \/>\n<meta name=\"twitter:label1\" content=\"Est. reading time\">\n\t<meta name=\"twitter:data1\" content=\"4 minutos\">\n<script type=\"application\/ld+json\" class=\"yoast-schema-graph\">{\"@context\":\"https:\/\/schema.org\",\"@graph\":[{\"@type\":\"WebSite\",\"@id\":\"https:\/\/www.polisrecreio.com.br\/site\/#website\",\"url\":\"https:\/\/www.polisrecreio.com.br\/site\/\",\"name\":\"P\\u00f3lis Recreio\",\"description\":\"\",\"potentialAction\":[{\"@type\":\"SearchAction\",\"target\":\"https:\/\/www.polisrecreio.com.br\/site\/?s={search_term_string}\",\"query-input\":\"required name=search_term_string\"}],\"inLanguage\":\"pt-BR\"},{\"@type\":\"ImageObject\",\"@id\":\"http:\/\/www.polisrecreio.com.br\/site\/2023\/11\/14\/3o-encontro-de-bandas-fanfarras-de-recreio-reuniu-grupos-de-quatro-cidades-da-regiao\/#primaryimage\",\"inLanguage\":\"pt-BR\",\"url\":\"http:\/\/www.polisrecreio.com.br\/site\/wp-content\/uploads\/2023\/11\/4.jpg\"},{\"@type\":\"WebPage\",\"@id\":\"http:\/\/www.polisrecreio.com.br\/site\/2023\/11\/14\/3o-encontro-de-bandas-fanfarras-de-recreio-reuniu-grupos-de-quatro-cidades-da-regiao\/#webpage\",\"url\":\"http:\/\/www.polisrecreio.com.br\/site\/2023\/11\/14\/3o-encontro-de-bandas-fanfarras-de-recreio-reuniu-grupos-de-quatro-cidades-da-regiao\/\",\"name\":\"3\\u00ba Encontro de Bandas & Fanfarras de Recreio reuniu grupos de quatro cidades da regi\\u00e3o - P\\u00f3lis Recreio\",\"isPartOf\":{\"@id\":\"https:\/\/www.polisrecreio.com.br\/site\/#website\"},\"primaryImageOfPage\":{\"@id\":\"http:\/\/www.polisrecreio.com.br\/site\/2023\/11\/14\/3o-encontro-de-bandas-fanfarras-de-recreio-reuniu-grupos-de-quatro-cidades-da-regiao\/#primaryimage\"},\"datePublished\":\"2023-11-14T12:41:10+00:00\",\"dateModified\":\"2023-11-14T12:45:47+00:00\",\"author\":{\"@id\":\"https:\/\/www.polisrecreio.com.br\/site\/#\/schema\/person\/3363c1c78e1e28e1329d97adb387638e\"},\"inLanguage\":\"pt-BR\",\"potentialAction\":[{\"@type\":\"ReadAction\",\"target\":[\"http:\/\/www.polisrecreio.com.br\/site\/2023\/11\/14\/3o-encontro-de-bandas-fanfarras-de-recreio-reuniu-grupos-de-quatro-cidades-da-regiao\/\"]}]},{\"@type\":\"Person\",\"@id\":\"https:\/\/www.polisrecreio.com.br\/site\/#\/schema\/person\/3363c1c78e1e28e1329d97adb387638e\",\"name\":\"Leonardo Ribeiro\",\"image\":{\"@type\":\"ImageObject\",\"@id\":\"https:\/\/www.polisrecreio.com.br\/site\/#personlogo\",\"inLanguage\":\"pt-BR\",\"url\":\"https:\/\/secure.gravatar.com\/avatar\/6ba92a37d621e1a83e23710251178a12?s=96&d=mm&r=g\",\"caption\":\"Leonardo Ribeiro\"},\"sameAs\":[\"http:\/\/www.polisrecreio.com.br\"]}]}<\/script>\n<!-- \/ Yoast SEO plugin. -->","_links":{"self":[{"href":"https:\/\/www.polisrecreio.com.br\/site\/wp-json\/wp\/v2\/posts\/26296"}],"collection":[{"href":"https:\/\/www.polisrecreio.com.br\/site\/wp-json\/wp\/v2\/posts"}],"about":[{"href":"https:\/\/www.polisrecreio.com.br\/site\/wp-json\/wp\/v2\/types\/post"}],"author":[{"embeddable":true,"href":"https:\/\/www.polisrecreio.com.br\/site\/wp-json\/wp\/v2\/users\/3"}],"replies":[{"embeddable":true,"href":"https:\/\/www.polisrecreio.com.br\/site\/wp-json\/wp\/v2\/comments?post=26296"}],"version-history":[{"count":4,"href":"https:\/\/www.polisrecreio.com.br\/site\/wp-json\/wp\/v2\/posts\/26296\/revisions"}],"predecessor-version":[{"id":26314,"href":"https:\/\/www.polisrecreio.com.br\/site\/wp-json\/wp\/v2\/posts\/26296\/revisions\/26314"}],"wp:attachment":[{"href":"https:\/\/www.polisrecreio.com.br\/site\/wp-json\/wp\/v2\/media?parent=26296"}],"wp:term":[{"taxonomy":"category","embeddable":true,"href":"https:\/\/www.polisrecreio.com.br\/site\/wp-json\/wp\/v2\/categories?post=26296"},{"taxonomy":"post_tag","embeddable":true,"href":"https:\/\/www.polisrecreio.com.br\/site\/wp-json\/wp\/v2\/tags?post=26296"}],"curies":[{"name":"wp","href":"https:\/\/api.w.org\/{rel}","templated":true}]}}