{"id":26333,"date":"2023-11-16T08:50:52","date_gmt":"2023-11-16T11:50:52","guid":{"rendered":"http:\/\/www.polisrecreio.com.br\/site\/?p=26333"},"modified":"2023-11-16T08:53:42","modified_gmt":"2023-11-16T11:53:42","slug":"abastecimento-de-agua-em-recreio-deve-voltar-apos-as-12h-desta-quinta-feira-16","status":"publish","type":"post","link":"https:\/\/www.polisrecreio.com.br\/site\/2023\/11\/16\/abastecimento-de-agua-em-recreio-deve-voltar-apos-as-12h-desta-quinta-feira-16\/","title":{"rendered":"Abastecimento de \u00e1gua em Recreio deve voltar ap\u00f3s as 12h desta quinta-feira (16)"},"content":{"rendered":"<p style=\"text-align: justify;\">O abastecimento de \u00e1gua em Recreio deve voltar ap\u00f3s as 12h desta quinta-feira (16). Desde a manh\u00e3 de ontem a equipe do SAAE trabalha para solucionar o problema do rompimento na Rua Leopoldina, em dos pontos mais complexos do sistema.<\/p>\n<p><!--more--><\/p>\n<figure id=\"attachment_15229\" aria-describedby=\"caption-attachment-15229\" style=\"width: 750px\" class=\"wp-caption aligncenter\"><a href=\"http:\/\/www.polisrecreio.com.br\/site\/wp-content\/uploads\/2019\/09\/DSC_0161.jpg\"><img loading=\"lazy\" class=\"size-full wp-image-15229\" src=\"http:\/\/www.polisrecreio.com.br\/site\/wp-content\/uploads\/2019\/09\/DSC_0161.jpg\" alt=\"\" width=\"750\" height=\"500\" srcset=\"https:\/\/www.polisrecreio.com.br\/site\/wp-content\/uploads\/2019\/09\/DSC_0161.jpg 750w, https:\/\/www.polisrecreio.com.br\/site\/wp-content\/uploads\/2019\/09\/DSC_0161-300x200.jpg 300w\" sizes=\"(max-width: 750px) 100vw, 750px\" \/><\/a><figcaption id=\"caption-attachment-15229\" class=\"wp-caption-text\">Esta\u00e7\u00e3o de Tratamento de \u00c1gua de Recreio.<\/figcaption><\/figure>\n<p style=\"text-align: justify;\">A tubula\u00e7\u00e3o se rompeu por volta de 3h da manh\u00e3 de ontem abaixo de uma varanda e era de material de amianto, instalado h\u00e1 mais de 50 anos.<\/p>\n<p style=\"text-align: justify;\">Nos bairros mais altos da cidade o retorno do abastecimento demora um pouco mais, por causa do sistema de bombeamento.<\/p>\n<p>&nbsp;<\/p>\n","protected":false},"excerpt":{"rendered":"<p>O abastecimento de \u00e1gua em Recreio deve voltar ap\u00f3s as 12h desta quinta-feira (16). Desde a manh\u00e3 de ontem a equipe do SAAE trabalha para solucionar o problema do rompimento na Rua Leopoldina, em dos pontos mais complexos do sistema.<\/p>\n","protected":false},"author":3,"featured_media":0,"comment_status":"open","ping_status":"open","sticky":false,"template":"","format":"standard","meta":[],"categories":[6],"tags":[],"yoast_head":"<!-- This site is optimized with the Yoast SEO plugin v15.6.2 - https:\/\/yoast.com\/wordpress\/plugins\/seo\/ -->\n<meta name=\"robots\" content=\"index, follow, max-snippet:-1, max-image-preview:large, max-video-preview:-1\" \/>\n<link rel=\"canonical\" href=\"http:\/\/www.polisrecreio.com.br\/site\/2023\/11\/16\/abastecimento-de-agua-em-recreio-deve-voltar-apos-as-12h-desta-quinta-feira-16\/\" \/>\n<meta property=\"og:locale\" content=\"pt_BR\" \/>\n<meta property=\"og:type\" content=\"article\" \/>\n<meta property=\"og:title\" content=\"Abastecimento de \u00e1gua em Recreio deve voltar ap\u00f3s as 12h desta quinta-feira (16) - P\u00f3lis Recreio\" \/>\n<meta property=\"og:description\" content=\"O abastecimento de \u00e1gua em Recreio deve voltar ap\u00f3s as 12h desta quinta-feira (16). Desde a manh\u00e3 de ontem a equipe do SAAE trabalha para solucionar o problema do rompimento na Rua Leopoldina, em dos pontos mais complexos do sistema.\" \/>\n<meta property=\"og:url\" content=\"http:\/\/www.polisrecreio.com.br\/site\/2023\/11\/16\/abastecimento-de-agua-em-recreio-deve-voltar-apos-as-12h-desta-quinta-feira-16\/\" \/>\n<meta property=\"og:site_name\" content=\"P\u00f3lis Recreio\" \/>\n<meta property=\"article:publisher\" content=\"https:\/\/www.facebook.com\/Site-P%c3%b3lis-Recreio-MG-181941708571019\/\" \/>\n<meta property=\"article:published_time\" content=\"2023-11-16T11:50:52+00:00\" \/>\n<meta property=\"article:modified_time\" content=\"2023-11-16T11:53:42+00:00\" \/>\n<meta property=\"og:image\" content=\"http:\/\/www.polisrecreio.com.br\/site\/wp-content\/uploads\/2019\/09\/DSC_0161.jpg\" \/>\n<meta name=\"twitter:card\" content=\"summary_large_image\" \/>\n<meta name=\"twitter:creator\" content=\"@PolisRecreio\" \/>\n<meta name=\"twitter:site\" content=\"@PolisRecreio\" \/>\n<meta name=\"twitter:label1\" content=\"Est. reading time\">\n\t<meta name=\"twitter:data1\" content=\"1 minuto\">\n<script type=\"application\/ld+json\" class=\"yoast-schema-graph\">{\"@context\":\"https:\/\/schema.org\",\"@graph\":[{\"@type\":\"WebSite\",\"@id\":\"https:\/\/www.polisrecreio.com.br\/site\/#website\",\"url\":\"https:\/\/www.polisrecreio.com.br\/site\/\",\"name\":\"P\\u00f3lis Recreio\",\"description\":\"\",\"potentialAction\":[{\"@type\":\"SearchAction\",\"target\":\"https:\/\/www.polisrecreio.com.br\/site\/?s={search_term_string}\",\"query-input\":\"required name=search_term_string\"}],\"inLanguage\":\"pt-BR\"},{\"@type\":\"ImageObject\",\"@id\":\"http:\/\/www.polisrecreio.com.br\/site\/2023\/11\/16\/abastecimento-de-agua-em-recreio-deve-voltar-apos-as-12h-desta-quinta-feira-16\/#primaryimage\",\"inLanguage\":\"pt-BR\",\"url\":\"http:\/\/www.polisrecreio.com.br\/site\/wp-content\/uploads\/2019\/09\/DSC_0161.jpg\"},{\"@type\":\"WebPage\",\"@id\":\"http:\/\/www.polisrecreio.com.br\/site\/2023\/11\/16\/abastecimento-de-agua-em-recreio-deve-voltar-apos-as-12h-desta-quinta-feira-16\/#webpage\",\"url\":\"http:\/\/www.polisrecreio.com.br\/site\/2023\/11\/16\/abastecimento-de-agua-em-recreio-deve-voltar-apos-as-12h-desta-quinta-feira-16\/\",\"name\":\"Abastecimento de \\u00e1gua em Recreio deve voltar ap\\u00f3s as 12h desta quinta-feira (16) - P\\u00f3lis Recreio\",\"isPartOf\":{\"@id\":\"https:\/\/www.polisrecreio.com.br\/site\/#website\"},\"primaryImageOfPage\":{\"@id\":\"http:\/\/www.polisrecreio.com.br\/site\/2023\/11\/16\/abastecimento-de-agua-em-recreio-deve-voltar-apos-as-12h-desta-quinta-feira-16\/#primaryimage\"},\"datePublished\":\"2023-11-16T11:50:52+00:00\",\"dateModified\":\"2023-11-16T11:53:42+00:00\",\"author\":{\"@id\":\"https:\/\/www.polisrecreio.com.br\/site\/#\/schema\/person\/3363c1c78e1e28e1329d97adb387638e\"},\"inLanguage\":\"pt-BR\",\"potentialAction\":[{\"@type\":\"ReadAction\",\"target\":[\"http:\/\/www.polisrecreio.com.br\/site\/2023\/11\/16\/abastecimento-de-agua-em-recreio-deve-voltar-apos-as-12h-desta-quinta-feira-16\/\"]}]},{\"@type\":\"Person\",\"@id\":\"https:\/\/www.polisrecreio.com.br\/site\/#\/schema\/person\/3363c1c78e1e28e1329d97adb387638e\",\"name\":\"Leonardo Ribeiro\",\"image\":{\"@type\":\"ImageObject\",\"@id\":\"https:\/\/www.polisrecreio.com.br\/site\/#personlogo\",\"inLanguage\":\"pt-BR\",\"url\":\"https:\/\/secure.gravatar.com\/avatar\/6ba92a37d621e1a83e23710251178a12?s=96&d=mm&r=g\",\"caption\":\"Leonardo Ribeiro\"},\"sameAs\":[\"http:\/\/www.polisrecreio.com.br\"]}]}<\/script>\n<!-- \/ Yoast SEO plugin. -->","_links":{"self":[{"href":"https:\/\/www.polisrecreio.com.br\/site\/wp-json\/wp\/v2\/posts\/26333"}],"collection":[{"href":"https:\/\/www.polisrecreio.com.br\/site\/wp-json\/wp\/v2\/posts"}],"about":[{"href":"https:\/\/www.polisrecreio.com.br\/site\/wp-json\/wp\/v2\/types\/post"}],"author":[{"embeddable":true,"href":"https:\/\/www.polisrecreio.com.br\/site\/wp-json\/wp\/v2\/users\/3"}],"replies":[{"embeddable":true,"href":"https:\/\/www.polisrecreio.com.br\/site\/wp-json\/wp\/v2\/comments?post=26333"}],"version-history":[{"count":3,"href":"https:\/\/www.polisrecreio.com.br\/site\/wp-json\/wp\/v2\/posts\/26333\/revisions"}],"predecessor-version":[{"id":26336,"href":"https:\/\/www.polisrecreio.com.br\/site\/wp-json\/wp\/v2\/posts\/26333\/revisions\/26336"}],"wp:attachment":[{"href":"https:\/\/www.polisrecreio.com.br\/site\/wp-json\/wp\/v2\/media?parent=26333"}],"wp:term":[{"taxonomy":"category","embeddable":true,"href":"https:\/\/www.polisrecreio.com.br\/site\/wp-json\/wp\/v2\/categories?post=26333"},{"taxonomy":"post_tag","embeddable":true,"href":"https:\/\/www.polisrecreio.com.br\/site\/wp-json\/wp\/v2\/tags?post=26333"}],"curies":[{"name":"wp","href":"https:\/\/api.w.org\/{rel}","templated":true}]}}