{"id":26448,"date":"2023-12-13T09:37:05","date_gmt":"2023-12-13T12:37:05","guid":{"rendered":"http:\/\/www.polisrecreio.com.br\/site\/?p=26448"},"modified":"2023-12-13T09:47:51","modified_gmt":"2023-12-13T12:47:51","slug":"recreienses-estao-na-grande-final-do-festival-regional-de-gastronomia","status":"publish","type":"post","link":"https:\/\/www.polisrecreio.com.br\/site\/2023\/12\/13\/recreienses-estao-na-grande-final-do-festival-regional-de-gastronomia\/","title":{"rendered":"Recreienses est\u00e3o na grande final do Festival Regional de Gastronomia"},"content":{"rendered":"<p style=\"text-align: justify;\">Os recreienses, Elis\u00e2ngela Xavier e Adriano Lomb\u00e9 (Didiu), est\u00e3o na grande final do Festival Regional de Gastronomia \u201cTrem B\u00e3o de Minas\u201d de 2023, promovido pelo IGR Circuito Tur\u00edstico Serras e Cachoeiras.<\/p>\n<p><!--more--><\/p>\n<p><a href=\"http:\/\/www.polisrecreio.com.br\/site\/wp-content\/uploads\/2023\/12\/Design-sem-nome.jpg\"><img loading=\"lazy\" class=\"aligncenter size-full wp-image-26449\" src=\"http:\/\/www.polisrecreio.com.br\/site\/wp-content\/uploads\/2023\/12\/Design-sem-nome.jpg\" alt=\"\" width=\"750\" height=\"500\" srcset=\"https:\/\/www.polisrecreio.com.br\/site\/wp-content\/uploads\/2023\/12\/Design-sem-nome.jpg 750w, https:\/\/www.polisrecreio.com.br\/site\/wp-content\/uploads\/2023\/12\/Design-sem-nome-300x200.jpg 300w\" sizes=\"(max-width: 750px) 100vw, 750px\" \/><\/a><\/p>\n<p style=\"text-align: justify;\">De acordo com os organizadores, o objetivo do projeto cultural \u00e9 apoiar a preserva\u00e7\u00e3o, conserva\u00e7\u00e3o, promo\u00e7\u00e3o e difus\u00e3o da culin\u00e1ria regional, com a simplicidade da cozinha de origem das cidades mineiras, seus quintais e ro\u00e7as.<\/p>\n<p style=\"text-align: justify;\">Elis\u00e2ngela, que \u00e9 propriet\u00e1ria do Rancho do Dig\u00e3o, est\u00e1 na disputa na categoria Pratos Salgados. O prato dela \u00e9 a \u201cRabada \u00e0 Moda do Rancho\u201d. J\u00e1, Didiu, que \u00e9 chef de cozinha e propriet\u00e1rio do Prato Du Chef, est\u00e1 concorrendo com o \u201cPudim Caipira\u201d, na categoria Pratos Doces.<\/p>\n<p style=\"text-align: justify;\">A vota\u00e7\u00e3o popular, atrav\u00e9s de curtidas nas redes sociais do Circuito Serras e Cachoeiras, que vai definir os vencedores da 3\u00aa edi\u00e7\u00e3o do Festival. A vota\u00e7\u00e3o come\u00e7ar\u00e1 em breve.<\/p>\n<p><a href=\"http:\/\/www.polisrecreio.com.br\/site\/wp-content\/uploads\/2023\/12\/409414976_860326716100791_7233458792008733778_n.jpg\"><img loading=\"lazy\" class=\"aligncenter size-full wp-image-26450\" src=\"http:\/\/www.polisrecreio.com.br\/site\/wp-content\/uploads\/2023\/12\/409414976_860326716100791_7233458792008733778_n.jpg\" alt=\"\" width=\"2048\" height=\"2048\" srcset=\"https:\/\/www.polisrecreio.com.br\/site\/wp-content\/uploads\/2023\/12\/409414976_860326716100791_7233458792008733778_n.jpg 2048w, https:\/\/www.polisrecreio.com.br\/site\/wp-content\/uploads\/2023\/12\/409414976_860326716100791_7233458792008733778_n-300x300.jpg 300w, https:\/\/www.polisrecreio.com.br\/site\/wp-content\/uploads\/2023\/12\/409414976_860326716100791_7233458792008733778_n-1024x1024.jpg 1024w, https:\/\/www.polisrecreio.com.br\/site\/wp-content\/uploads\/2023\/12\/409414976_860326716100791_7233458792008733778_n-150x150.jpg 150w, https:\/\/www.polisrecreio.com.br\/site\/wp-content\/uploads\/2023\/12\/409414976_860326716100791_7233458792008733778_n-768x768.jpg 768w, https:\/\/www.polisrecreio.com.br\/site\/wp-content\/uploads\/2023\/12\/409414976_860326716100791_7233458792008733778_n-1536x1536.jpg 1536w\" sizes=\"(max-width: 2048px) 100vw, 2048px\" \/><\/a><\/p>\n<p><a href=\"http:\/\/www.polisrecreio.com.br\/site\/wp-content\/uploads\/2023\/12\/409164606_860326729434123_3202415214431577131_n.jpg\"><img loading=\"lazy\" class=\"aligncenter size-full wp-image-26451\" src=\"http:\/\/www.polisrecreio.com.br\/site\/wp-content\/uploads\/2023\/12\/409164606_860326729434123_3202415214431577131_n.jpg\" alt=\"\" width=\"2048\" height=\"2048\" srcset=\"https:\/\/www.polisrecreio.com.br\/site\/wp-content\/uploads\/2023\/12\/409164606_860326729434123_3202415214431577131_n.jpg 2048w, https:\/\/www.polisrecreio.com.br\/site\/wp-content\/uploads\/2023\/12\/409164606_860326729434123_3202415214431577131_n-300x300.jpg 300w, https:\/\/www.polisrecreio.com.br\/site\/wp-content\/uploads\/2023\/12\/409164606_860326729434123_3202415214431577131_n-1024x1024.jpg 1024w, https:\/\/www.polisrecreio.com.br\/site\/wp-content\/uploads\/2023\/12\/409164606_860326729434123_3202415214431577131_n-150x150.jpg 150w, https:\/\/www.polisrecreio.com.br\/site\/wp-content\/uploads\/2023\/12\/409164606_860326729434123_3202415214431577131_n-768x768.jpg 768w, https:\/\/www.polisrecreio.com.br\/site\/wp-content\/uploads\/2023\/12\/409164606_860326729434123_3202415214431577131_n-1536x1536.jpg 1536w\" sizes=\"(max-width: 2048px) 100vw, 2048px\" \/><\/a><\/p>\n","protected":false},"excerpt":{"rendered":"<p>Os recreienses, Elis\u00e2ngela Xavier e Adriano Lomb\u00e9 (Didiu), est\u00e3o na grande final do Festival Regional de Gastronomia \u201cTrem B\u00e3o de Minas\u201d de 2023, promovido pelo IGR Circuito Tur\u00edstico Serras e Cachoeiras.<\/p>\n","protected":false},"author":3,"featured_media":0,"comment_status":"open","ping_status":"open","sticky":false,"template":"","format":"standard","meta":[],"categories":[2],"tags":[],"yoast_head":"<!-- This site is optimized with the Yoast SEO plugin v15.6.2 - https:\/\/yoast.com\/wordpress\/plugins\/seo\/ -->\n<meta name=\"robots\" content=\"index, follow, max-snippet:-1, max-image-preview:large, max-video-preview:-1\" \/>\n<link rel=\"canonical\" href=\"https:\/\/www.polisrecreio.com.br\/site\/2023\/12\/13\/recreienses-estao-na-grande-final-do-festival-regional-de-gastronomia\/\" \/>\n<meta property=\"og:locale\" content=\"pt_BR\" \/>\n<meta property=\"og:type\" content=\"article\" \/>\n<meta property=\"og:title\" content=\"Recreienses est\u00e3o na grande final do Festival Regional de Gastronomia - P\u00f3lis Recreio\" \/>\n<meta property=\"og:description\" content=\"Os recreienses, Elis\u00e2ngela Xavier e Adriano Lomb\u00e9 (Didiu), est\u00e3o na grande final do Festival Regional de Gastronomia \u201cTrem B\u00e3o de Minas\u201d de 2023, promovido pelo IGR Circuito Tur\u00edstico Serras e Cachoeiras.\" \/>\n<meta property=\"og:url\" content=\"https:\/\/www.polisrecreio.com.br\/site\/2023\/12\/13\/recreienses-estao-na-grande-final-do-festival-regional-de-gastronomia\/\" \/>\n<meta property=\"og:site_name\" content=\"P\u00f3lis Recreio\" \/>\n<meta property=\"article:publisher\" content=\"https:\/\/www.facebook.com\/Site-P%c3%b3lis-Recreio-MG-181941708571019\/\" \/>\n<meta property=\"article:published_time\" content=\"2023-12-13T12:37:05+00:00\" \/>\n<meta property=\"article:modified_time\" content=\"2023-12-13T12:47:51+00:00\" \/>\n<meta property=\"og:image\" content=\"http:\/\/www.polisrecreio.com.br\/site\/wp-content\/uploads\/2023\/12\/Design-sem-nome.jpg\" \/>\n<meta name=\"twitter:card\" content=\"summary_large_image\" \/>\n<meta name=\"twitter:creator\" content=\"@PolisRecreio\" \/>\n<meta name=\"twitter:site\" content=\"@PolisRecreio\" \/>\n<meta name=\"twitter:label1\" content=\"Est. reading time\">\n\t<meta name=\"twitter:data1\" content=\"2 minutos\">\n<script type=\"application\/ld+json\" class=\"yoast-schema-graph\">{\"@context\":\"https:\/\/schema.org\",\"@graph\":[{\"@type\":\"WebSite\",\"@id\":\"https:\/\/www.polisrecreio.com.br\/site\/#website\",\"url\":\"https:\/\/www.polisrecreio.com.br\/site\/\",\"name\":\"P\\u00f3lis Recreio\",\"description\":\"\",\"potentialAction\":[{\"@type\":\"SearchAction\",\"target\":\"https:\/\/www.polisrecreio.com.br\/site\/?s={search_term_string}\",\"query-input\":\"required name=search_term_string\"}],\"inLanguage\":\"pt-BR\"},{\"@type\":\"ImageObject\",\"@id\":\"https:\/\/www.polisrecreio.com.br\/site\/2023\/12\/13\/recreienses-estao-na-grande-final-do-festival-regional-de-gastronomia\/#primaryimage\",\"inLanguage\":\"pt-BR\",\"url\":\"http:\/\/www.polisrecreio.com.br\/site\/wp-content\/uploads\/2023\/12\/Design-sem-nome.jpg\"},{\"@type\":\"WebPage\",\"@id\":\"https:\/\/www.polisrecreio.com.br\/site\/2023\/12\/13\/recreienses-estao-na-grande-final-do-festival-regional-de-gastronomia\/#webpage\",\"url\":\"https:\/\/www.polisrecreio.com.br\/site\/2023\/12\/13\/recreienses-estao-na-grande-final-do-festival-regional-de-gastronomia\/\",\"name\":\"Recreienses est\\u00e3o na grande final do Festival Regional de Gastronomia - P\\u00f3lis Recreio\",\"isPartOf\":{\"@id\":\"https:\/\/www.polisrecreio.com.br\/site\/#website\"},\"primaryImageOfPage\":{\"@id\":\"https:\/\/www.polisrecreio.com.br\/site\/2023\/12\/13\/recreienses-estao-na-grande-final-do-festival-regional-de-gastronomia\/#primaryimage\"},\"datePublished\":\"2023-12-13T12:37:05+00:00\",\"dateModified\":\"2023-12-13T12:47:51+00:00\",\"author\":{\"@id\":\"https:\/\/www.polisrecreio.com.br\/site\/#\/schema\/person\/3363c1c78e1e28e1329d97adb387638e\"},\"inLanguage\":\"pt-BR\",\"potentialAction\":[{\"@type\":\"ReadAction\",\"target\":[\"https:\/\/www.polisrecreio.com.br\/site\/2023\/12\/13\/recreienses-estao-na-grande-final-do-festival-regional-de-gastronomia\/\"]}]},{\"@type\":\"Person\",\"@id\":\"https:\/\/www.polisrecreio.com.br\/site\/#\/schema\/person\/3363c1c78e1e28e1329d97adb387638e\",\"name\":\"Leonardo Ribeiro\",\"image\":{\"@type\":\"ImageObject\",\"@id\":\"https:\/\/www.polisrecreio.com.br\/site\/#personlogo\",\"inLanguage\":\"pt-BR\",\"url\":\"https:\/\/secure.gravatar.com\/avatar\/6ba92a37d621e1a83e23710251178a12?s=96&d=mm&r=g\",\"caption\":\"Leonardo Ribeiro\"},\"sameAs\":[\"http:\/\/www.polisrecreio.com.br\"]}]}<\/script>\n<!-- \/ Yoast SEO plugin. -->","_links":{"self":[{"href":"https:\/\/www.polisrecreio.com.br\/site\/wp-json\/wp\/v2\/posts\/26448"}],"collection":[{"href":"https:\/\/www.polisrecreio.com.br\/site\/wp-json\/wp\/v2\/posts"}],"about":[{"href":"https:\/\/www.polisrecreio.com.br\/site\/wp-json\/wp\/v2\/types\/post"}],"author":[{"embeddable":true,"href":"https:\/\/www.polisrecreio.com.br\/site\/wp-json\/wp\/v2\/users\/3"}],"replies":[{"embeddable":true,"href":"https:\/\/www.polisrecreio.com.br\/site\/wp-json\/wp\/v2\/comments?post=26448"}],"version-history":[{"count":4,"href":"https:\/\/www.polisrecreio.com.br\/site\/wp-json\/wp\/v2\/posts\/26448\/revisions"}],"predecessor-version":[{"id":26455,"href":"https:\/\/www.polisrecreio.com.br\/site\/wp-json\/wp\/v2\/posts\/26448\/revisions\/26455"}],"wp:attachment":[{"href":"https:\/\/www.polisrecreio.com.br\/site\/wp-json\/wp\/v2\/media?parent=26448"}],"wp:term":[{"taxonomy":"category","embeddable":true,"href":"https:\/\/www.polisrecreio.com.br\/site\/wp-json\/wp\/v2\/categories?post=26448"},{"taxonomy":"post_tag","embeddable":true,"href":"https:\/\/www.polisrecreio.com.br\/site\/wp-json\/wp\/v2\/tags?post=26448"}],"curies":[{"name":"wp","href":"https:\/\/api.w.org\/{rel}","templated":true}]}}