{"id":26456,"date":"2023-12-13T21:02:33","date_gmt":"2023-12-14T00:02:33","guid":{"rendered":"http:\/\/www.polisrecreio.com.br\/site\/?p=26456"},"modified":"2023-12-13T21:12:36","modified_gmt":"2023-12-14T00:12:36","slug":"vereador-chiquinho-sera-candidato-a-presidencia-da-camara-municipal-de-recreio","status":"publish","type":"post","link":"https:\/\/www.polisrecreio.com.br\/site\/2023\/12\/13\/vereador-chiquinho-sera-candidato-a-presidencia-da-camara-municipal-de-recreio\/","title":{"rendered":"Vereador Chiquinho ser\u00e1 candidato \u00e0 presid\u00eancia da C\u00e2mara Municipal de Recreio"},"content":{"rendered":"<p style=\"text-align: justify;\">Nos pr\u00f3ximos dias ser\u00e1 marcada a sess\u00e3o que vai definir o novo presidente da C\u00e2mara Municipal de Recreio. Na \u00faltima segunda-feira (11), o vereador Chiquinho (Republicanos), decano do legislativo recreiense, lan\u00e7ou sua candidatura.<\/p>\n<p><!--more--><\/p>\n<figure id=\"attachment_16090\" aria-describedby=\"caption-attachment-16090\" style=\"width: 750px\" class=\"wp-caption aligncenter\"><a href=\"http:\/\/www.polisrecreio.com.br\/site\/wp-content\/uploads\/2019\/12\/DSC_0013.jpg\"><img loading=\"lazy\" class=\"size-full wp-image-16090\" src=\"http:\/\/www.polisrecreio.com.br\/site\/wp-content\/uploads\/2019\/12\/DSC_0013.jpg\" alt=\"\" width=\"750\" height=\"523\" srcset=\"https:\/\/www.polisrecreio.com.br\/site\/wp-content\/uploads\/2019\/12\/DSC_0013.jpg 750w, https:\/\/www.polisrecreio.com.br\/site\/wp-content\/uploads\/2019\/12\/DSC_0013-300x209.jpg 300w\" sizes=\"(max-width: 750px) 100vw, 750px\" \/><\/a><figcaption id=\"caption-attachment-16090\" class=\"wp-caption-text\">Chiquinho, presidente de 2020 da C\u00e2mara.<\/figcaption><\/figure>\n<p style=\"text-align: justify;\">O atual presidente, Douglas Moreira (PSB), n\u00e3o poder\u00e1 se reeleger, conforme o Regimento Interno, assim como, o vereador Pororoca (PT), que foi presidente no ano de 2021.<\/p>\n<p style=\"text-align: justify;\">Al\u00e9m da presid\u00eancia, ser\u00e3o votados na \u00faltima sess\u00e3o legislativa de 2023 os cargos de vice-presidente, primeiro secret\u00e1rio e segundo secret\u00e1rio. O tesoureiro \u00e9 indica\u00e7\u00e3o do presidente eleito. Atualmente, o voto \u00e9 secreto e a elei\u00e7\u00e3o \u00e9 anual, conforme Regimento Interno.<\/p>\n<p><strong>Sete vereadores est\u00e3o aptos a se candidatar ao cargo de presidente<\/strong><\/p>\n<ul>\n<li>Chiquinho (Republicanos)<\/li>\n<li>Cl\u00e1udia (Patriota)<\/li>\n<li>Fabr\u00edsio \u201cP\u00e3o Doce\u201d (Patriota)<\/li>\n<li>Jovane (Republicanos)<\/li>\n<li>Juninho (PSD)<\/li>\n<li>Paulinho Pintor (PSB)<\/li>\n<li>Z\u00e9 Eduardo (PSB)<\/li>\n<\/ul>\n","protected":false},"excerpt":{"rendered":"<p>Nos pr\u00f3ximos dias ser\u00e1 marcada a sess\u00e3o que vai definir o novo presidente da C\u00e2mara Municipal de Recreio. Na \u00faltima segunda-feira (11), o vereador Chiquinho (Republicanos), decano do legislativo recreiense, lan\u00e7ou sua candidatura.<\/p>\n","protected":false},"author":3,"featured_media":0,"comment_status":"open","ping_status":"open","sticky":false,"template":"","format":"standard","meta":[],"categories":[6],"tags":[],"yoast_head":"<!-- This site is optimized with the Yoast SEO plugin v15.6.2 - https:\/\/yoast.com\/wordpress\/plugins\/seo\/ -->\n<meta name=\"robots\" content=\"index, follow, max-snippet:-1, max-image-preview:large, max-video-preview:-1\" \/>\n<link rel=\"canonical\" href=\"https:\/\/www.polisrecreio.com.br\/site\/2023\/12\/13\/vereador-chiquinho-sera-candidato-a-presidencia-da-camara-municipal-de-recreio\/\" \/>\n<meta property=\"og:locale\" content=\"pt_BR\" \/>\n<meta property=\"og:type\" content=\"article\" \/>\n<meta property=\"og:title\" content=\"Vereador Chiquinho ser\u00e1 candidato \u00e0 presid\u00eancia da C\u00e2mara Municipal de Recreio - P\u00f3lis Recreio\" \/>\n<meta property=\"og:description\" content=\"Nos pr\u00f3ximos dias ser\u00e1 marcada a sess\u00e3o que vai definir o novo presidente da C\u00e2mara Municipal de Recreio. Na \u00faltima segunda-feira (11), o vereador Chiquinho (Republicanos), decano do legislativo recreiense, lan\u00e7ou sua candidatura.\" \/>\n<meta property=\"og:url\" content=\"https:\/\/www.polisrecreio.com.br\/site\/2023\/12\/13\/vereador-chiquinho-sera-candidato-a-presidencia-da-camara-municipal-de-recreio\/\" \/>\n<meta property=\"og:site_name\" content=\"P\u00f3lis Recreio\" \/>\n<meta property=\"article:publisher\" content=\"https:\/\/www.facebook.com\/Site-P%c3%b3lis-Recreio-MG-181941708571019\/\" \/>\n<meta property=\"article:published_time\" content=\"2023-12-14T00:02:33+00:00\" \/>\n<meta property=\"article:modified_time\" content=\"2023-12-14T00:12:36+00:00\" \/>\n<meta property=\"og:image\" content=\"http:\/\/www.polisrecreio.com.br\/site\/wp-content\/uploads\/2019\/12\/DSC_0013.jpg\" \/>\n<meta name=\"twitter:card\" content=\"summary_large_image\" \/>\n<meta name=\"twitter:creator\" content=\"@PolisRecreio\" \/>\n<meta name=\"twitter:site\" content=\"@PolisRecreio\" \/>\n<meta name=\"twitter:label1\" content=\"Est. reading time\">\n\t<meta name=\"twitter:data1\" content=\"1 minuto\">\n<script type=\"application\/ld+json\" class=\"yoast-schema-graph\">{\"@context\":\"https:\/\/schema.org\",\"@graph\":[{\"@type\":\"WebSite\",\"@id\":\"https:\/\/www.polisrecreio.com.br\/site\/#website\",\"url\":\"https:\/\/www.polisrecreio.com.br\/site\/\",\"name\":\"P\\u00f3lis Recreio\",\"description\":\"\",\"potentialAction\":[{\"@type\":\"SearchAction\",\"target\":\"https:\/\/www.polisrecreio.com.br\/site\/?s={search_term_string}\",\"query-input\":\"required name=search_term_string\"}],\"inLanguage\":\"pt-BR\"},{\"@type\":\"ImageObject\",\"@id\":\"https:\/\/www.polisrecreio.com.br\/site\/2023\/12\/13\/vereador-chiquinho-sera-candidato-a-presidencia-da-camara-municipal-de-recreio\/#primaryimage\",\"inLanguage\":\"pt-BR\",\"url\":\"http:\/\/www.polisrecreio.com.br\/site\/wp-content\/uploads\/2019\/12\/DSC_0013.jpg\"},{\"@type\":\"WebPage\",\"@id\":\"https:\/\/www.polisrecreio.com.br\/site\/2023\/12\/13\/vereador-chiquinho-sera-candidato-a-presidencia-da-camara-municipal-de-recreio\/#webpage\",\"url\":\"https:\/\/www.polisrecreio.com.br\/site\/2023\/12\/13\/vereador-chiquinho-sera-candidato-a-presidencia-da-camara-municipal-de-recreio\/\",\"name\":\"Vereador Chiquinho ser\\u00e1 candidato \\u00e0 presid\\u00eancia da C\\u00e2mara Municipal de Recreio - P\\u00f3lis Recreio\",\"isPartOf\":{\"@id\":\"https:\/\/www.polisrecreio.com.br\/site\/#website\"},\"primaryImageOfPage\":{\"@id\":\"https:\/\/www.polisrecreio.com.br\/site\/2023\/12\/13\/vereador-chiquinho-sera-candidato-a-presidencia-da-camara-municipal-de-recreio\/#primaryimage\"},\"datePublished\":\"2023-12-14T00:02:33+00:00\",\"dateModified\":\"2023-12-14T00:12:36+00:00\",\"author\":{\"@id\":\"https:\/\/www.polisrecreio.com.br\/site\/#\/schema\/person\/3363c1c78e1e28e1329d97adb387638e\"},\"inLanguage\":\"pt-BR\",\"potentialAction\":[{\"@type\":\"ReadAction\",\"target\":[\"https:\/\/www.polisrecreio.com.br\/site\/2023\/12\/13\/vereador-chiquinho-sera-candidato-a-presidencia-da-camara-municipal-de-recreio\/\"]}]},{\"@type\":\"Person\",\"@id\":\"https:\/\/www.polisrecreio.com.br\/site\/#\/schema\/person\/3363c1c78e1e28e1329d97adb387638e\",\"name\":\"Leonardo Ribeiro\",\"image\":{\"@type\":\"ImageObject\",\"@id\":\"https:\/\/www.polisrecreio.com.br\/site\/#personlogo\",\"inLanguage\":\"pt-BR\",\"url\":\"https:\/\/secure.gravatar.com\/avatar\/6ba92a37d621e1a83e23710251178a12?s=96&d=mm&r=g\",\"caption\":\"Leonardo Ribeiro\"},\"sameAs\":[\"http:\/\/www.polisrecreio.com.br\"]}]}<\/script>\n<!-- \/ Yoast SEO plugin. -->","_links":{"self":[{"href":"https:\/\/www.polisrecreio.com.br\/site\/wp-json\/wp\/v2\/posts\/26456"}],"collection":[{"href":"https:\/\/www.polisrecreio.com.br\/site\/wp-json\/wp\/v2\/posts"}],"about":[{"href":"https:\/\/www.polisrecreio.com.br\/site\/wp-json\/wp\/v2\/types\/post"}],"author":[{"embeddable":true,"href":"https:\/\/www.polisrecreio.com.br\/site\/wp-json\/wp\/v2\/users\/3"}],"replies":[{"embeddable":true,"href":"https:\/\/www.polisrecreio.com.br\/site\/wp-json\/wp\/v2\/comments?post=26456"}],"version-history":[{"count":4,"href":"https:\/\/www.polisrecreio.com.br\/site\/wp-json\/wp\/v2\/posts\/26456\/revisions"}],"predecessor-version":[{"id":26460,"href":"https:\/\/www.polisrecreio.com.br\/site\/wp-json\/wp\/v2\/posts\/26456\/revisions\/26460"}],"wp:attachment":[{"href":"https:\/\/www.polisrecreio.com.br\/site\/wp-json\/wp\/v2\/media?parent=26456"}],"wp:term":[{"taxonomy":"category","embeddable":true,"href":"https:\/\/www.polisrecreio.com.br\/site\/wp-json\/wp\/v2\/categories?post=26456"},{"taxonomy":"post_tag","embeddable":true,"href":"https:\/\/www.polisrecreio.com.br\/site\/wp-json\/wp\/v2\/tags?post=26456"}],"curies":[{"name":"wp","href":"https:\/\/api.w.org\/{rel}","templated":true}]}}