{"id":26461,"date":"2023-12-14T17:35:39","date_gmt":"2023-12-14T20:35:39","guid":{"rendered":"http:\/\/www.polisrecreio.com.br\/site\/?p=26461"},"modified":"2023-12-14T17:47:55","modified_gmt":"2023-12-14T20:47:55","slug":"rua-manoel-leite-pinho-morro-da-erus-ganha-novo-calcamento","status":"publish","type":"post","link":"https:\/\/www.polisrecreio.com.br\/site\/2023\/12\/14\/rua-manoel-leite-pinho-morro-da-erus-ganha-novo-calcamento\/","title":{"rendered":"Rua Manoel Leite Pinho (morro da Erus) ganha novo cal\u00e7amento"},"content":{"rendered":"<p style=\"text-align: justify;\">Depois de muitos anos com um cal\u00e7amento quase intransit\u00e1vel, de pedras poli\u00e9dricas (p\u00e9 de moleque), a Rua Manoel Leite Pinho (morro da Erus) ganhou um novo cal\u00e7amento com blocos sextavados.<\/p>\n<p><!--more--><\/p>\n<p><a href=\"http:\/\/www.polisrecreio.com.br\/site\/wp-content\/uploads\/2023\/12\/WhatsApp-Image-2023-12-14-at-17.09.08-2.jpeg\"><img loading=\"lazy\" class=\"aligncenter size-full wp-image-26464\" src=\"http:\/\/www.polisrecreio.com.br\/site\/wp-content\/uploads\/2023\/12\/WhatsApp-Image-2023-12-14-at-17.09.08-2.jpeg\" alt=\"\" width=\"1600\" height=\"1204\" srcset=\"https:\/\/www.polisrecreio.com.br\/site\/wp-content\/uploads\/2023\/12\/WhatsApp-Image-2023-12-14-at-17.09.08-2.jpeg 1600w, https:\/\/www.polisrecreio.com.br\/site\/wp-content\/uploads\/2023\/12\/WhatsApp-Image-2023-12-14-at-17.09.08-2-300x226.jpeg 300w, https:\/\/www.polisrecreio.com.br\/site\/wp-content\/uploads\/2023\/12\/WhatsApp-Image-2023-12-14-at-17.09.08-2-1024x771.jpeg 1024w, https:\/\/www.polisrecreio.com.br\/site\/wp-content\/uploads\/2023\/12\/WhatsApp-Image-2023-12-14-at-17.09.08-2-768x578.jpeg 768w, https:\/\/www.polisrecreio.com.br\/site\/wp-content\/uploads\/2023\/12\/WhatsApp-Image-2023-12-14-at-17.09.08-2-1536x1156.jpeg 1536w\" sizes=\"(max-width: 1600px) 100vw, 1600px\" \/><\/a><\/p>\n<p style=\"text-align: justify;\">A obra de instala\u00e7\u00e3o dos blocos foi iniciada em setembro, entretanto, o caminho at\u00e9 chegar ao desfecho foi longo: seria asfaltada, depois a Administra\u00e7\u00e3o Municipal achou mais vi\u00e1vel o sextavado; houve troca do material da rede de esgoto (manilhas de cer\u00e2mica por tubos de PVC); retirada do p\u00e9 de moleque; prepara\u00e7\u00e3o do terreno; e enfim, neste final de 2023, o novo cal\u00e7amento.<\/p>\n<p style=\"text-align: justify;\">Segundo informa\u00e7\u00f5es, a data da inaugura\u00e7\u00e3o da nova Rua Manoel Leite Pinho ser\u00e1 divulgada em breve.<\/p>\n<figure id=\"attachment_26465\" aria-describedby=\"caption-attachment-26465\" style=\"width: 750px\" class=\"wp-caption aligncenter\"><a href=\"http:\/\/www.polisrecreio.com.br\/site\/wp-content\/uploads\/2023\/12\/erus.jpg\"><img loading=\"lazy\" class=\"size-full wp-image-26465\" src=\"http:\/\/www.polisrecreio.com.br\/site\/wp-content\/uploads\/2023\/12\/erus.jpg\" alt=\"\" width=\"750\" height=\"564\" srcset=\"https:\/\/www.polisrecreio.com.br\/site\/wp-content\/uploads\/2023\/12\/erus.jpg 750w, https:\/\/www.polisrecreio.com.br\/site\/wp-content\/uploads\/2023\/12\/erus-300x226.jpg 300w\" sizes=\"(max-width: 750px) 100vw, 750px\" \/><\/a><figcaption id=\"caption-attachment-26465\" class=\"wp-caption-text\">Antes: cal\u00e7amento com p\u00e9 de moleque.<\/figcaption><\/figure>\n<figure id=\"attachment_26463\" aria-describedby=\"caption-attachment-26463\" style=\"width: 1600px\" class=\"wp-caption aligncenter\"><a href=\"http:\/\/www.polisrecreio.com.br\/site\/wp-content\/uploads\/2023\/12\/WhatsApp-Image-2023-12-14-at-17.09.08-1.jpeg\"><img loading=\"lazy\" class=\"size-full wp-image-26463\" src=\"http:\/\/www.polisrecreio.com.br\/site\/wp-content\/uploads\/2023\/12\/WhatsApp-Image-2023-12-14-at-17.09.08-1.jpeg\" alt=\"\" width=\"1600\" height=\"1204\" srcset=\"https:\/\/www.polisrecreio.com.br\/site\/wp-content\/uploads\/2023\/12\/WhatsApp-Image-2023-12-14-at-17.09.08-1.jpeg 1600w, https:\/\/www.polisrecreio.com.br\/site\/wp-content\/uploads\/2023\/12\/WhatsApp-Image-2023-12-14-at-17.09.08-1-300x226.jpeg 300w, https:\/\/www.polisrecreio.com.br\/site\/wp-content\/uploads\/2023\/12\/WhatsApp-Image-2023-12-14-at-17.09.08-1-1024x771.jpeg 1024w, https:\/\/www.polisrecreio.com.br\/site\/wp-content\/uploads\/2023\/12\/WhatsApp-Image-2023-12-14-at-17.09.08-1-768x578.jpeg 768w, https:\/\/www.polisrecreio.com.br\/site\/wp-content\/uploads\/2023\/12\/WhatsApp-Image-2023-12-14-at-17.09.08-1-1536x1156.jpeg 1536w\" sizes=\"(max-width: 1600px) 100vw, 1600px\" \/><\/a><figcaption id=\"caption-attachment-26463\" class=\"wp-caption-text\">Agora: cal\u00e7amento com bloco sextavado.<\/figcaption><\/figure>\n<figure id=\"attachment_26466\" aria-describedby=\"caption-attachment-26466\" style=\"width: 720px\" class=\"wp-caption aligncenter\"><a href=\"http:\/\/www.polisrecreio.com.br\/site\/wp-content\/uploads\/2023\/12\/353005414_6359064710880221_6203965094332879217_n.jpg\"><img loading=\"lazy\" class=\"size-full wp-image-26466\" src=\"http:\/\/www.polisrecreio.com.br\/site\/wp-content\/uploads\/2023\/12\/353005414_6359064710880221_6203965094332879217_n.jpg\" alt=\"\" width=\"720\" height=\"424\" srcset=\"https:\/\/www.polisrecreio.com.br\/site\/wp-content\/uploads\/2023\/12\/353005414_6359064710880221_6203965094332879217_n.jpg 720w, https:\/\/www.polisrecreio.com.br\/site\/wp-content\/uploads\/2023\/12\/353005414_6359064710880221_6203965094332879217_n-300x177.jpg 300w\" sizes=\"(max-width: 720px) 100vw, 720px\" \/><\/a><figcaption id=\"caption-attachment-26466\" class=\"wp-caption-text\">Per\u00edodo da retirada do p\u00e9 de moleque.<\/figcaption><\/figure>\n<p><a href=\"http:\/\/www.polisrecreio.com.br\/site\/wp-content\/uploads\/2023\/12\/WhatsApp-Image-2023-12-14-at-17.09.08.jpeg\"><img loading=\"lazy\" class=\"aligncenter size-full wp-image-26462\" src=\"http:\/\/www.polisrecreio.com.br\/site\/wp-content\/uploads\/2023\/12\/WhatsApp-Image-2023-12-14-at-17.09.08.jpeg\" alt=\"\" width=\"1600\" height=\"1204\" srcset=\"https:\/\/www.polisrecreio.com.br\/site\/wp-content\/uploads\/2023\/12\/WhatsApp-Image-2023-12-14-at-17.09.08.jpeg 1600w, https:\/\/www.polisrecreio.com.br\/site\/wp-content\/uploads\/2023\/12\/WhatsApp-Image-2023-12-14-at-17.09.08-300x226.jpeg 300w, https:\/\/www.polisrecreio.com.br\/site\/wp-content\/uploads\/2023\/12\/WhatsApp-Image-2023-12-14-at-17.09.08-1024x771.jpeg 1024w, https:\/\/www.polisrecreio.com.br\/site\/wp-content\/uploads\/2023\/12\/WhatsApp-Image-2023-12-14-at-17.09.08-768x578.jpeg 768w, https:\/\/www.polisrecreio.com.br\/site\/wp-content\/uploads\/2023\/12\/WhatsApp-Image-2023-12-14-at-17.09.08-1536x1156.jpeg 1536w\" sizes=\"(max-width: 1600px) 100vw, 1600px\" \/><\/a><\/p>\n","protected":false},"excerpt":{"rendered":"<p>Depois de muitos anos com um cal\u00e7amento quase intransit\u00e1vel, de pedras poli\u00e9dricas (p\u00e9 de moleque), a Rua Manoel Leite Pinho (morro da Erus) ganhou um novo cal\u00e7amento com blocos sextavados.<\/p>\n","protected":false},"author":3,"featured_media":0,"comment_status":"open","ping_status":"open","sticky":false,"template":"","format":"standard","meta":[],"categories":[6],"tags":[],"yoast_head":"<!-- This site is optimized with the Yoast SEO plugin v15.6.2 - https:\/\/yoast.com\/wordpress\/plugins\/seo\/ -->\n<meta name=\"robots\" content=\"index, follow, max-snippet:-1, max-image-preview:large, max-video-preview:-1\" \/>\n<link rel=\"canonical\" href=\"https:\/\/www.polisrecreio.com.br\/site\/2023\/12\/14\/rua-manoel-leite-pinho-morro-da-erus-ganha-novo-calcamento\/\" \/>\n<meta property=\"og:locale\" content=\"pt_BR\" \/>\n<meta property=\"og:type\" content=\"article\" \/>\n<meta property=\"og:title\" content=\"Rua Manoel Leite Pinho (morro da Erus) ganha novo cal\u00e7amento - P\u00f3lis Recreio\" \/>\n<meta property=\"og:description\" content=\"Depois de muitos anos com um cal\u00e7amento quase intransit\u00e1vel, de pedras poli\u00e9dricas (p\u00e9 de moleque), a Rua Manoel Leite Pinho (morro da Erus) ganhou um novo cal\u00e7amento com blocos sextavados.\" \/>\n<meta property=\"og:url\" content=\"https:\/\/www.polisrecreio.com.br\/site\/2023\/12\/14\/rua-manoel-leite-pinho-morro-da-erus-ganha-novo-calcamento\/\" \/>\n<meta property=\"og:site_name\" content=\"P\u00f3lis Recreio\" \/>\n<meta property=\"article:publisher\" content=\"https:\/\/www.facebook.com\/Site-P%c3%b3lis-Recreio-MG-181941708571019\/\" \/>\n<meta property=\"article:published_time\" content=\"2023-12-14T20:35:39+00:00\" \/>\n<meta property=\"article:modified_time\" content=\"2023-12-14T20:47:55+00:00\" \/>\n<meta property=\"og:image\" content=\"http:\/\/www.polisrecreio.com.br\/site\/wp-content\/uploads\/2023\/12\/WhatsApp-Image-2023-12-14-at-17.09.08-2.jpeg\" \/>\n<meta name=\"twitter:card\" content=\"summary_large_image\" \/>\n<meta name=\"twitter:creator\" content=\"@PolisRecreio\" \/>\n<meta name=\"twitter:site\" content=\"@PolisRecreio\" \/>\n<meta name=\"twitter:label1\" content=\"Est. reading time\">\n\t<meta name=\"twitter:data1\" content=\"2 minutos\">\n<script type=\"application\/ld+json\" class=\"yoast-schema-graph\">{\"@context\":\"https:\/\/schema.org\",\"@graph\":[{\"@type\":\"WebSite\",\"@id\":\"https:\/\/www.polisrecreio.com.br\/site\/#website\",\"url\":\"https:\/\/www.polisrecreio.com.br\/site\/\",\"name\":\"P\\u00f3lis Recreio\",\"description\":\"\",\"potentialAction\":[{\"@type\":\"SearchAction\",\"target\":\"https:\/\/www.polisrecreio.com.br\/site\/?s={search_term_string}\",\"query-input\":\"required name=search_term_string\"}],\"inLanguage\":\"pt-BR\"},{\"@type\":\"ImageObject\",\"@id\":\"https:\/\/www.polisrecreio.com.br\/site\/2023\/12\/14\/rua-manoel-leite-pinho-morro-da-erus-ganha-novo-calcamento\/#primaryimage\",\"inLanguage\":\"pt-BR\",\"url\":\"http:\/\/www.polisrecreio.com.br\/site\/wp-content\/uploads\/2023\/12\/WhatsApp-Image-2023-12-14-at-17.09.08-2.jpeg\"},{\"@type\":\"WebPage\",\"@id\":\"https:\/\/www.polisrecreio.com.br\/site\/2023\/12\/14\/rua-manoel-leite-pinho-morro-da-erus-ganha-novo-calcamento\/#webpage\",\"url\":\"https:\/\/www.polisrecreio.com.br\/site\/2023\/12\/14\/rua-manoel-leite-pinho-morro-da-erus-ganha-novo-calcamento\/\",\"name\":\"Rua Manoel Leite Pinho (morro da Erus) ganha novo cal\\u00e7amento - P\\u00f3lis Recreio\",\"isPartOf\":{\"@id\":\"https:\/\/www.polisrecreio.com.br\/site\/#website\"},\"primaryImageOfPage\":{\"@id\":\"https:\/\/www.polisrecreio.com.br\/site\/2023\/12\/14\/rua-manoel-leite-pinho-morro-da-erus-ganha-novo-calcamento\/#primaryimage\"},\"datePublished\":\"2023-12-14T20:35:39+00:00\",\"dateModified\":\"2023-12-14T20:47:55+00:00\",\"author\":{\"@id\":\"https:\/\/www.polisrecreio.com.br\/site\/#\/schema\/person\/3363c1c78e1e28e1329d97adb387638e\"},\"inLanguage\":\"pt-BR\",\"potentialAction\":[{\"@type\":\"ReadAction\",\"target\":[\"https:\/\/www.polisrecreio.com.br\/site\/2023\/12\/14\/rua-manoel-leite-pinho-morro-da-erus-ganha-novo-calcamento\/\"]}]},{\"@type\":\"Person\",\"@id\":\"https:\/\/www.polisrecreio.com.br\/site\/#\/schema\/person\/3363c1c78e1e28e1329d97adb387638e\",\"name\":\"Leonardo Ribeiro\",\"image\":{\"@type\":\"ImageObject\",\"@id\":\"https:\/\/www.polisrecreio.com.br\/site\/#personlogo\",\"inLanguage\":\"pt-BR\",\"url\":\"https:\/\/secure.gravatar.com\/avatar\/6ba92a37d621e1a83e23710251178a12?s=96&d=mm&r=g\",\"caption\":\"Leonardo Ribeiro\"},\"sameAs\":[\"http:\/\/www.polisrecreio.com.br\"]}]}<\/script>\n<!-- \/ Yoast SEO plugin. -->","_links":{"self":[{"href":"https:\/\/www.polisrecreio.com.br\/site\/wp-json\/wp\/v2\/posts\/26461"}],"collection":[{"href":"https:\/\/www.polisrecreio.com.br\/site\/wp-json\/wp\/v2\/posts"}],"about":[{"href":"https:\/\/www.polisrecreio.com.br\/site\/wp-json\/wp\/v2\/types\/post"}],"author":[{"embeddable":true,"href":"https:\/\/www.polisrecreio.com.br\/site\/wp-json\/wp\/v2\/users\/3"}],"replies":[{"embeddable":true,"href":"https:\/\/www.polisrecreio.com.br\/site\/wp-json\/wp\/v2\/comments?post=26461"}],"version-history":[{"count":3,"href":"https:\/\/www.polisrecreio.com.br\/site\/wp-json\/wp\/v2\/posts\/26461\/revisions"}],"predecessor-version":[{"id":26469,"href":"https:\/\/www.polisrecreio.com.br\/site\/wp-json\/wp\/v2\/posts\/26461\/revisions\/26469"}],"wp:attachment":[{"href":"https:\/\/www.polisrecreio.com.br\/site\/wp-json\/wp\/v2\/media?parent=26461"}],"wp:term":[{"taxonomy":"category","embeddable":true,"href":"https:\/\/www.polisrecreio.com.br\/site\/wp-json\/wp\/v2\/categories?post=26461"},{"taxonomy":"post_tag","embeddable":true,"href":"https:\/\/www.polisrecreio.com.br\/site\/wp-json\/wp\/v2\/tags?post=26461"}],"curies":[{"name":"wp","href":"https:\/\/api.w.org\/{rel}","templated":true}]}}