{"id":2652,"date":"2016-08-16T06:52:01","date_gmt":"2016-08-16T09:52:01","guid":{"rendered":"http:\/\/www.polisrecreio.com.br\/site\/?p=2652"},"modified":"2016-08-16T21:33:20","modified_gmt":"2016-08-17T00:33:20","slug":"comeca-hoje-oficialmente-a-campanha-eleitoral","status":"publish","type":"post","link":"https:\/\/www.polisrecreio.com.br\/site\/2016\/08\/16\/comeca-hoje-oficialmente-a-campanha-eleitoral\/","title":{"rendered":"Come\u00e7a hoje, oficialmente, a campanha eleitoral"},"content":{"rendered":"<p style=\"text-align: justify;\">Come\u00e7a hoje (16), oficialmente, a campanha eleitoral de apenas 45 dias e com v\u00e1rias restri\u00e7\u00f5es impostas \u00e0 propaganda. O registro de candidaturas encerrou-se ontem e os dois candidatos \u00e0 Prefeitura de Recreio ter\u00e3o um m\u00eas e meio para disputar os 7.897 votos.<\/p>\n<p style=\"text-align: justify;\"><!--more--><\/p>\n<p style=\"text-align: justify;\"><a href=\"http:\/\/www.polisrecreio.com.br\/site\/wp-content\/uploads\/2016\/06\/voto.jpg\"><img loading=\"lazy\" class=\"aligncenter size-full wp-image-2075\" src=\"http:\/\/www.polisrecreio.com.br\/site\/wp-content\/uploads\/2016\/06\/voto.jpg\" alt=\"voto\" width=\"800\" height=\"388\" srcset=\"https:\/\/www.polisrecreio.com.br\/site\/wp-content\/uploads\/2016\/06\/voto.jpg 800w, https:\/\/www.polisrecreio.com.br\/site\/wp-content\/uploads\/2016\/06\/voto-300x146.jpg 300w\" sizes=\"(max-width: 800px) 100vw, 800px\" \/><\/a><\/p>\n<p style=\"text-align: justify;\">Nos bastidores e pelas redes sociais as disputas pol\u00edticas em Recreio est\u00e3o intensas h\u00e1 meses, agora, neste per\u00edodo o povo espera um debate mais democr\u00e1tico para analisar as propostas que ser\u00e3o apresentadas por cada um. Do lado da situa\u00e7\u00e3o, Oninho (PTB), tentar\u00e1 o seu quarto mandato, ao lado da estreante Renata (PRB), como vice-prefeita. Na oposi\u00e7\u00e3o est\u00e1 Z\u00e9 Maria Barros (PSB), ex-deputado estadual e filho do ex-prefeito Jos\u00e9 Amaury Teixeira de Barros (i.m), junto com o atual vice-prefeito e ex-prefeito, Jo\u00e3o D\u00f3lar (PSD).<\/p>\n<p style=\"text-align: justify;\">Conforme a Lei da Minirreforma, n\u00ba 13.165\/2015, que promoveu algumas altera\u00e7\u00f5es na Lei das Elei\u00e7\u00f5es (Lei n\u00ba 9.504\/1997), a partir de hoje os candidatos, os partidos ou as coliga\u00e7\u00f5es poder\u00e3o fazer funcionar, das 8h \u00e0s 22h, alto-falantes ou amplificados de som, nas suas sedes ou em ve\u00edculos; realizar com\u00edcios e utilizar aparelhagem de sonoriza\u00e7\u00e3o fixa, das 8h \u00e0s 24h, podendo o hor\u00e1rio ser prorrogado por mais duas horas quando se tratar de com\u00edcio de encerramento de campanha; veicular propaganda eleitoral na internet, vedada a veicula\u00e7\u00e3o de qualquer tipo de propaganda paga; distribuir material gr\u00e1fico, realizar caminhadas, carreatas, passeatas ou carro de som que transite pela cidade divulgando jingles ou mensagens de candidatos, at\u00e9 \u00e0s 22h do dia 1\u00ba de outubro, observado os limites e as veda\u00e7\u00f5es legais. As propagandas eleitorais gratuitas em r\u00e1dio e televis\u00e3o come\u00e7am dia 26 de agosto e terminam dia 29 de setembro.<\/p>\n<p style=\"text-align: justify;\">Durante a semana estaremos abordando mais temas sobre as campanhas de 2016, principal.<\/p>\n","protected":false},"excerpt":{"rendered":"<p>Come\u00e7a hoje (16), oficialmente, a campanha eleitoral de apenas 45 dias e com v\u00e1rias restri\u00e7\u00f5es impostas \u00e0 propaganda. O registro de candidaturas encerrou-se ontem e os dois candidatos \u00e0 Prefeitura de Recreio ter\u00e3o um m\u00eas e meio para disputar os 7.897 votos.<\/p>\n","protected":false},"author":3,"featured_media":2075,"comment_status":"open","ping_status":"open","sticky":false,"template":"","format":"standard","meta":[],"categories":[13],"tags":[],"yoast_head":"<!-- This site is optimized with the Yoast SEO plugin v15.6.2 - https:\/\/yoast.com\/wordpress\/plugins\/seo\/ -->\n<meta name=\"robots\" content=\"index, follow, max-snippet:-1, max-image-preview:large, max-video-preview:-1\" \/>\n<link rel=\"canonical\" href=\"http:\/\/www.polisrecreio.com.br\/site\/2016\/08\/16\/comeca-hoje-oficialmente-a-campanha-eleitoral\/\" \/>\n<meta property=\"og:locale\" content=\"pt_BR\" \/>\n<meta property=\"og:type\" content=\"article\" \/>\n<meta property=\"og:title\" content=\"Come\u00e7a hoje, oficialmente, a campanha eleitoral - P\u00f3lis Recreio\" \/>\n<meta property=\"og:description\" content=\"Come\u00e7a hoje (16), oficialmente, a campanha eleitoral de apenas 45 dias e com v\u00e1rias restri\u00e7\u00f5es impostas \u00e0 propaganda. O registro de candidaturas encerrou-se ontem e os dois candidatos \u00e0 Prefeitura de Recreio ter\u00e3o um m\u00eas e meio para disputar os 7.897 votos.\" \/>\n<meta property=\"og:url\" content=\"http:\/\/www.polisrecreio.com.br\/site\/2016\/08\/16\/comeca-hoje-oficialmente-a-campanha-eleitoral\/\" \/>\n<meta property=\"og:site_name\" content=\"P\u00f3lis Recreio\" \/>\n<meta property=\"article:publisher\" content=\"https:\/\/www.facebook.com\/Site-P%c3%b3lis-Recreio-MG-181941708571019\/\" \/>\n<meta property=\"article:published_time\" content=\"2016-08-16T09:52:01+00:00\" \/>\n<meta property=\"article:modified_time\" content=\"2016-08-17T00:33:20+00:00\" \/>\n<meta property=\"og:image\" content=\"https:\/\/www.polisrecreio.com.br\/site\/wp-content\/uploads\/2016\/06\/voto.jpg\" \/>\n\t<meta property=\"og:image:width\" content=\"800\" \/>\n\t<meta property=\"og:image:height\" content=\"388\" \/>\n<meta name=\"twitter:card\" content=\"summary_large_image\" \/>\n<meta name=\"twitter:creator\" content=\"@PolisRecreio\" \/>\n<meta name=\"twitter:site\" content=\"@PolisRecreio\" \/>\n<meta name=\"twitter:label1\" content=\"Est. reading time\">\n\t<meta name=\"twitter:data1\" content=\"2 minutos\">\n<script type=\"application\/ld+json\" class=\"yoast-schema-graph\">{\"@context\":\"https:\/\/schema.org\",\"@graph\":[{\"@type\":\"WebSite\",\"@id\":\"https:\/\/www.polisrecreio.com.br\/site\/#website\",\"url\":\"https:\/\/www.polisrecreio.com.br\/site\/\",\"name\":\"P\\u00f3lis Recreio\",\"description\":\"\",\"potentialAction\":[{\"@type\":\"SearchAction\",\"target\":\"https:\/\/www.polisrecreio.com.br\/site\/?s={search_term_string}\",\"query-input\":\"required name=search_term_string\"}],\"inLanguage\":\"pt-BR\"},{\"@type\":\"ImageObject\",\"@id\":\"http:\/\/www.polisrecreio.com.br\/site\/2016\/08\/16\/comeca-hoje-oficialmente-a-campanha-eleitoral\/#primaryimage\",\"inLanguage\":\"pt-BR\",\"url\":\"https:\/\/www.polisrecreio.com.br\/site\/wp-content\/uploads\/2016\/06\/voto.jpg\",\"width\":800,\"height\":388},{\"@type\":\"WebPage\",\"@id\":\"http:\/\/www.polisrecreio.com.br\/site\/2016\/08\/16\/comeca-hoje-oficialmente-a-campanha-eleitoral\/#webpage\",\"url\":\"http:\/\/www.polisrecreio.com.br\/site\/2016\/08\/16\/comeca-hoje-oficialmente-a-campanha-eleitoral\/\",\"name\":\"Come\\u00e7a hoje, oficialmente, a campanha eleitoral - P\\u00f3lis Recreio\",\"isPartOf\":{\"@id\":\"https:\/\/www.polisrecreio.com.br\/site\/#website\"},\"primaryImageOfPage\":{\"@id\":\"http:\/\/www.polisrecreio.com.br\/site\/2016\/08\/16\/comeca-hoje-oficialmente-a-campanha-eleitoral\/#primaryimage\"},\"datePublished\":\"2016-08-16T09:52:01+00:00\",\"dateModified\":\"2016-08-17T00:33:20+00:00\",\"author\":{\"@id\":\"https:\/\/www.polisrecreio.com.br\/site\/#\/schema\/person\/3363c1c78e1e28e1329d97adb387638e\"},\"inLanguage\":\"pt-BR\",\"potentialAction\":[{\"@type\":\"ReadAction\",\"target\":[\"http:\/\/www.polisrecreio.com.br\/site\/2016\/08\/16\/comeca-hoje-oficialmente-a-campanha-eleitoral\/\"]}]},{\"@type\":\"Person\",\"@id\":\"https:\/\/www.polisrecreio.com.br\/site\/#\/schema\/person\/3363c1c78e1e28e1329d97adb387638e\",\"name\":\"Leonardo Ribeiro\",\"image\":{\"@type\":\"ImageObject\",\"@id\":\"https:\/\/www.polisrecreio.com.br\/site\/#personlogo\",\"inLanguage\":\"pt-BR\",\"url\":\"https:\/\/secure.gravatar.com\/avatar\/6ba92a37d621e1a83e23710251178a12?s=96&d=mm&r=g\",\"caption\":\"Leonardo Ribeiro\"},\"sameAs\":[\"http:\/\/www.polisrecreio.com.br\"]}]}<\/script>\n<!-- \/ Yoast SEO plugin. -->","_links":{"self":[{"href":"https:\/\/www.polisrecreio.com.br\/site\/wp-json\/wp\/v2\/posts\/2652"}],"collection":[{"href":"https:\/\/www.polisrecreio.com.br\/site\/wp-json\/wp\/v2\/posts"}],"about":[{"href":"https:\/\/www.polisrecreio.com.br\/site\/wp-json\/wp\/v2\/types\/post"}],"author":[{"embeddable":true,"href":"https:\/\/www.polisrecreio.com.br\/site\/wp-json\/wp\/v2\/users\/3"}],"replies":[{"embeddable":true,"href":"https:\/\/www.polisrecreio.com.br\/site\/wp-json\/wp\/v2\/comments?post=2652"}],"version-history":[{"count":4,"href":"https:\/\/www.polisrecreio.com.br\/site\/wp-json\/wp\/v2\/posts\/2652\/revisions"}],"predecessor-version":[{"id":2656,"href":"https:\/\/www.polisrecreio.com.br\/site\/wp-json\/wp\/v2\/posts\/2652\/revisions\/2656"}],"wp:featuredmedia":[{"embeddable":true,"href":"https:\/\/www.polisrecreio.com.br\/site\/wp-json\/wp\/v2\/media\/2075"}],"wp:attachment":[{"href":"https:\/\/www.polisrecreio.com.br\/site\/wp-json\/wp\/v2\/media?parent=2652"}],"wp:term":[{"taxonomy":"category","embeddable":true,"href":"https:\/\/www.polisrecreio.com.br\/site\/wp-json\/wp\/v2\/categories?post=2652"},{"taxonomy":"post_tag","embeddable":true,"href":"https:\/\/www.polisrecreio.com.br\/site\/wp-json\/wp\/v2\/tags?post=2652"}],"curies":[{"name":"wp","href":"https:\/\/api.w.org\/{rel}","templated":true}]}}