{"id":26566,"date":"2024-01-04T19:23:00","date_gmt":"2024-01-04T22:23:00","guid":{"rendered":"http:\/\/www.polisrecreio.com.br\/site\/?p=26566"},"modified":"2024-01-04T19:36:33","modified_gmt":"2024-01-04T22:36:33","slug":"eleicao-para-presidente-da-camara-de-recreio-nao-sera-mais-anual","status":"publish","type":"post","link":"https:\/\/www.polisrecreio.com.br\/site\/2024\/01\/04\/eleicao-para-presidente-da-camara-de-recreio-nao-sera-mais-anual\/","title":{"rendered":"Elei\u00e7\u00e3o para presidente da C\u00e2mara de Recreio n\u00e3o ser\u00e1 mais anual"},"content":{"rendered":"<p style=\"text-align: justify;\">A elei\u00e7\u00e3o para presidente, vice-presidente e secret\u00e1rio, da C\u00e2mara Municipal de Recreio n\u00e3o ser\u00e1 mais anual. A partir do mandato 2025\/2028, a mesa diretora ser\u00e1 eleita para um bi\u00eanio, sendo vedada a reelei\u00e7\u00e3o.<\/p>\n<p><!--more--><\/p>\n<p><a href=\"http:\/\/www.polisrecreio.com.br\/site\/wp-content\/uploads\/2022\/03\/camara.jpg\"><img loading=\"lazy\" class=\"aligncenter size-full wp-image-23106\" src=\"http:\/\/www.polisrecreio.com.br\/site\/wp-content\/uploads\/2022\/03\/camara.jpg\" alt=\"\" width=\"750\" height=\"500\" srcset=\"https:\/\/www.polisrecreio.com.br\/site\/wp-content\/uploads\/2022\/03\/camara.jpg 750w, https:\/\/www.polisrecreio.com.br\/site\/wp-content\/uploads\/2022\/03\/camara-300x200.jpg 300w\" sizes=\"(max-width: 750px) 100vw, 750px\" \/><\/a><\/p>\n<p style=\"text-align: justify;\">O processo de escolha destas fun\u00e7\u00f5es administrativas do legislativo recreiense, at\u00e9 o \u00faltimo ano, acontecia anualmente pelos parlamentares.<\/p>\n<p style=\"text-align: justify;\">A altera\u00e7\u00e3o aconteceu por meio de emenda \u00e0 Lei Org\u00e2nica Municipal. Confira abaixo na \u00edntegra.<\/p>\n<p><em><strong>C\u00c2MARA MUNICIPAL DE RECREIO<\/strong><\/em><\/p>\n<p style=\"text-align: justify;\"><em>EMENDA \u00c0 LEI ORG\u00c2NICA N\u00ba 02\/2023<\/em><\/p>\n<p style=\"text-align: justify;\"><em>D\u00e1 nova reda\u00e7\u00e3o aos \u00a7 3\u00ba do artigo 37 da Lei Org\u00e2nica do Munic\u00edpio de Recreio, Estado de Minas Gerais, que trata da elei\u00e7\u00e3o da Mesa Diretora.<\/em><\/p>\n<p style=\"text-align: justify;\"><em>A MESA DIRETORA DA C\u00c2MARA MUNICIPAL DE RECREIO, ESTADO DE MINAS GERAIS, promulga a seguinte Emenda \u00e0 Lei Org\u00e2nica:<\/em><\/p>\n<p style=\"text-align: justify;\"><em>Art. 1\u00ba Os \u00a7 3\u00ba do artigo 37 da Lei Org\u00e2nica do Munic\u00edpio de Recreio, Estado de Minas Gerais, passam a vigorar com a seguinte reda\u00e7\u00e3o:<\/em><\/p>\n<p style=\"text-align: justify;\"><em>Art. 37. (&#8230;) (&#8230;) \u00a73\u00ba A Mesa da C\u00e2mara Municipal, eleita para um mandato de dois anos, comp\u00f5e-se do (a) Presidente, do (a) do Vice-Presidente e do (a) Secret\u00e1rio (a), vedada a recondu\u00e7\u00e3o, na mesma legislatura, para o mesmo cargo na elei\u00e7\u00e3o imediatamente subsequente\u2016<\/em><\/p>\n<p style=\"text-align: justify;\"><em>Art. 2\u00ba Esta Emenda entra em vigor na data de sua publica\u00e7\u00e3o.<\/em><\/p>\n<p style=\"text-align: justify;\"><em>C\u00e2mara Municipal de Recreio, MG, 27 de dezembro de 2023.<\/em><\/p>\n<p style=\"text-align: justify;\"><em>Vereador Douglas Ferreira Moreira (Presidente)<\/em><\/p>\n<p style=\"text-align: justify;\"><em>Vereador Francisco Joaquim de Souza Lima (Vice-Presidente)<\/em><\/p>\n<p style=\"text-align: justify;\"><em>Vereador Jovane de Paula Resende (Secret\u00e1rio)<\/em><\/p>\n","protected":false},"excerpt":{"rendered":"<p>A elei\u00e7\u00e3o para presidente, vice-presidente e secret\u00e1rio, da C\u00e2mara Municipal de Recreio n\u00e3o ser\u00e1 mais anual. A partir do mandato 2025\/2028, a mesa diretora ser\u00e1 eleita para um bi\u00eanio, sendo vedada a reelei\u00e7\u00e3o.<\/p>\n","protected":false},"author":3,"featured_media":0,"comment_status":"open","ping_status":"open","sticky":false,"template":"","format":"standard","meta":[],"categories":[6],"tags":[],"yoast_head":"<!-- This site is optimized with the Yoast SEO plugin v15.6.2 - https:\/\/yoast.com\/wordpress\/plugins\/seo\/ -->\n<meta name=\"robots\" content=\"index, follow, max-snippet:-1, max-image-preview:large, max-video-preview:-1\" \/>\n<link rel=\"canonical\" href=\"https:\/\/www.polisrecreio.com.br\/site\/2024\/01\/04\/eleicao-para-presidente-da-camara-de-recreio-nao-sera-mais-anual\/\" \/>\n<meta property=\"og:locale\" content=\"pt_BR\" \/>\n<meta property=\"og:type\" content=\"article\" \/>\n<meta property=\"og:title\" content=\"Elei\u00e7\u00e3o para presidente da C\u00e2mara de Recreio n\u00e3o ser\u00e1 mais anual - P\u00f3lis Recreio\" \/>\n<meta property=\"og:description\" content=\"A elei\u00e7\u00e3o para presidente, vice-presidente e secret\u00e1rio, da C\u00e2mara Municipal de Recreio n\u00e3o ser\u00e1 mais anual. A partir do mandato 2025\/2028, a mesa diretora ser\u00e1 eleita para um bi\u00eanio, sendo vedada a reelei\u00e7\u00e3o.\" \/>\n<meta property=\"og:url\" content=\"https:\/\/www.polisrecreio.com.br\/site\/2024\/01\/04\/eleicao-para-presidente-da-camara-de-recreio-nao-sera-mais-anual\/\" \/>\n<meta property=\"og:site_name\" content=\"P\u00f3lis Recreio\" \/>\n<meta property=\"article:publisher\" content=\"https:\/\/www.facebook.com\/Site-P%c3%b3lis-Recreio-MG-181941708571019\/\" \/>\n<meta property=\"article:published_time\" content=\"2024-01-04T22:23:00+00:00\" \/>\n<meta property=\"article:modified_time\" content=\"2024-01-04T22:36:33+00:00\" \/>\n<meta property=\"og:image\" content=\"http:\/\/www.polisrecreio.com.br\/site\/wp-content\/uploads\/2022\/03\/camara.jpg\" \/>\n<meta name=\"twitter:card\" content=\"summary_large_image\" \/>\n<meta name=\"twitter:creator\" content=\"@PolisRecreio\" \/>\n<meta name=\"twitter:site\" content=\"@PolisRecreio\" \/>\n<meta name=\"twitter:label1\" content=\"Est. reading time\">\n\t<meta name=\"twitter:data1\" content=\"2 minutos\">\n<script type=\"application\/ld+json\" class=\"yoast-schema-graph\">{\"@context\":\"https:\/\/schema.org\",\"@graph\":[{\"@type\":\"WebSite\",\"@id\":\"https:\/\/www.polisrecreio.com.br\/site\/#website\",\"url\":\"https:\/\/www.polisrecreio.com.br\/site\/\",\"name\":\"P\\u00f3lis Recreio\",\"description\":\"\",\"potentialAction\":[{\"@type\":\"SearchAction\",\"target\":\"https:\/\/www.polisrecreio.com.br\/site\/?s={search_term_string}\",\"query-input\":\"required name=search_term_string\"}],\"inLanguage\":\"pt-BR\"},{\"@type\":\"ImageObject\",\"@id\":\"https:\/\/www.polisrecreio.com.br\/site\/2024\/01\/04\/eleicao-para-presidente-da-camara-de-recreio-nao-sera-mais-anual\/#primaryimage\",\"inLanguage\":\"pt-BR\",\"url\":\"http:\/\/www.polisrecreio.com.br\/site\/wp-content\/uploads\/2022\/03\/camara.jpg\"},{\"@type\":\"WebPage\",\"@id\":\"https:\/\/www.polisrecreio.com.br\/site\/2024\/01\/04\/eleicao-para-presidente-da-camara-de-recreio-nao-sera-mais-anual\/#webpage\",\"url\":\"https:\/\/www.polisrecreio.com.br\/site\/2024\/01\/04\/eleicao-para-presidente-da-camara-de-recreio-nao-sera-mais-anual\/\",\"name\":\"Elei\\u00e7\\u00e3o para presidente da C\\u00e2mara de Recreio n\\u00e3o ser\\u00e1 mais anual - P\\u00f3lis Recreio\",\"isPartOf\":{\"@id\":\"https:\/\/www.polisrecreio.com.br\/site\/#website\"},\"primaryImageOfPage\":{\"@id\":\"https:\/\/www.polisrecreio.com.br\/site\/2024\/01\/04\/eleicao-para-presidente-da-camara-de-recreio-nao-sera-mais-anual\/#primaryimage\"},\"datePublished\":\"2024-01-04T22:23:00+00:00\",\"dateModified\":\"2024-01-04T22:36:33+00:00\",\"author\":{\"@id\":\"https:\/\/www.polisrecreio.com.br\/site\/#\/schema\/person\/3363c1c78e1e28e1329d97adb387638e\"},\"inLanguage\":\"pt-BR\",\"potentialAction\":[{\"@type\":\"ReadAction\",\"target\":[\"https:\/\/www.polisrecreio.com.br\/site\/2024\/01\/04\/eleicao-para-presidente-da-camara-de-recreio-nao-sera-mais-anual\/\"]}]},{\"@type\":\"Person\",\"@id\":\"https:\/\/www.polisrecreio.com.br\/site\/#\/schema\/person\/3363c1c78e1e28e1329d97adb387638e\",\"name\":\"Leonardo Ribeiro\",\"image\":{\"@type\":\"ImageObject\",\"@id\":\"https:\/\/www.polisrecreio.com.br\/site\/#personlogo\",\"inLanguage\":\"pt-BR\",\"url\":\"https:\/\/secure.gravatar.com\/avatar\/6ba92a37d621e1a83e23710251178a12?s=96&d=mm&r=g\",\"caption\":\"Leonardo Ribeiro\"},\"sameAs\":[\"http:\/\/www.polisrecreio.com.br\"]}]}<\/script>\n<!-- \/ Yoast SEO plugin. -->","_links":{"self":[{"href":"https:\/\/www.polisrecreio.com.br\/site\/wp-json\/wp\/v2\/posts\/26566"}],"collection":[{"href":"https:\/\/www.polisrecreio.com.br\/site\/wp-json\/wp\/v2\/posts"}],"about":[{"href":"https:\/\/www.polisrecreio.com.br\/site\/wp-json\/wp\/v2\/types\/post"}],"author":[{"embeddable":true,"href":"https:\/\/www.polisrecreio.com.br\/site\/wp-json\/wp\/v2\/users\/3"}],"replies":[{"embeddable":true,"href":"https:\/\/www.polisrecreio.com.br\/site\/wp-json\/wp\/v2\/comments?post=26566"}],"version-history":[{"count":4,"href":"https:\/\/www.polisrecreio.com.br\/site\/wp-json\/wp\/v2\/posts\/26566\/revisions"}],"predecessor-version":[{"id":26570,"href":"https:\/\/www.polisrecreio.com.br\/site\/wp-json\/wp\/v2\/posts\/26566\/revisions\/26570"}],"wp:attachment":[{"href":"https:\/\/www.polisrecreio.com.br\/site\/wp-json\/wp\/v2\/media?parent=26566"}],"wp:term":[{"taxonomy":"category","embeddable":true,"href":"https:\/\/www.polisrecreio.com.br\/site\/wp-json\/wp\/v2\/categories?post=26566"},{"taxonomy":"post_tag","embeddable":true,"href":"https:\/\/www.polisrecreio.com.br\/site\/wp-json\/wp\/v2\/tags?post=26566"}],"curies":[{"name":"wp","href":"https:\/\/api.w.org\/{rel}","templated":true}]}}